{"id":8327,"date":"2026-03-29T15:17:16","date_gmt":"2026-03-29T11:17:16","guid":{"rendered":"https:\/\/etab.ac-reunion.fr\/clg-hubert-delisle\/?p=8327"},"modified":"2026-03-29T15:17:17","modified_gmt":"2026-03-29T11:17:17","slug":"exposition-les-mathematiciennes-a-travers-les-siecles","status":"publish","type":"post","link":"https:\/\/etab.ac-reunion.fr\/clg-hubert-delisle\/exposition-les-mathematiciennes-a-travers-les-siecles\/","title":{"rendered":"Exposition \u00ab\u00a0Les Math\u00e9maticien(ne)s \u00e0 travers les si\u00e8cles\u00a0\u00bb"},"content":{"rendered":"","protected":false},"excerpt":{"rendered":"","protected":false},"author":116,"featured_media":8328,"comment_status":"closed","ping_status":"open","sticky":false,"template":"","format":"standard","meta":{"footnotes":""},"categories":[210,196],"tags":[],"class_list":["post-8327","post","type-post","status-publish","format-standard","has-post-thumbnail","hentry","category-expositions-2025-2026","category-projet-26-siecles-de-mathematiciennes-2021-2022"],"_links":{"self":[{"href":"https:\/\/etab.ac-reunion.fr\/clg-hubert-delisle\/wp-json\/wp\/v2\/posts\/8327","targetHints":{"allow":["GET"]}}],"collection":[{"href":"https:\/\/etab.ac-reunion.fr\/clg-hubert-delisle\/wp-json\/wp\/v2\/posts"}],"about":[{"href":"https:\/\/etab.ac-reunion.fr\/clg-hubert-delisle\/wp-json\/wp\/v2\/types\/post"}],"author":[{"embeddable":true,"href":"https:\/\/etab.ac-reunion.fr\/clg-hubert-delisle\/wp-json\/wp\/v2\/users\/116"}],"replies":[{"embeddable":true,"href":"https:\/\/etab.ac-reunion.fr\/clg-hubert-delisle\/wp-json\/wp\/v2\/comments?post=8327"}],"version-history":[{"count":1,"href":"https:\/\/etab.ac-reunion.fr\/clg-hubert-delisle\/wp-json\/wp\/v2\/posts\/8327\/revisions"}],"predecessor-version":[{"id":8329,"href":"https:\/\/etab.ac-reunion.fr\/clg-hubert-delisle\/wp-json\/wp\/v2\/posts\/8327\/revisions\/8329"}],"wp:featuredmedia":[{"embeddable":true,"href":"https:\/\/etab.ac-reunion.fr\/clg-hubert-delisle\/wp-json\/wp\/v2\/media\/8328"}],"wp:attachment":[{"href":"https:\/\/etab.ac-reunion.fr\/clg-hubert-delisle\/wp-json\/wp\/v2\/media?parent=8327"}],"wp:term":[{"taxonomy":"category","embeddable":true,"href":"https:\/\/etab.ac-reunion.fr\/clg-hubert-delisle\/wp-json\/wp\/v2\/categories?post=8327"},{"taxonomy":"post_tag","embeddable":true,"href":"https:\/\/etab.ac-reunion.fr\/clg-hubert-delisle\/wp-json\/wp\/v2\/tags?post=8327"}],"curies":[{"name":"wp","href":"https:\/\/api.w.org\/{rel}","templated":true}]}}