{"id":12371,"date":"2024-10-08T08:58:41","date_gmt":"2024-10-08T04:58:41","guid":{"rendered":"https:\/\/etab.ac-reunion.fr\/clg-jean-albany\/?p=12371"},"modified":"2024-10-08T08:58:41","modified_gmt":"2024-10-08T04:58:41","slug":"concours-prevention-routiere","status":"publish","type":"post","link":"https:\/\/etab.ac-reunion.fr\/clg-jean-albany\/concours-prevention-routiere\/","title":{"rendered":"CONCOURS PREVENTION ROUTIERE"},"content":{"rendered":"\n<p>Comme chaque ann\u00e9e un concours de dessin sur la th\u00e9matique : pr\u00e9vention s\u00e9curit\u00e9 routi\u00e8re s\u2019ouvre aux \u00e9l\u00e8ves !&nbsp;<\/p>\n\n\n\n<p>Vous avez jusqu\u2019au lundi 04 novembre pour r\u00e9aliser votre \u0153uvre !\u00a0<\/p>\n\n\n\n<p>Faites\u00a0preuve d\u2019originalit\u00e9!<\/p>\n\n\n\n<p>Peinture , crayons feutres , bien marquer les contours pour faire ressortir votre dessin , mettez des couleurs , des citations marquantes pour la pr\u00e9vention qui pourrait se faire sur les voitures trottinettes bus , personne \u00e0 pied \u00a0etc. et surtout bien marquer son nom pr\u00e9nom et classe.<\/p>\n\n\n\n<p>Vous \u00eates\u00a0libre du format et du support \u00a0(A3 ou poster).<\/p>\n\n\n\n<p>Des cadeaux \u00e0 la cl\u00e9 pour le meilleur dessin !<\/p>\n\n\n\n<figure class=\"wp-block-image size-full\"><a href=\"https:\/\/etab.ac-reunion.fr\/clg-jean-albany\/wp-content\/uploads\/sites\/70\/2024\/10\/CONCOURS-SECURITE-ROUTIERE.png\"><img loading=\"lazy\" decoding=\"async\" width=\"940\" height=\"788\" src=\"https:\/\/etab.ac-reunion.fr\/clg-jean-albany\/wp-content\/uploads\/sites\/70\/2024\/10\/CONCOURS-SECURITE-ROUTIERE.png\" alt=\"\" class=\"wp-image-12372\" srcset=\"https:\/\/etab.ac-reunion.fr\/clg-jean-albany\/wp-content\/uploads\/sites\/70\/2024\/10\/CONCOURS-SECURITE-ROUTIERE.png 940w, https:\/\/etab.ac-reunion.fr\/clg-jean-albany\/wp-content\/uploads\/sites\/70\/2024\/10\/CONCOURS-SECURITE-ROUTIERE-300x251.png 300w, https:\/\/etab.ac-reunion.fr\/clg-jean-albany\/wp-content\/uploads\/sites\/70\/2024\/10\/CONCOURS-SECURITE-ROUTIERE-768x644.png 768w, https:\/\/etab.ac-reunion.fr\/clg-jean-albany\/wp-content\/uploads\/sites\/70\/2024\/10\/CONCOURS-SECURITE-ROUTIERE-150x126.png 150w, https:\/\/etab.ac-reunion.fr\/clg-jean-albany\/wp-content\/uploads\/sites\/70\/2024\/10\/CONCOURS-SECURITE-ROUTIERE-334x280.png 334w\" sizes=\"auto, (max-width: 940px) 100vw, 940px\" \/><\/a><\/figure>\n<!-- AddThis Advanced Settings generic via filter on the_content --><!-- AddThis Share Buttons generic via filter on the_content -->","protected":false},"excerpt":{"rendered":"<p>Comme chaque ann\u00e9e un concours de dessin sur la th\u00e9matique : pr\u00e9vention s\u00e9curit\u00e9 routi\u00e8re s\u2019ouvre aux \u00e9l\u00e8ves !&nbsp; Vous avez jusqu\u2019au lundi 04 novembre pour r\u00e9aliser votre \u0153uvre !\u00a0 Faites\u00a0preuve d\u2019originalit\u00e9! Peinture , crayons feutres , bien marquer les contours pour faire ressortir votre dessin , mettez des couleurs ,&#8230;<!-- AddThis Advanced Settings generic via filter on get_the_excerpt --><!-- AddThis Share Buttons generic via filter on get_the_excerpt --><\/p>\n<p> <a class=\"continue-reading-link\" href=\"https:\/\/etab.ac-reunion.fr\/clg-jean-albany\/concours-prevention-routiere\/\"><span>Continuez \u00e0 lire &#8230;<\/span><i class=\"crycon-right-dir\"><\/i><\/a> <\/p>\n","protected":false},"author":27465,"featured_media":12373,"comment_status":"closed","ping_status":"closed","sticky":false,"template":"","format":"standard","meta":{"footnotes":"","_links_to":"","_links_to_target":""},"categories":[171,108,28],"tags":[],"class_list":["post-12371","post","type-post","status-publish","format-standard","has-post-thumbnail","hentry","category-espace-eleves","category-slide-slide","category-slide"],"_links":{"self":[{"href":"https:\/\/etab.ac-reunion.fr\/clg-jean-albany\/wp-json\/wp\/v2\/posts\/12371","targetHints":{"allow":["GET"]}}],"collection":[{"href":"https:\/\/etab.ac-reunion.fr\/clg-jean-albany\/wp-json\/wp\/v2\/posts"}],"about":[{"href":"https:\/\/etab.ac-reunion.fr\/clg-jean-albany\/wp-json\/wp\/v2\/types\/post"}],"author":[{"embeddable":true,"href":"https:\/\/etab.ac-reunion.fr\/clg-jean-albany\/wp-json\/wp\/v2\/users\/27465"}],"replies":[{"embeddable":true,"href":"https:\/\/etab.ac-reunion.fr\/clg-jean-albany\/wp-json\/wp\/v2\/comments?post=12371"}],"version-history":[{"count":1,"href":"https:\/\/etab.ac-reunion.fr\/clg-jean-albany\/wp-json\/wp\/v2\/posts\/12371\/revisions"}],"predecessor-version":[{"id":12374,"href":"https:\/\/etab.ac-reunion.fr\/clg-jean-albany\/wp-json\/wp\/v2\/posts\/12371\/revisions\/12374"}],"wp:featuredmedia":[{"embeddable":true,"href":"https:\/\/etab.ac-reunion.fr\/clg-jean-albany\/wp-json\/wp\/v2\/media\/12373"}],"wp:attachment":[{"href":"https:\/\/etab.ac-reunion.fr\/clg-jean-albany\/wp-json\/wp\/v2\/media?parent=12371"}],"wp:term":[{"taxonomy":"category","embeddable":true,"href":"https:\/\/etab.ac-reunion.fr\/clg-jean-albany\/wp-json\/wp\/v2\/categories?post=12371"},{"taxonomy":"post_tag","embeddable":true,"href":"https:\/\/etab.ac-reunion.fr\/clg-jean-albany\/wp-json\/wp\/v2\/tags?post=12371"}],"curies":[{"name":"wp","href":"https:\/\/api.w.org\/{rel}","templated":true}]}}