{"id":13184,"date":"2025-09-07T19:00:58","date_gmt":"2025-09-07T15:00:58","guid":{"rendered":"https:\/\/etab.ac-reunion.fr\/clg-jean-albany\/?p=13184"},"modified":"2025-09-07T19:02:47","modified_gmt":"2025-09-07T15:02:47","slug":"association-sportive-du-college","status":"publish","type":"post","link":"https:\/\/etab.ac-reunion.fr\/clg-jean-albany\/association-sportive-du-college\/","title":{"rendered":"Association Sportive du coll\u00e8ge"},"content":{"rendered":"\n<p class=\"has-cyan-bluish-gray-background-color has-background\">Chers \u00e9l\u00e8ves et parents, l&rsquo;Association Sportive du coll\u00e8ge propose en dehors du temps scolaire la possibilit\u00e9 de pratiquer une ou plusieurs activit\u00e9s physiques dans une ambiance conviviale.<br><strong>9 activit\u00e9s sont propos\u00e9es toutes anim\u00e9es par les enseignants d&rsquo;EPS du coll\u00e8ge.<br>15 cr\u00e9neaux horaires sont possibles&#8230;<\/strong><br> <br>Envie de vous d\u00e9penser, de partager un moment convivial, de faire de nouvelles connaissances, de vous \u00e9prouver physiquement, d&rsquo;am\u00e9liorer votre sant\u00e9 ou tout simplement de d\u00e9couvrir une ou plusieurs activit\u00e9s&#8230;<br>Alors n&rsquo;h\u00e9sitez pas, demandez des informations \u00e0 votre enseignant d&rsquo;EPS, remplissez la fiche d&rsquo;inscription en pi\u00e8ce jointe (vous pouvez \u00e9galement la demander \u00e0 votre enseignant si vous ne pouvez pas imprimer).<br> <br>L&rsquo;adh\u00e9sion est de trente euros avec la possibilit\u00e9 de participer \u00e0 plusieurs activit\u00e9s et cr\u00e9neaux.<br> <br>L&rsquo;Assembl\u00e9e g\u00e9n\u00e9rale de l&rsquo;association Sportive du coll\u00e8ge sous la pr\u00e9sidence de Mme Di Natale se d\u00e9roulera mercredi 10 septembre de 10h40 \u00e0 11h40 sur le forum. Nous attendons nombreux les licenci\u00e9s de l&rsquo;ann\u00e9e derni\u00e8re (2024-2025) qui souhaitent renouveler leur adh\u00e9sion ainsi que les nouveaux \u00e9l\u00e8ves de sixi\u00e8mes qui souhaiteraient avoir des informations sur le fonctionnement de l&rsquo;Association Sportive :<br> <br>Bilan de l&rsquo;ann\u00e9e \u00e9coul\u00e9e, organisation et perspective pour cette ann\u00e9e, renouvellement du bureau&#8230;<\/p>\n\n\n\n<p class=\"has-cyan-bluish-gray-background-color has-background\"><strong>D\u00e9marrage des activit\u00e9s d\u00e8s lundi 8 septembre.<\/strong><br> <br>Sportivement.<br> <br>S. Demure (secr\u00e9taire de l&rsquo;Association Sportive)<\/p>\n\n\n\n<div data-wp-interactive=\"core\/file\" class=\"wp-block-file\"><object data-wp-bind--hidden=\"!state.hasPdfPreview\" hidden class=\"wp-block-file__embed\" data=\"https:\/\/etab.ac-reunion.fr\/clg-jean-albany\/wp-content\/uploads\/sites\/70\/2025\/09\/fiche-inscription-AS.pdf\" type=\"application\/pdf\" style=\"width:100%;height:600px\" aria-label=\"Contenu embarqu\u00e9 fiche inscription AS.\"><\/object><a id=\"wp-block-file--media-422bbafa-360f-401e-887d-efa823746fa2\" href=\"https:\/\/etab.ac-reunion.fr\/clg-jean-albany\/wp-content\/uploads\/sites\/70\/2025\/09\/fiche-inscription-AS.pdf\">fiche inscription AS<\/a><a href=\"https:\/\/etab.ac-reunion.fr\/clg-jean-albany\/wp-content\/uploads\/sites\/70\/2025\/09\/fiche-inscription-AS.pdf\" class=\"wp-block-file__button wp-element-button\" download aria-describedby=\"wp-block-file--media-422bbafa-360f-401e-887d-efa823746fa2\">T\u00e9l\u00e9charger<\/a><\/div>\n<!-- AddThis Advanced Settings generic via filter on the_content --><!-- AddThis Share Buttons generic via filter on the_content -->","protected":false},"excerpt":{"rendered":"<p>Chers \u00e9l\u00e8ves et parents, l&rsquo;Association Sportive du coll\u00e8ge propose en dehors du temps scolaire la possibilit\u00e9 de pratiquer une ou plusieurs activit\u00e9s physiques dans une ambiance conviviale.9 activit\u00e9s sont propos\u00e9es toutes anim\u00e9es par les enseignants d&rsquo;EPS du coll\u00e8ge.15 cr\u00e9neaux horaires sont possibles&#8230; Envie de vous d\u00e9penser, de partager un moment&#8230;<!-- AddThis Advanced Settings generic via filter on get_the_excerpt --><!-- AddThis Share Buttons generic via filter on get_the_excerpt --><\/p>\n<p> <a class=\"continue-reading-link\" href=\"https:\/\/etab.ac-reunion.fr\/clg-jean-albany\/association-sportive-du-college\/\"><span>Continuez \u00e0 lire &#8230;<\/span><i class=\"crycon-right-dir\"><\/i><\/a> <\/p>\n","protected":false},"author":6520,"featured_media":0,"comment_status":"closed","ping_status":"closed","sticky":false,"template":"","format":"standard","meta":{"footnotes":"","_links_to":"","_links_to_target":""},"categories":[6,1],"tags":[255,113],"class_list":["post-13184","post","type-post","status-publish","format-standard","hentry","category-association-sportive","category-non-classe","tag-as","tag-association-sportive"],"_links":{"self":[{"href":"https:\/\/etab.ac-reunion.fr\/clg-jean-albany\/wp-json\/wp\/v2\/posts\/13184","targetHints":{"allow":["GET"]}}],"collection":[{"href":"https:\/\/etab.ac-reunion.fr\/clg-jean-albany\/wp-json\/wp\/v2\/posts"}],"about":[{"href":"https:\/\/etab.ac-reunion.fr\/clg-jean-albany\/wp-json\/wp\/v2\/types\/post"}],"author":[{"embeddable":true,"href":"https:\/\/etab.ac-reunion.fr\/clg-jean-albany\/wp-json\/wp\/v2\/users\/6520"}],"replies":[{"embeddable":true,"href":"https:\/\/etab.ac-reunion.fr\/clg-jean-albany\/wp-json\/wp\/v2\/comments?post=13184"}],"version-history":[{"count":3,"href":"https:\/\/etab.ac-reunion.fr\/clg-jean-albany\/wp-json\/wp\/v2\/posts\/13184\/revisions"}],"predecessor-version":[{"id":13245,"href":"https:\/\/etab.ac-reunion.fr\/clg-jean-albany\/wp-json\/wp\/v2\/posts\/13184\/revisions\/13245"}],"wp:attachment":[{"href":"https:\/\/etab.ac-reunion.fr\/clg-jean-albany\/wp-json\/wp\/v2\/media?parent=13184"}],"wp:term":[{"taxonomy":"category","embeddable":true,"href":"https:\/\/etab.ac-reunion.fr\/clg-jean-albany\/wp-json\/wp\/v2\/categories?post=13184"},{"taxonomy":"post_tag","embeddable":true,"href":"https:\/\/etab.ac-reunion.fr\/clg-jean-albany\/wp-json\/wp\/v2\/tags?post=13184"}],"curies":[{"name":"wp","href":"https:\/\/api.w.org\/{rel}","templated":true}]}}