{"id":13870,"date":"2026-03-29T23:00:24","date_gmt":"2026-03-29T19:00:24","guid":{"rendered":"https:\/\/etab.ac-reunion.fr\/clg-jean-albany\/?p=13870"},"modified":"2026-03-29T23:00:25","modified_gmt":"2026-03-29T19:00:25","slug":"visite-enrichissante-de-la-gendarmerie-pour-les-eleves-de-3e-defense","status":"publish","type":"post","link":"https:\/\/etab.ac-reunion.fr\/clg-jean-albany\/visite-enrichissante-de-la-gendarmerie-pour-les-eleves-de-3e-defense\/","title":{"rendered":"Visite enrichissante de la gendarmerie pour les \u00e9l\u00e8ves de 3e D\u00e9fense"},"content":{"rendered":"\n<p>Dans le cadre de leur parcours citoyen et de leur engagement au sein de la classe de 3e D\u00e9fense, les \u00e9l\u00e8ves ont eu l\u2019opportunit\u00e9 de d\u00e9couvrir de pr\u00e8s le fonctionnement de la gendarmerie de La Possession lors d\u2019une visite organis\u00e9e ce jeudi 26 mars 2026.<\/p>\n\n\n\n<p>Accueillis chaleureusement par les gendarmes, les \u00e9l\u00e8ves ont tout d\u2019abord \u00e9t\u00e9 convi\u00e9s \u00e0 assister \u00e0 une c\u00e9r\u00e9monie d\u2019inspection. Ce moment solennel leur a permis de mieux comprendre les valeurs de rigueur, de discipline et de coh\u00e9sion qui structurent le travail des forces de l\u2019ordre. Trois gendarmes ont re\u00e7u r\u00e9compense et lettres de f\u00e9licitations pour services exceptionnels. &nbsp;Pour conclure ce moment solennel dans une ambiance conviviale, un pot de l\u2019amiti\u00e9 est propos\u00e9.<\/p>\n\n\n\n<p>La visite s\u2019est poursuivie par une d\u00e9couverte des locaux de la brigade. Les \u00e9l\u00e8ves ont ainsi pu explorer les diff\u00e9rents espaces de travail et appr\u00e9hender le quotidien des gendarmes. Une pr\u00e9sentation d\u00e9taill\u00e9e des \u00e9quipements a \u00e9galement \u00e9t\u00e9 propos\u00e9e : v\u00e9hicules d\u2019intervention, mat\u00e9riel de protection et outils utilis\u00e9s lors des missions ont suscit\u00e9 un vif int\u00e9r\u00eat et de nombreuses questions.<\/p>\n\n\n\n<p>Tr\u00e8s attentifs, les \u00e9l\u00e8ves ont \u00e9chang\u00e9 avec les professionnels pr\u00e9sents, qui ont pris le temps de partager leur exp\u00e9rience et de r\u00e9pondre avec p\u00e9dagogie aux interrogations. Cette immersion concr\u00e8te a permis aux jeunes de mieux saisir les enjeux du m\u00e9tier et les responsabilit\u00e9s que cela implique.<\/p>\n\n\n\n<p>Cette visite, \u00e0 la fois instructive et inspirante, restera sans nul doute un moment marquant dans le parcours des \u00e9l\u00e8ves de 3e D\u00e9fense, renfor\u00e7ant leur compr\u00e9hension des institutions et leur engagement citoyen.<\/p>\n\n\n\n<figure class=\"wp-block-gallery has-nested-images columns-default is-cropped wp-block-gallery-1 is-layout-flex wp-block-gallery-is-layout-flex\">\n<figure class=\"wp-block-image size-large\"><a href=\"https:\/\/etab.ac-reunion.fr\/clg-jean-albany\/wp-content\/uploads\/sites\/70\/2026\/03\/IMG_4938-rotated.jpeg\"><img loading=\"lazy\" decoding=\"async\" width=\"480\" height=\"640\" data-id=\"13878\" src=\"https:\/\/etab.ac-reunion.fr\/clg-jean-albany\/wp-content\/uploads\/sites\/70\/2026\/03\/IMG_4938-rotated.jpeg\" alt=\"\" class=\"wp-image-13878\" srcset=\"https:\/\/etab.ac-reunion.fr\/clg-jean-albany\/wp-content\/uploads\/sites\/70\/2026\/03\/IMG_4938-rotated.jpeg 480w, https:\/\/etab.ac-reunion.fr\/clg-jean-albany\/wp-content\/uploads\/sites\/70\/2026\/03\/IMG_4938-225x300.jpeg 225w, https:\/\/etab.ac-reunion.fr\/clg-jean-albany\/wp-content\/uploads\/sites\/70\/2026\/03\/IMG_4938-113x150.jpeg 113w, https:\/\/etab.ac-reunion.fr\/clg-jean-albany\/wp-content\/uploads\/sites\/70\/2026\/03\/IMG_4938-210x280.jpeg 210w\" sizes=\"auto, (max-width: 480px) 100vw, 480px\" \/><\/a><\/figure>\n\n\n\n<figure class=\"wp-block-image size-large\"><a href=\"https:\/\/etab.ac-reunion.fr\/clg-jean-albany\/wp-content\/uploads\/sites\/70\/2026\/03\/IMG_4942-rotated.jpeg\"><img loading=\"lazy\" decoding=\"async\" width=\"480\" height=\"640\" data-id=\"13876\" src=\"https:\/\/etab.ac-reunion.fr\/clg-jean-albany\/wp-content\/uploads\/sites\/70\/2026\/03\/IMG_4942-rotated.jpeg\" alt=\"\" class=\"wp-image-13876\" srcset=\"https:\/\/etab.ac-reunion.fr\/clg-jean-albany\/wp-content\/uploads\/sites\/70\/2026\/03\/IMG_4942-rotated.jpeg 480w, https:\/\/etab.ac-reunion.fr\/clg-jean-albany\/wp-content\/uploads\/sites\/70\/2026\/03\/IMG_4942-225x300.jpeg 225w, https:\/\/etab.ac-reunion.fr\/clg-jean-albany\/wp-content\/uploads\/sites\/70\/2026\/03\/IMG_4942-113x150.jpeg 113w, https:\/\/etab.ac-reunion.fr\/clg-jean-albany\/wp-content\/uploads\/sites\/70\/2026\/03\/IMG_4942-210x280.jpeg 210w\" sizes=\"auto, (max-width: 480px) 100vw, 480px\" \/><\/a><\/figure>\n\n\n\n<figure class=\"wp-block-image size-large\"><a href=\"https:\/\/etab.ac-reunion.fr\/clg-jean-albany\/wp-content\/uploads\/sites\/70\/2026\/03\/IMG_4945-rotated.jpeg\"><img loading=\"lazy\" decoding=\"async\" width=\"480\" height=\"640\" data-id=\"13871\" src=\"https:\/\/etab.ac-reunion.fr\/clg-jean-albany\/wp-content\/uploads\/sites\/70\/2026\/03\/IMG_4945-rotated.jpeg\" alt=\"\" class=\"wp-image-13871\" srcset=\"https:\/\/etab.ac-reunion.fr\/clg-jean-albany\/wp-content\/uploads\/sites\/70\/2026\/03\/IMG_4945-rotated.jpeg 480w, https:\/\/etab.ac-reunion.fr\/clg-jean-albany\/wp-content\/uploads\/sites\/70\/2026\/03\/IMG_4945-225x300.jpeg 225w, https:\/\/etab.ac-reunion.fr\/clg-jean-albany\/wp-content\/uploads\/sites\/70\/2026\/03\/IMG_4945-113x150.jpeg 113w, https:\/\/etab.ac-reunion.fr\/clg-jean-albany\/wp-content\/uploads\/sites\/70\/2026\/03\/IMG_4945-210x280.jpeg 210w\" sizes=\"auto, (max-width: 480px) 100vw, 480px\" \/><\/a><\/figure>\n\n\n\n<figure class=\"wp-block-image size-large\"><a href=\"https:\/\/etab.ac-reunion.fr\/clg-jean-albany\/wp-content\/uploads\/sites\/70\/2026\/03\/IMG_4950-rotated.jpeg\"><img loading=\"lazy\" decoding=\"async\" width=\"480\" height=\"640\" data-id=\"13873\" src=\"https:\/\/etab.ac-reunion.fr\/clg-jean-albany\/wp-content\/uploads\/sites\/70\/2026\/03\/IMG_4950-rotated.jpeg\" alt=\"\" class=\"wp-image-13873\" srcset=\"https:\/\/etab.ac-reunion.fr\/clg-jean-albany\/wp-content\/uploads\/sites\/70\/2026\/03\/IMG_4950-rotated.jpeg 480w, https:\/\/etab.ac-reunion.fr\/clg-jean-albany\/wp-content\/uploads\/sites\/70\/2026\/03\/IMG_4950-225x300.jpeg 225w, https:\/\/etab.ac-reunion.fr\/clg-jean-albany\/wp-content\/uploads\/sites\/70\/2026\/03\/IMG_4950-113x150.jpeg 113w, https:\/\/etab.ac-reunion.fr\/clg-jean-albany\/wp-content\/uploads\/sites\/70\/2026\/03\/IMG_4950-210x280.jpeg 210w\" sizes=\"auto, (max-width: 480px) 100vw, 480px\" \/><\/a><\/figure>\n\n\n\n<figure class=\"wp-block-image size-large\"><a href=\"https:\/\/etab.ac-reunion.fr\/clg-jean-albany\/wp-content\/uploads\/sites\/70\/2026\/03\/IMG_4970-rotated.jpeg\"><img loading=\"lazy\" decoding=\"async\" width=\"480\" height=\"640\" data-id=\"13872\" src=\"https:\/\/etab.ac-reunion.fr\/clg-jean-albany\/wp-content\/uploads\/sites\/70\/2026\/03\/IMG_4970-rotated.jpeg\" alt=\"\" class=\"wp-image-13872\" srcset=\"https:\/\/etab.ac-reunion.fr\/clg-jean-albany\/wp-content\/uploads\/sites\/70\/2026\/03\/IMG_4970-rotated.jpeg 480w, https:\/\/etab.ac-reunion.fr\/clg-jean-albany\/wp-content\/uploads\/sites\/70\/2026\/03\/IMG_4970-225x300.jpeg 225w, https:\/\/etab.ac-reunion.fr\/clg-jean-albany\/wp-content\/uploads\/sites\/70\/2026\/03\/IMG_4970-113x150.jpeg 113w, https:\/\/etab.ac-reunion.fr\/clg-jean-albany\/wp-content\/uploads\/sites\/70\/2026\/03\/IMG_4970-210x280.jpeg 210w\" sizes=\"auto, (max-width: 480px) 100vw, 480px\" \/><\/a><\/figure>\n\n\n\n<figure class=\"wp-block-image size-large\"><a href=\"https:\/\/etab.ac-reunion.fr\/clg-jean-albany\/wp-content\/uploads\/sites\/70\/2026\/03\/IMG_4974-rotated.jpeg\"><img loading=\"lazy\" decoding=\"async\" width=\"480\" height=\"640\" data-id=\"13875\" src=\"https:\/\/etab.ac-reunion.fr\/clg-jean-albany\/wp-content\/uploads\/sites\/70\/2026\/03\/IMG_4974-rotated.jpeg\" alt=\"\" class=\"wp-image-13875\" srcset=\"https:\/\/etab.ac-reunion.fr\/clg-jean-albany\/wp-content\/uploads\/sites\/70\/2026\/03\/IMG_4974-rotated.jpeg 480w, https:\/\/etab.ac-reunion.fr\/clg-jean-albany\/wp-content\/uploads\/sites\/70\/2026\/03\/IMG_4974-225x300.jpeg 225w, https:\/\/etab.ac-reunion.fr\/clg-jean-albany\/wp-content\/uploads\/sites\/70\/2026\/03\/IMG_4974-113x150.jpeg 113w, https:\/\/etab.ac-reunion.fr\/clg-jean-albany\/wp-content\/uploads\/sites\/70\/2026\/03\/IMG_4974-210x280.jpeg 210w\" sizes=\"auto, (max-width: 480px) 100vw, 480px\" \/><\/a><\/figure>\n\n\n\n<figure class=\"wp-block-image size-large\"><a href=\"https:\/\/etab.ac-reunion.fr\/clg-jean-albany\/wp-content\/uploads\/sites\/70\/2026\/03\/IMG_4979-rotated.jpeg\"><img loading=\"lazy\" decoding=\"async\" width=\"480\" height=\"640\" data-id=\"13874\" src=\"https:\/\/etab.ac-reunion.fr\/clg-jean-albany\/wp-content\/uploads\/sites\/70\/2026\/03\/IMG_4979-rotated.jpeg\" alt=\"\" class=\"wp-image-13874\" srcset=\"https:\/\/etab.ac-reunion.fr\/clg-jean-albany\/wp-content\/uploads\/sites\/70\/2026\/03\/IMG_4979-rotated.jpeg 480w, https:\/\/etab.ac-reunion.fr\/clg-jean-albany\/wp-content\/uploads\/sites\/70\/2026\/03\/IMG_4979-225x300.jpeg 225w, https:\/\/etab.ac-reunion.fr\/clg-jean-albany\/wp-content\/uploads\/sites\/70\/2026\/03\/IMG_4979-113x150.jpeg 113w, https:\/\/etab.ac-reunion.fr\/clg-jean-albany\/wp-content\/uploads\/sites\/70\/2026\/03\/IMG_4979-210x280.jpeg 210w\" sizes=\"auto, (max-width: 480px) 100vw, 480px\" \/><\/a><\/figure>\n\n\n\n<figure class=\"wp-block-image size-large\"><a href=\"https:\/\/etab.ac-reunion.fr\/clg-jean-albany\/wp-content\/uploads\/sites\/70\/2026\/03\/IMG_4988.jpeg\"><img loading=\"lazy\" decoding=\"async\" width=\"640\" height=\"480\" data-id=\"13877\" src=\"https:\/\/etab.ac-reunion.fr\/clg-jean-albany\/wp-content\/uploads\/sites\/70\/2026\/03\/IMG_4988.jpeg\" alt=\"\" class=\"wp-image-13877\" srcset=\"https:\/\/etab.ac-reunion.fr\/clg-jean-albany\/wp-content\/uploads\/sites\/70\/2026\/03\/IMG_4988.jpeg 640w, https:\/\/etab.ac-reunion.fr\/clg-jean-albany\/wp-content\/uploads\/sites\/70\/2026\/03\/IMG_4988-300x225.jpeg 300w, https:\/\/etab.ac-reunion.fr\/clg-jean-albany\/wp-content\/uploads\/sites\/70\/2026\/03\/IMG_4988-150x113.jpeg 150w, https:\/\/etab.ac-reunion.fr\/clg-jean-albany\/wp-content\/uploads\/sites\/70\/2026\/03\/IMG_4988-350x263.jpeg 350w\" sizes=\"auto, (max-width: 640px) 100vw, 640px\" \/><\/a><\/figure>\n\n\n\n<figure class=\"wp-block-image size-large\"><a href=\"https:\/\/etab.ac-reunion.fr\/clg-jean-albany\/wp-content\/uploads\/sites\/70\/2026\/03\/IMG_4992-rotated.jpeg\"><img loading=\"lazy\" decoding=\"async\" width=\"480\" height=\"640\" data-id=\"13879\" src=\"https:\/\/etab.ac-reunion.fr\/clg-jean-albany\/wp-content\/uploads\/sites\/70\/2026\/03\/IMG_4992-rotated.jpeg\" alt=\"\" class=\"wp-image-13879\" srcset=\"https:\/\/etab.ac-reunion.fr\/clg-jean-albany\/wp-content\/uploads\/sites\/70\/2026\/03\/IMG_4992-rotated.jpeg 480w, https:\/\/etab.ac-reunion.fr\/clg-jean-albany\/wp-content\/uploads\/sites\/70\/2026\/03\/IMG_4992-225x300.jpeg 225w, https:\/\/etab.ac-reunion.fr\/clg-jean-albany\/wp-content\/uploads\/sites\/70\/2026\/03\/IMG_4992-113x150.jpeg 113w, https:\/\/etab.ac-reunion.fr\/clg-jean-albany\/wp-content\/uploads\/sites\/70\/2026\/03\/IMG_4992-210x280.jpeg 210w\" sizes=\"auto, (max-width: 480px) 100vw, 480px\" \/><\/a><\/figure>\n<\/figure>\n<!-- AddThis Advanced Settings generic via filter on the_content --><!-- AddThis Share Buttons generic via filter on the_content -->","protected":false},"excerpt":{"rendered":"<p>Dans le cadre de leur parcours citoyen et de leur engagement au sein de la classe de 3e D\u00e9fense, les \u00e9l\u00e8ves ont eu l\u2019opportunit\u00e9 de d\u00e9couvrir de pr\u00e8s le fonctionnement de la gendarmerie de La Possession lors d\u2019une visite organis\u00e9e ce jeudi 26 mars 2026. Accueillis chaleureusement par les gendarmes,&#8230;<!-- AddThis Advanced Settings generic via filter on get_the_excerpt --><!-- AddThis Share Buttons generic via filter on get_the_excerpt --><\/p>\n<p> <a class=\"continue-reading-link\" href=\"https:\/\/etab.ac-reunion.fr\/clg-jean-albany\/visite-enrichissante-de-la-gendarmerie-pour-les-eleves-de-3e-defense\/\"><span>Continuez \u00e0 lire &#8230;<\/span><i class=\"crycon-right-dir\"><\/i><\/a> <\/p>\n","protected":false},"author":18176,"featured_media":0,"comment_status":"closed","ping_status":"closed","sticky":false,"template":"","format":"standard","meta":{"footnotes":"","_links_to":"","_links_to_target":""},"categories":[102,108,28],"tags":[],"class_list":["post-13870","post","type-post","status-publish","format-standard","hentry","category-classe-defense","category-slide-slide","category-slide"],"_links":{"self":[{"href":"https:\/\/etab.ac-reunion.fr\/clg-jean-albany\/wp-json\/wp\/v2\/posts\/13870","targetHints":{"allow":["GET"]}}],"collection":[{"href":"https:\/\/etab.ac-reunion.fr\/clg-jean-albany\/wp-json\/wp\/v2\/posts"}],"about":[{"href":"https:\/\/etab.ac-reunion.fr\/clg-jean-albany\/wp-json\/wp\/v2\/types\/post"}],"author":[{"embeddable":true,"href":"https:\/\/etab.ac-reunion.fr\/clg-jean-albany\/wp-json\/wp\/v2\/users\/18176"}],"replies":[{"embeddable":true,"href":"https:\/\/etab.ac-reunion.fr\/clg-jean-albany\/wp-json\/wp\/v2\/comments?post=13870"}],"version-history":[{"count":1,"href":"https:\/\/etab.ac-reunion.fr\/clg-jean-albany\/wp-json\/wp\/v2\/posts\/13870\/revisions"}],"predecessor-version":[{"id":13880,"href":"https:\/\/etab.ac-reunion.fr\/clg-jean-albany\/wp-json\/wp\/v2\/posts\/13870\/revisions\/13880"}],"wp:attachment":[{"href":"https:\/\/etab.ac-reunion.fr\/clg-jean-albany\/wp-json\/wp\/v2\/media?parent=13870"}],"wp:term":[{"taxonomy":"category","embeddable":true,"href":"https:\/\/etab.ac-reunion.fr\/clg-jean-albany\/wp-json\/wp\/v2\/categories?post=13870"},{"taxonomy":"post_tag","embeddable":true,"href":"https:\/\/etab.ac-reunion.fr\/clg-jean-albany\/wp-json\/wp\/v2\/tags?post=13870"}],"curies":[{"name":"wp","href":"https:\/\/api.w.org\/{rel}","templated":true}]}}