{"id":13993,"date":"2026-04-30T09:34:22","date_gmt":"2026-04-30T05:34:22","guid":{"rendered":"https:\/\/etab.ac-reunion.fr\/clg-jean-albany\/?p=13993"},"modified":"2026-04-30T09:34:22","modified_gmt":"2026-04-30T05:34:22","slug":"certifications-pix-du-18-au-22-mai-2026","status":"publish","type":"post","link":"https:\/\/etab.ac-reunion.fr\/clg-jean-albany\/certifications-pix-du-18-au-22-mai-2026\/","title":{"rendered":"CERTIFICATIONS PIX DU 18 AU 22 MAI 2026"},"content":{"rendered":"\n<p>Bonjour ,<\/p>\n\n\n\n<p>au retour des vacances de Mai tous les \u00e9l\u00e8ves de troisi\u00e8me passent leur certification PIX (Emploi du temps sur PRONOTE)<\/p>\n\n\n\n<p>Ci apr\u00e8s toutes les informations concernant les passations.<\/p>\n\n\n\n<p>A noter que pour acc\u00e9der \u00e0 PIX vous passez par votre ENT puis mes RESSOURCES (et non pas avec un identifiant et un mot de passe sur le site de PIX)<\/p>\n\n\n<a href=\"https:\/\/etab.ac-reunion.fr\/clg-jean-albany\/wp-content\/uploads\/sites\/70\/2026\/04\/Fiche-information-aux-candidats_Octobre-2025.pdf\" class=\"pdfemb-viewer\" style=\"\" data-width=\"max\" data-height=\"max\" data-toolbar=\"bottom\" data-toolbar-fixed=\"off\">Fiche-information-aux-candidats_Octobre-2025<\/a><!-- AddThis Advanced Settings generic via filter on the_content --><!-- AddThis Share Buttons generic via filter on the_content -->","protected":false},"excerpt":{"rendered":"<p>Bonjour , au retour des vacances de Mai tous les \u00e9l\u00e8ves de troisi\u00e8me passent leur certification PIX (Emploi du temps sur PRONOTE) Ci apr\u00e8s toutes les informations concernant les passations. A noter que pour acc\u00e9der \u00e0 PIX vous passez par votre ENT puis mes RESSOURCES (et non pas avec un&#8230;<!-- AddThis Advanced Settings generic via filter on get_the_excerpt --><!-- AddThis Share Buttons generic via filter on get_the_excerpt --><\/p>\n<p> <a class=\"continue-reading-link\" href=\"https:\/\/etab.ac-reunion.fr\/clg-jean-albany\/certifications-pix-du-18-au-22-mai-2026\/\"><span>Continuez \u00e0 lire &#8230;<\/span><i class=\"crycon-right-dir\"><\/i><\/a> <\/p>\n","protected":false},"author":27465,"featured_media":13995,"comment_status":"closed","ping_status":"closed","sticky":false,"template":"","format":"standard","meta":{"footnotes":"","_links_to":"","_links_to_target":""},"categories":[202,18,28,108],"tags":[],"class_list":["post-13993","post","type-post","status-publish","format-standard","has-post-thumbnail","hentry","category-3eme","category-actualite","category-slide","category-slide-slide"],"_links":{"self":[{"href":"https:\/\/etab.ac-reunion.fr\/clg-jean-albany\/wp-json\/wp\/v2\/posts\/13993","targetHints":{"allow":["GET"]}}],"collection":[{"href":"https:\/\/etab.ac-reunion.fr\/clg-jean-albany\/wp-json\/wp\/v2\/posts"}],"about":[{"href":"https:\/\/etab.ac-reunion.fr\/clg-jean-albany\/wp-json\/wp\/v2\/types\/post"}],"author":[{"embeddable":true,"href":"https:\/\/etab.ac-reunion.fr\/clg-jean-albany\/wp-json\/wp\/v2\/users\/27465"}],"replies":[{"embeddable":true,"href":"https:\/\/etab.ac-reunion.fr\/clg-jean-albany\/wp-json\/wp\/v2\/comments?post=13993"}],"version-history":[{"count":1,"href":"https:\/\/etab.ac-reunion.fr\/clg-jean-albany\/wp-json\/wp\/v2\/posts\/13993\/revisions"}],"predecessor-version":[{"id":13996,"href":"https:\/\/etab.ac-reunion.fr\/clg-jean-albany\/wp-json\/wp\/v2\/posts\/13993\/revisions\/13996"}],"wp:featuredmedia":[{"embeddable":true,"href":"https:\/\/etab.ac-reunion.fr\/clg-jean-albany\/wp-json\/wp\/v2\/media\/13995"}],"wp:attachment":[{"href":"https:\/\/etab.ac-reunion.fr\/clg-jean-albany\/wp-json\/wp\/v2\/media?parent=13993"}],"wp:term":[{"taxonomy":"category","embeddable":true,"href":"https:\/\/etab.ac-reunion.fr\/clg-jean-albany\/wp-json\/wp\/v2\/categories?post=13993"},{"taxonomy":"post_tag","embeddable":true,"href":"https:\/\/etab.ac-reunion.fr\/clg-jean-albany\/wp-json\/wp\/v2\/tags?post=13993"}],"curies":[{"name":"wp","href":"https:\/\/api.w.org\/{rel}","templated":true}]}}