{"id":4089,"date":"2022-04-02T11:13:42","date_gmt":"2022-04-02T07:13:42","guid":{"rendered":"http:\/\/college-jean-desme.ac-reunion.fr\/?p=4089"},"modified":"2023-04-18T17:30:57","modified_gmt":"2023-04-18T13:30:57","slug":"nouvelles-de-la-ruche-pedagogique","status":"publish","type":"post","link":"https:\/\/etab.ac-reunion.fr\/clg-jean-desme\/nouvelles-de-la-ruche-pedagogique\/","title":{"rendered":"Nouvelles de la ruche p\u00e9dagogique"},"content":{"rendered":"\n<p>Depuis l&rsquo;installation des deux ruches au coll\u00e8ge en novembre 2021, les abeilles de Jean d&rsquo;Esme ont tellement bien travaill\u00e9 qu&rsquo;elles commen\u00e7aient \u00e0 \u00eatre \u00e0 l&rsquo;\u00e9troit dans leur habitation.<\/p>\n\n\n\n<p>Plusieurs hausses ont \u00e9t\u00e9 install\u00e9es pour le bien-\u00eatre de nos petites amies qui nous pr\u00e9parent des kilos de miel.<\/p>\n\n\n\n<p>C&rsquo;est normal, me diriez-vous, elles re\u00e7oivent de tr\u00e8s bons soins par l&rsquo;apiculteur Romain du Jardin des Kiosques et elles sont chouchout\u00e9es par les \u00e9l\u00e8ves.<\/p>\n\n\n\n<figure class=\"wp-block-gallery has-nested-images columns-default is-cropped wp-block-gallery-1 is-layout-flex wp-block-gallery-is-layout-flex\">\n<figure class=\"wp-block-image size-large\"><img loading=\"lazy\" decoding=\"async\" width=\"768\" height=\"1024\" data-id=\"4093\" src=\"https:\/\/etab.ac-reunion.fr\/clg-jean-desme\/wp-content\/uploads\/sites\/46\/2022\/04\/4d7cdf61-7a87-4ea0-92f3-31310e485569-768x1024.jpg\" alt=\"\" class=\"wp-image-4093\" srcset=\"https:\/\/etab.ac-reunion.fr\/clg-jean-desme\/wp-content\/uploads\/sites\/46\/2022\/04\/4d7cdf61-7a87-4ea0-92f3-31310e485569-768x1024.jpg 768w, https:\/\/etab.ac-reunion.fr\/clg-jean-desme\/wp-content\/uploads\/sites\/46\/2022\/04\/4d7cdf61-7a87-4ea0-92f3-31310e485569-480x640.jpg 480w\" sizes=\"(min-width: 0px) and (max-width: 480px) 480px, (min-width: 481px) 768px, 100vw\" \/><\/figure>\n\n\n\n<figure class=\"wp-block-image size-large\"><img loading=\"lazy\" decoding=\"async\" width=\"768\" height=\"1024\" data-id=\"4094\" src=\"https:\/\/etab.ac-reunion.fr\/clg-jean-desme\/wp-content\/uploads\/sites\/46\/2022\/04\/93d9508a-5e22-405d-9988-71c2982d83ca-768x1024.jpg\" alt=\"\" class=\"wp-image-4094\" srcset=\"https:\/\/etab.ac-reunion.fr\/clg-jean-desme\/wp-content\/uploads\/sites\/46\/2022\/04\/93d9508a-5e22-405d-9988-71c2982d83ca-768x1024.jpg 768w, https:\/\/etab.ac-reunion.fr\/clg-jean-desme\/wp-content\/uploads\/sites\/46\/2022\/04\/93d9508a-5e22-405d-9988-71c2982d83ca-480x640.jpg 480w\" sizes=\"(min-width: 0px) and (max-width: 480px) 480px, (min-width: 481px) 768px, 100vw\" \/><\/figure>\n\n\n\n<figure class=\"wp-block-image size-large\"><img loading=\"lazy\" decoding=\"async\" width=\"444\" height=\"640\" data-id=\"4091\" src=\"https:\/\/etab.ac-reunion.fr\/clg-jean-desme\/wp-content\/uploads\/sites\/46\/2022\/04\/IMG_7759.jpg\" alt=\"\" class=\"wp-image-4091\" srcset=\"https:\/\/etab.ac-reunion.fr\/clg-jean-desme\/wp-content\/uploads\/sites\/46\/2022\/04\/IMG_7759.jpg 444w, https:\/\/etab.ac-reunion.fr\/clg-jean-desme\/wp-content\/uploads\/sites\/46\/2022\/04\/IMG_7759-208x300.jpg 208w\" sizes=\"(max-width: 444px) 100vw, 444px\" \/><\/figure>\n\n\n\n<figure class=\"wp-block-image size-large\"><img loading=\"lazy\" decoding=\"async\" width=\"576\" height=\"1024\" data-id=\"4092\" src=\"https:\/\/etab.ac-reunion.fr\/clg-jean-desme\/wp-content\/uploads\/sites\/46\/2022\/04\/IMG_7760-576x1024.jpg\" alt=\"\" class=\"wp-image-4092\" srcset=\"https:\/\/etab.ac-reunion.fr\/clg-jean-desme\/wp-content\/uploads\/sites\/46\/2022\/04\/IMG_7760-576x1024.jpg 576w, https:\/\/etab.ac-reunion.fr\/clg-jean-desme\/wp-content\/uploads\/sites\/46\/2022\/04\/IMG_7760-480x853.jpg 480w\" sizes=\"(min-width: 0px) and (max-width: 480px) 480px, (min-width: 481px) 576px, 100vw\" \/><\/figure>\n\n\n\n<figure class=\"wp-block-image size-large\"><img loading=\"lazy\" decoding=\"async\" width=\"576\" height=\"1024\" data-id=\"4096\" src=\"https:\/\/etab.ac-reunion.fr\/clg-jean-desme\/wp-content\/uploads\/sites\/46\/2022\/04\/IMG_7761-576x1024.jpg\" alt=\"\" class=\"wp-image-4096\" srcset=\"https:\/\/etab.ac-reunion.fr\/clg-jean-desme\/wp-content\/uploads\/sites\/46\/2022\/04\/IMG_7761-576x1024.jpg 576w, https:\/\/etab.ac-reunion.fr\/clg-jean-desme\/wp-content\/uploads\/sites\/46\/2022\/04\/IMG_7761-480x853.jpg 480w\" sizes=\"(min-width: 0px) and (max-width: 480px) 480px, (min-width: 481px) 576px, 100vw\" \/><\/figure>\n\n\n\n<figure class=\"wp-block-image size-large\"><img loading=\"lazy\" decoding=\"async\" width=\"576\" height=\"1024\" data-id=\"4095\" src=\"https:\/\/etab.ac-reunion.fr\/clg-jean-desme\/wp-content\/uploads\/sites\/46\/2022\/04\/IMG_7762-576x1024.jpg\" alt=\"\" class=\"wp-image-4095\" srcset=\"https:\/\/etab.ac-reunion.fr\/clg-jean-desme\/wp-content\/uploads\/sites\/46\/2022\/04\/IMG_7762-576x1024.jpg 576w, https:\/\/etab.ac-reunion.fr\/clg-jean-desme\/wp-content\/uploads\/sites\/46\/2022\/04\/IMG_7762-480x853.jpg 480w\" sizes=\"(min-width: 0px) and (max-width: 480px) 480px, (min-width: 481px) 576px, 100vw\" \/><\/figure>\n<\/figure>\n\n\n\n<p><\/p>\n","protected":false},"excerpt":{"rendered":"<p>Depuis l&rsquo;installation des deux ruches au coll\u00e8ge en novembre 2021, les abeilles de Jean d&rsquo;Esme ont tellement bien travaill\u00e9 qu&rsquo;elles commen\u00e7aient \u00e0 \u00eatre \u00e0 l&rsquo;\u00e9troit dans leur habitation. Plusieurs hausses ont \u00e9t\u00e9 install\u00e9es pour le bien-\u00eatre de nos petites amies qui nous pr\u00e9parent des kilos de miel. C&rsquo;est normal, me diriez-vous, elles re\u00e7oivent de tr\u00e8s [&hellip;]<\/p>\n","protected":false},"author":7347,"featured_media":4094,"comment_status":"closed","ping_status":"closed","sticky":false,"template":"","format":"standard","meta":{"_et_pb_use_builder":"off","_et_pb_old_content":"","_et_gb_content_width":"","footnotes":""},"categories":[52],"tags":[],"class_list":["post-4089","post","type-post","status-publish","format-standard","has-post-thumbnail","hentry","category-education-au-developpement-durable"],"_links":{"self":[{"href":"https:\/\/etab.ac-reunion.fr\/clg-jean-desme\/wp-json\/wp\/v2\/posts\/4089","targetHints":{"allow":["GET"]}}],"collection":[{"href":"https:\/\/etab.ac-reunion.fr\/clg-jean-desme\/wp-json\/wp\/v2\/posts"}],"about":[{"href":"https:\/\/etab.ac-reunion.fr\/clg-jean-desme\/wp-json\/wp\/v2\/types\/post"}],"author":[{"embeddable":true,"href":"https:\/\/etab.ac-reunion.fr\/clg-jean-desme\/wp-json\/wp\/v2\/users\/7347"}],"replies":[{"embeddable":true,"href":"https:\/\/etab.ac-reunion.fr\/clg-jean-desme\/wp-json\/wp\/v2\/comments?post=4089"}],"version-history":[{"count":4,"href":"https:\/\/etab.ac-reunion.fr\/clg-jean-desme\/wp-json\/wp\/v2\/posts\/4089\/revisions"}],"predecessor-version":[{"id":4119,"href":"https:\/\/etab.ac-reunion.fr\/clg-jean-desme\/wp-json\/wp\/v2\/posts\/4089\/revisions\/4119"}],"wp:featuredmedia":[{"embeddable":true,"href":"https:\/\/etab.ac-reunion.fr\/clg-jean-desme\/wp-json\/wp\/v2\/media\/4094"}],"wp:attachment":[{"href":"https:\/\/etab.ac-reunion.fr\/clg-jean-desme\/wp-json\/wp\/v2\/media?parent=4089"}],"wp:term":[{"taxonomy":"category","embeddable":true,"href":"https:\/\/etab.ac-reunion.fr\/clg-jean-desme\/wp-json\/wp\/v2\/categories?post=4089"},{"taxonomy":"post_tag","embeddable":true,"href":"https:\/\/etab.ac-reunion.fr\/clg-jean-desme\/wp-json\/wp\/v2\/tags?post=4089"}],"curies":[{"name":"wp","href":"https:\/\/api.w.org\/{rel}","templated":true}]}}