{"id":4222,"date":"2024-12-09T10:13:18","date_gmt":"2024-12-09T06:13:18","guid":{"rendered":"http:\/\/college-jean-desme.ac-reunion.fr\/?p=4222"},"modified":"2025-02-24T09:19:54","modified_gmt":"2025-02-24T05:19:54","slug":"actualites-orientation-apres-la-3eme","status":"publish","type":"post","link":"https:\/\/etab.ac-reunion.fr\/clg-jean-desme\/actualites-orientation-apres-la-3eme\/","title":{"rendered":"Actualit\u00e9s &#8211; Orientation apr\u00e8s la 3\u00e8me"},"content":{"rendered":"\n<p>La classe de 3\u1d49 marque la fin de votre parcours au coll\u00e8ge. Diff\u00e9rentes voies de formation s\u2019offrent \u00e0 vous pour la rentr\u00e9e suivante : voie professionnelle ou voies g\u00e9n\u00e9rale et technologique. Ce guide est l\u00e0 pour vous accompagner dans ce choix, \u00e0 m\u00fbrir tout au long de l\u2019ann\u00e9e.<\/p>\n\n\n\n<p><strong>Pr\u00e9parez votre orientation en classe de 3<sup>e<\/sup>.<\/strong> Panorama des \u00e9tapes cl\u00e9s de l&rsquo;orientation de la classe de 3<sup>e<\/sup> et des interlocuteurs pr\u00e9sents pour vous accompagner. D\u00e9couvrez le sch\u00e9ma des formations apr\u00e8s la 3<sup>e<\/sup>.<\/p>\n\n\n\n<p><strong>Les fili\u00e8res de l&rsquo;enseignement professionnel. <\/strong>Vous trouverez toutes les informations pour pr\u00e9parer un CAP, un CAP agricole, un bac professionnel ou un bac professionnel agricole et apprendre un m\u00e9tier en passant progressivement de l&rsquo;\u00e9cole au monde du travail. Des formations qui permettent parfois aussi de poursuivre ses \u00e9tudes.<\/p>\n\n\n\n<p><strong>Les fili\u00e8res de l&rsquo;enseignement g\u00e9n\u00e9ral et technologique.<\/strong> Vous trouverez toutes les informations pour pr\u00e9parer en 3 ans un bac g\u00e9n\u00e9ral ou technologique qui vous ouvrira les portes de l&rsquo;enseignement sup\u00e9rieur.<\/p>\n\n\n\n<p><a href=\"https:\/\/www.calameo.com\/read\/000037547d7e851482e5b\">Retrouvez toute le guide pour votre orientation apr\u00e8s la 3eme ici<\/a><\/p>\n","protected":false},"excerpt":{"rendered":"<p>La classe de 3\u1d49 marque la fin de votre parcours au coll\u00e8ge. Diff\u00e9rentes voies de formation s\u2019offrent \u00e0 vous pour la rentr\u00e9e suivante : voie professionnelle ou voies g\u00e9n\u00e9rale et technologique. Ce guide est l\u00e0 pour vous accompagner dans ce choix, \u00e0 m\u00fbrir tout au long de l\u2019ann\u00e9e. Pr\u00e9parez votre orientation en classe de 3e. [&hellip;]<\/p>\n","protected":false},"author":7347,"featured_media":5332,"comment_status":"closed","ping_status":"closed","sticky":false,"template":"","format":"standard","meta":{"_et_pb_use_builder":"off","_et_pb_old_content":"","_et_gb_content_width":"","footnotes":""},"categories":[61],"tags":[],"class_list":["post-4222","post","type-post","status-publish","format-standard","has-post-thumbnail","hentry","category-orientation"],"_links":{"self":[{"href":"https:\/\/etab.ac-reunion.fr\/clg-jean-desme\/wp-json\/wp\/v2\/posts\/4222","targetHints":{"allow":["GET"]}}],"collection":[{"href":"https:\/\/etab.ac-reunion.fr\/clg-jean-desme\/wp-json\/wp\/v2\/posts"}],"about":[{"href":"https:\/\/etab.ac-reunion.fr\/clg-jean-desme\/wp-json\/wp\/v2\/types\/post"}],"author":[{"embeddable":true,"href":"https:\/\/etab.ac-reunion.fr\/clg-jean-desme\/wp-json\/wp\/v2\/users\/7347"}],"replies":[{"embeddable":true,"href":"https:\/\/etab.ac-reunion.fr\/clg-jean-desme\/wp-json\/wp\/v2\/comments?post=4222"}],"version-history":[{"count":5,"href":"https:\/\/etab.ac-reunion.fr\/clg-jean-desme\/wp-json\/wp\/v2\/posts\/4222\/revisions"}],"predecessor-version":[{"id":5333,"href":"https:\/\/etab.ac-reunion.fr\/clg-jean-desme\/wp-json\/wp\/v2\/posts\/4222\/revisions\/5333"}],"wp:featuredmedia":[{"embeddable":true,"href":"https:\/\/etab.ac-reunion.fr\/clg-jean-desme\/wp-json\/wp\/v2\/media\/5332"}],"wp:attachment":[{"href":"https:\/\/etab.ac-reunion.fr\/clg-jean-desme\/wp-json\/wp\/v2\/media?parent=4222"}],"wp:term":[{"taxonomy":"category","embeddable":true,"href":"https:\/\/etab.ac-reunion.fr\/clg-jean-desme\/wp-json\/wp\/v2\/categories?post=4222"},{"taxonomy":"post_tag","embeddable":true,"href":"https:\/\/etab.ac-reunion.fr\/clg-jean-desme\/wp-json\/wp\/v2\/tags?post=4222"}],"curies":[{"name":"wp","href":"https:\/\/api.w.org\/{rel}","templated":true}]}}