{"id":4253,"date":"2022-06-06T16:55:06","date_gmt":"2022-06-06T12:55:06","guid":{"rendered":"http:\/\/college-jean-desme.ac-reunion.fr\/?p=4253"},"modified":"2023-04-18T17:30:11","modified_gmt":"2023-04-18T13:30:11","slug":"des-citations-inspirantes-sur-les-murs-du-college","status":"publish","type":"post","link":"https:\/\/etab.ac-reunion.fr\/clg-jean-desme\/des-citations-inspirantes-sur-les-murs-du-college\/","title":{"rendered":"DES\u00a0CITATIONS INSPIRANTES\u00a0 SUR LES MURS DU COLLEGE"},"content":{"rendered":"\n<p class=\"has-text-align-center\"><strong><em>\u00ab&nbsp;La beaut\u00e9 est dans les yeux de celui qui regarde&nbsp;\u00bb Oscar Wilde <\/em><\/strong><\/p>\n\n\n\n<p class=\"has-text-align-center\">(extrait du discours de Madame Georges, cheffe d\u2019\u00e9tablissement)<\/p>\n\n\n\n<p><strong>DES MOTS SUR LES MURS&#8230;<\/strong><\/p>\n\n\n\n<p>Le 6 mai 2022, M. Joubert, professeur d&rsquo;arts plastiques, a transform\u00e9 le r\u00e9fectoire du coll\u00e8ge en salle d\u2019exposition \u00e9ph\u00e9m\u00e8re, afin d&rsquo;accueillir l\u2019exposition <em>Mots de Sagesse.<\/em><\/p>\n\n\n\n<p>Apr\u00e8s les discours officiels, parents, enseignants, \u00e9l\u00e8ves, repr\u00e9sentants de la mairie, pr\u00e8s d&rsquo;une centaine de personnes ont d\u00e9couvert et admir\u00e9 les \u0153uvres expos\u00e9es.<\/p>\n\n\n\n<p>Ce vernissage vient cl\u00f4turer en apoth\u00e9ose le projet \u00ab&nbsp;Lutte contre la radicalisation&nbsp;: libert\u00e9 de conscience et esprit critique &nbsp;\u00bb, port\u00e9 par Mme Ungamah, coordonnatrice en pr\u00e9vention et M. Lopez, enseignant de lettres modernes. Dans ce projet \u00e9taient impliqu\u00e9s une dizaine d\u2019enseignants, les \u00e9l\u00e8ves de quatri\u00e8me, les parents et des intervenants ext\u00e9rieurs.<\/p>\n\n\n\n<p>Chacun a pu, sous la houlette de M. Joubert, inscrire la citation inspirante qui le marquait le plus sur des supports pr\u00e9par\u00e9s par les \u00e9l\u00e8ves de notre SEGPA. Ces supports se voulaient durables et responsables, c&rsquo;est donc sur des planches de cryptom\u00e9ria p\u00e9i qu&rsquo;ont \u00e9t\u00e9 calligraphi\u00e9es ces phrases essentielles. Les techniques employ\u00e9es ont \u00e9t\u00e9 diverses, comme vous pouvez le constater.<\/p>\n\n\n\n<p><strong>L&rsquo;ABOUTISSEMENT D&rsquo;UN LONG TRAVAIL<\/strong><\/p>\n\n\n\n<p>Dans ce&nbsp; travail de recherche qui a d\u00e9but\u00e9 en octobre 2021, les \u00e9l\u00e8ves devaient faire appel \u00e0 leurs id\u00e9es et valeurs les plus humanistes sur des th\u00e9matiques telles que la paix, le vivre ensemble, le bien-\u00eatre, l\u2019environnement, l\u2019art, le sport, etc\u2026<\/p>\n\n\n\n<p>Les recherches puis la r\u00e9alisation des \u0153uvres ont permis aux \u00e9l\u00e8ves d\u2019avoir un meilleur contr\u00f4le de la lecture et de la compr\u00e9hension, de s&rsquo;exprimer et de renforcer leur estime d&rsquo;eux-m\u00eames, en participant \u00e0 l&#8217;embellissement de notre \u00e9tablissement.<\/p>\n\n\n\n<p><strong>UN PROJET A LONG TERME<\/strong><\/p>\n\n\n\n<p><strong>Les \u0153uvres de nos jeunes artistes orneront les murs du coll\u00e8ge et porteront un message d\u2019esp\u00e9rance \u00e0 toute la communaut\u00e9 \u00e9ducative de l\u2019\u00e9tablissement ainsi qu\u2019aux g\u00e9n\u00e9rations futures.<\/strong><\/p>\n\n\n\n<figure class=\"wp-block-gallery has-nested-images columns-default is-cropped wp-block-gallery-1 is-layout-flex wp-block-gallery-is-layout-flex\">\n<figure class=\"wp-block-image size-large\"><img loading=\"lazy\" decoding=\"async\" width=\"1280\" height=\"854\" data-id=\"4409\" src=\"https:\/\/etab.ac-reunion.fr\/clg-jean-desme\/wp-content\/uploads\/sites\/46\/2022\/06\/vernissage-CI-27.jpeg\" alt=\"\" class=\"wp-image-4409\" srcset=\"https:\/\/etab.ac-reunion.fr\/clg-jean-desme\/wp-content\/uploads\/sites\/46\/2022\/06\/vernissage-CI-27.jpeg 1280w, https:\/\/etab.ac-reunion.fr\/clg-jean-desme\/wp-content\/uploads\/sites\/46\/2022\/06\/vernissage-CI-27-980x654.jpeg 980w, https:\/\/etab.ac-reunion.fr\/clg-jean-desme\/wp-content\/uploads\/sites\/46\/2022\/06\/vernissage-CI-27-480x320.jpeg 480w\" sizes=\"(min-width: 0px) and (max-width: 480px) 480px, (min-width: 481px) and (max-width: 980px) 980px, (min-width: 981px) 1280px, 100vw\" \/><\/figure>\n\n\n\n<figure class=\"wp-block-image size-large\"><img loading=\"lazy\" decoding=\"async\" width=\"1280\" height=\"854\" data-id=\"4410\" src=\"https:\/\/etab.ac-reunion.fr\/clg-jean-desme\/wp-content\/uploads\/sites\/46\/2022\/06\/vernissage-CI-28.jpeg\" alt=\"\" class=\"wp-image-4410\" srcset=\"https:\/\/etab.ac-reunion.fr\/clg-jean-desme\/wp-content\/uploads\/sites\/46\/2022\/06\/vernissage-CI-28.jpeg 1280w, https:\/\/etab.ac-reunion.fr\/clg-jean-desme\/wp-content\/uploads\/sites\/46\/2022\/06\/vernissage-CI-28-980x654.jpeg 980w, https:\/\/etab.ac-reunion.fr\/clg-jean-desme\/wp-content\/uploads\/sites\/46\/2022\/06\/vernissage-CI-28-480x320.jpeg 480w\" sizes=\"(min-width: 0px) and (max-width: 480px) 480px, (min-width: 481px) and (max-width: 980px) 980px, (min-width: 981px) 1280px, 100vw\" \/><\/figure>\n\n\n\n<figure class=\"wp-block-image size-large\"><img loading=\"lazy\" decoding=\"async\" width=\"1280\" height=\"854\" data-id=\"4411\" src=\"https:\/\/etab.ac-reunion.fr\/clg-jean-desme\/wp-content\/uploads\/sites\/46\/2022\/06\/vernissage-CI-36.jpeg\" alt=\"\" class=\"wp-image-4411\" srcset=\"https:\/\/etab.ac-reunion.fr\/clg-jean-desme\/wp-content\/uploads\/sites\/46\/2022\/06\/vernissage-CI-36.jpeg 1280w, https:\/\/etab.ac-reunion.fr\/clg-jean-desme\/wp-content\/uploads\/sites\/46\/2022\/06\/vernissage-CI-36-980x654.jpeg 980w, https:\/\/etab.ac-reunion.fr\/clg-jean-desme\/wp-content\/uploads\/sites\/46\/2022\/06\/vernissage-CI-36-480x320.jpeg 480w\" sizes=\"(min-width: 0px) and (max-width: 480px) 480px, (min-width: 481px) and (max-width: 980px) 980px, (min-width: 981px) 1280px, 100vw\" \/><\/figure>\n\n\n\n<figure class=\"wp-block-image size-large\"><img loading=\"lazy\" decoding=\"async\" width=\"1280\" height=\"854\" data-id=\"4408\" src=\"https:\/\/etab.ac-reunion.fr\/clg-jean-desme\/wp-content\/uploads\/sites\/46\/2022\/06\/vernissage-CI-25.jpeg\" alt=\"\" class=\"wp-image-4408\" srcset=\"https:\/\/etab.ac-reunion.fr\/clg-jean-desme\/wp-content\/uploads\/sites\/46\/2022\/06\/vernissage-CI-25.jpeg 1280w, https:\/\/etab.ac-reunion.fr\/clg-jean-desme\/wp-content\/uploads\/sites\/46\/2022\/06\/vernissage-CI-25-980x654.jpeg 980w, https:\/\/etab.ac-reunion.fr\/clg-jean-desme\/wp-content\/uploads\/sites\/46\/2022\/06\/vernissage-CI-25-480x320.jpeg 480w\" sizes=\"(min-width: 0px) and (max-width: 480px) 480px, (min-width: 481px) and (max-width: 980px) 980px, (min-width: 981px) 1280px, 100vw\" \/><\/figure>\n\n\n\n<figure class=\"wp-block-image size-large\"><img loading=\"lazy\" decoding=\"async\" width=\"1280\" height=\"820\" data-id=\"4407\" src=\"https:\/\/etab.ac-reunion.fr\/clg-jean-desme\/wp-content\/uploads\/sites\/46\/2022\/06\/vernissage-CI-20.jpeg\" alt=\"\" class=\"wp-image-4407\" srcset=\"https:\/\/etab.ac-reunion.fr\/clg-jean-desme\/wp-content\/uploads\/sites\/46\/2022\/06\/vernissage-CI-20.jpeg 1280w, https:\/\/etab.ac-reunion.fr\/clg-jean-desme\/wp-content\/uploads\/sites\/46\/2022\/06\/vernissage-CI-20-980x628.jpeg 980w, https:\/\/etab.ac-reunion.fr\/clg-jean-desme\/wp-content\/uploads\/sites\/46\/2022\/06\/vernissage-CI-20-480x308.jpeg 480w\" sizes=\"(min-width: 0px) and (max-width: 480px) 480px, (min-width: 481px) and (max-width: 980px) 980px, (min-width: 981px) 1280px, 100vw\" \/><\/figure>\n\n\n\n<figure class=\"wp-block-image size-large\"><img loading=\"lazy\" decoding=\"async\" width=\"1280\" height=\"854\" data-id=\"4406\" src=\"https:\/\/etab.ac-reunion.fr\/clg-jean-desme\/wp-content\/uploads\/sites\/46\/2022\/06\/vernissage-CI-19.jpeg\" alt=\"\" class=\"wp-image-4406\" srcset=\"https:\/\/etab.ac-reunion.fr\/clg-jean-desme\/wp-content\/uploads\/sites\/46\/2022\/06\/vernissage-CI-19.jpeg 1280w, https:\/\/etab.ac-reunion.fr\/clg-jean-desme\/wp-content\/uploads\/sites\/46\/2022\/06\/vernissage-CI-19-980x654.jpeg 980w, https:\/\/etab.ac-reunion.fr\/clg-jean-desme\/wp-content\/uploads\/sites\/46\/2022\/06\/vernissage-CI-19-480x320.jpeg 480w\" sizes=\"(min-width: 0px) and (max-width: 480px) 480px, (min-width: 481px) and (max-width: 980px) 980px, (min-width: 981px) 1280px, 100vw\" \/><\/figure>\n\n\n\n<figure class=\"wp-block-image size-large\"><img loading=\"lazy\" decoding=\"async\" width=\"1280\" height=\"854\" data-id=\"4401\" src=\"https:\/\/etab.ac-reunion.fr\/clg-jean-desme\/wp-content\/uploads\/sites\/46\/2022\/06\/vernissage-CI-1.jpeg\" alt=\"\" class=\"wp-image-4401\" srcset=\"https:\/\/etab.ac-reunion.fr\/clg-jean-desme\/wp-content\/uploads\/sites\/46\/2022\/06\/vernissage-CI-1.jpeg 1280w, https:\/\/etab.ac-reunion.fr\/clg-jean-desme\/wp-content\/uploads\/sites\/46\/2022\/06\/vernissage-CI-1-980x654.jpeg 980w, https:\/\/etab.ac-reunion.fr\/clg-jean-desme\/wp-content\/uploads\/sites\/46\/2022\/06\/vernissage-CI-1-480x320.jpeg 480w\" sizes=\"(min-width: 0px) and (max-width: 480px) 480px, (min-width: 481px) and (max-width: 980px) 980px, (min-width: 981px) 1280px, 100vw\" \/><\/figure>\n\n\n\n<figure class=\"wp-block-image size-large\"><img loading=\"lazy\" decoding=\"async\" width=\"1280\" height=\"720\" data-id=\"4402\" src=\"https:\/\/etab.ac-reunion.fr\/clg-jean-desme\/wp-content\/uploads\/sites\/46\/2022\/06\/vernissage-CI-3.jpeg\" alt=\"\" class=\"wp-image-4402\" srcset=\"https:\/\/etab.ac-reunion.fr\/clg-jean-desme\/wp-content\/uploads\/sites\/46\/2022\/06\/vernissage-CI-3.jpeg 1280w, https:\/\/etab.ac-reunion.fr\/clg-jean-desme\/wp-content\/uploads\/sites\/46\/2022\/06\/vernissage-CI-3-980x551.jpeg 980w, https:\/\/etab.ac-reunion.fr\/clg-jean-desme\/wp-content\/uploads\/sites\/46\/2022\/06\/vernissage-CI-3-480x270.jpeg 480w\" sizes=\"(min-width: 0px) and (max-width: 480px) 480px, (min-width: 481px) and (max-width: 980px) 980px, (min-width: 981px) 1280px, 100vw\" \/><\/figure>\n\n\n\n<figure class=\"wp-block-image size-large\"><img loading=\"lazy\" decoding=\"async\" width=\"1280\" height=\"720\" data-id=\"4403\" src=\"https:\/\/etab.ac-reunion.fr\/clg-jean-desme\/wp-content\/uploads\/sites\/46\/2022\/06\/vernissage-CI-9.jpeg\" alt=\"\" class=\"wp-image-4403\" srcset=\"https:\/\/etab.ac-reunion.fr\/clg-jean-desme\/wp-content\/uploads\/sites\/46\/2022\/06\/vernissage-CI-9.jpeg 1280w, https:\/\/etab.ac-reunion.fr\/clg-jean-desme\/wp-content\/uploads\/sites\/46\/2022\/06\/vernissage-CI-9-980x551.jpeg 980w, https:\/\/etab.ac-reunion.fr\/clg-jean-desme\/wp-content\/uploads\/sites\/46\/2022\/06\/vernissage-CI-9-480x270.jpeg 480w\" sizes=\"(min-width: 0px) and (max-width: 480px) 480px, (min-width: 481px) and (max-width: 980px) 980px, (min-width: 981px) 1280px, 100vw\" \/><\/figure>\n\n\n\n<figure class=\"wp-block-image size-large\"><img loading=\"lazy\" decoding=\"async\" width=\"1280\" height=\"720\" data-id=\"4404\" src=\"https:\/\/etab.ac-reunion.fr\/clg-jean-desme\/wp-content\/uploads\/sites\/46\/2022\/06\/vernissage-CI-16.jpeg\" alt=\"\" class=\"wp-image-4404\" srcset=\"https:\/\/etab.ac-reunion.fr\/clg-jean-desme\/wp-content\/uploads\/sites\/46\/2022\/06\/vernissage-CI-16.jpeg 1280w, https:\/\/etab.ac-reunion.fr\/clg-jean-desme\/wp-content\/uploads\/sites\/46\/2022\/06\/vernissage-CI-16-980x551.jpeg 980w, https:\/\/etab.ac-reunion.fr\/clg-jean-desme\/wp-content\/uploads\/sites\/46\/2022\/06\/vernissage-CI-16-480x270.jpeg 480w\" sizes=\"(min-width: 0px) and (max-width: 480px) 480px, (min-width: 481px) and (max-width: 980px) 980px, (min-width: 981px) 1280px, 100vw\" \/><\/figure>\n\n\n\n<figure class=\"wp-block-image size-large\"><img loading=\"lazy\" decoding=\"async\" width=\"1280\" height=\"720\" data-id=\"4405\" src=\"https:\/\/etab.ac-reunion.fr\/clg-jean-desme\/wp-content\/uploads\/sites\/46\/2022\/06\/vernissage-CI-18.jpeg\" alt=\"\" class=\"wp-image-4405\" srcset=\"https:\/\/etab.ac-reunion.fr\/clg-jean-desme\/wp-content\/uploads\/sites\/46\/2022\/06\/vernissage-CI-18.jpeg 1280w, https:\/\/etab.ac-reunion.fr\/clg-jean-desme\/wp-content\/uploads\/sites\/46\/2022\/06\/vernissage-CI-18-980x551.jpeg 980w, https:\/\/etab.ac-reunion.fr\/clg-jean-desme\/wp-content\/uploads\/sites\/46\/2022\/06\/vernissage-CI-18-480x270.jpeg 480w\" sizes=\"(min-width: 0px) and (max-width: 480px) 480px, (min-width: 481px) and (max-width: 980px) 980px, (min-width: 981px) 1280px, 100vw\" \/><\/figure>\n<\/figure>\n\n\n\n<figure class=\"wp-block-image size-large\"><img loading=\"lazy\" decoding=\"async\" width=\"1024\" height=\"576\" src=\"https:\/\/etab.ac-reunion.fr\/clg-jean-desme\/wp-content\/uploads\/sites\/46\/2022\/06\/vernissage-CI-4-1024x576.jpeg\" alt=\"\" class=\"wp-image-4420\" srcset=\"https:\/\/etab.ac-reunion.fr\/clg-jean-desme\/wp-content\/uploads\/sites\/46\/2022\/06\/vernissage-CI-4-1024x576.jpeg 1024w, https:\/\/etab.ac-reunion.fr\/clg-jean-desme\/wp-content\/uploads\/sites\/46\/2022\/06\/vernissage-CI-4-980x551.jpeg 980w, https:\/\/etab.ac-reunion.fr\/clg-jean-desme\/wp-content\/uploads\/sites\/46\/2022\/06\/vernissage-CI-4-480x270.jpeg 480w\" sizes=\"(min-width: 0px) and (max-width: 480px) 480px, (min-width: 481px) and (max-width: 980px) 980px, (min-width: 981px) 1024px, 100vw\" \/><\/figure>\n","protected":false},"excerpt":{"rendered":"<p>\u00ab&nbsp;La beaut\u00e9 est dans les yeux de celui qui regarde&nbsp;\u00bb Oscar Wilde (extrait du discours de Madame Georges, cheffe d\u2019\u00e9tablissement) DES MOTS SUR LES MURS&#8230; Le 6 mai 2022, M. Joubert, professeur d&rsquo;arts plastiques, a transform\u00e9 le r\u00e9fectoire du coll\u00e8ge en salle d\u2019exposition \u00e9ph\u00e9m\u00e8re, afin d&rsquo;accueillir l\u2019exposition Mots de Sagesse. Apr\u00e8s les discours officiels, parents, [&hellip;]<\/p>\n","protected":false},"author":7347,"featured_media":4420,"comment_status":"closed","ping_status":"closed","sticky":false,"template":"","format":"standard","meta":{"_et_pb_use_builder":"off","_et_pb_old_content":"","_et_gb_content_width":"","footnotes":""},"categories":[53],"tags":[],"class_list":["post-4253","post","type-post","status-publish","format-standard","has-post-thumbnail","hentry","category-projets-et-evenements"],"_links":{"self":[{"href":"https:\/\/etab.ac-reunion.fr\/clg-jean-desme\/wp-json\/wp\/v2\/posts\/4253","targetHints":{"allow":["GET"]}}],"collection":[{"href":"https:\/\/etab.ac-reunion.fr\/clg-jean-desme\/wp-json\/wp\/v2\/posts"}],"about":[{"href":"https:\/\/etab.ac-reunion.fr\/clg-jean-desme\/wp-json\/wp\/v2\/types\/post"}],"author":[{"embeddable":true,"href":"https:\/\/etab.ac-reunion.fr\/clg-jean-desme\/wp-json\/wp\/v2\/users\/7347"}],"replies":[{"embeddable":true,"href":"https:\/\/etab.ac-reunion.fr\/clg-jean-desme\/wp-json\/wp\/v2\/comments?post=4253"}],"version-history":[{"count":11,"href":"https:\/\/etab.ac-reunion.fr\/clg-jean-desme\/wp-json\/wp\/v2\/posts\/4253\/revisions"}],"predecessor-version":[{"id":4421,"href":"https:\/\/etab.ac-reunion.fr\/clg-jean-desme\/wp-json\/wp\/v2\/posts\/4253\/revisions\/4421"}],"wp:featuredmedia":[{"embeddable":true,"href":"https:\/\/etab.ac-reunion.fr\/clg-jean-desme\/wp-json\/wp\/v2\/media\/4420"}],"wp:attachment":[{"href":"https:\/\/etab.ac-reunion.fr\/clg-jean-desme\/wp-json\/wp\/v2\/media?parent=4253"}],"wp:term":[{"taxonomy":"category","embeddable":true,"href":"https:\/\/etab.ac-reunion.fr\/clg-jean-desme\/wp-json\/wp\/v2\/categories?post=4253"},{"taxonomy":"post_tag","embeddable":true,"href":"https:\/\/etab.ac-reunion.fr\/clg-jean-desme\/wp-json\/wp\/v2\/tags?post=4253"}],"curies":[{"name":"wp","href":"https:\/\/api.w.org\/{rel}","templated":true}]}}