{"id":4311,"date":"2022-05-14T14:55:18","date_gmt":"2022-05-14T10:55:18","guid":{"rendered":"http:\/\/college-jean-desme.ac-reunion.fr\/?p=4311"},"modified":"2023-04-18T17:30:34","modified_gmt":"2023-04-18T13:30:34","slug":"un-jardin-biologique-au-college-jean-desme","status":"publish","type":"post","link":"https:\/\/etab.ac-reunion.fr\/clg-jean-desme\/un-jardin-biologique-au-college-jean-desme\/","title":{"rendered":"Un jardin biologique au Coll\u00e8ge Jean d&rsquo;Esme"},"content":{"rendered":"\n<p><strong>\u00c9DUCATION AU D\u00c9VELOPPEMENT DURABLE<\/strong><\/p>\n\n\n\n\n\n<p>Dans le cadre du projet \u00e9co \u00e9cole et en parall\u00e8le au projet apicole, une action p\u00e9dagogique est men\u00e9e autour de la cr\u00e9ation d\u2019un jardin biologique.<\/p>\n\n\n\n<p>Cette action qui s\u2019inscrit dans l\u2019\u00e9ducation au d\u00e9veloppement durable vise \u00e0 s\u2019initier, s\u2019investir et \u00e0 se responsabiliser autour d\u2019une pratique constante et essentielle.<\/p>\n\n\n\n<p>De nombreuses classes dont 8 classes de SEGPA et d\u2019ULIS, ainsi que 8 professeurs participent \u00e0&nbsp; ce projet interdisciplinaire.<\/p>\n\n\n\n<p>L\u2019objectif \u00e9tant de former concr\u00e8tement les \u00e9l\u00e8ves \u00e0 la cr\u00e9ation d\u2019un jardin biologique ainsi qu\u2019aux diff\u00e9rentes techniques de travail. Pour cela l\u2019association NATURE ET FORMATION,&nbsp; a mis \u00e0 disposition pour la pratique M. St\u00e9phane HOARAU qui intervient aupr\u00e8s des \u00e9l\u00e8ves sur les diff\u00e9rentes techniques de travail du potager.<\/p>\n\n\n\n<p>Afin que les professeurs investis m\u00e8nent \u00e0 bien leur mission, &nbsp;le formateur de l\u2019association NATURE ET FORMATION, M. LOGORAS, &nbsp;leur a dispens\u00e9 une formation d\u2019initiation \u00e0 l\u2019agriculture biologique selon un r\u00e9f\u00e9rentiel suivant&nbsp;:<\/p>\n\n\n\n<ul class=\"wp-block-list\"><li>Apprentissage des bases&nbsp;: mise en \u0153uvre sous forme de pratiques culturales<\/li><li>Initiations aux techniques culturales.<\/li><li>L\u2019eau et ses enjeux<\/li><li>La phytoth\u00e9rapie et la pr\u00e9servation des cultures<\/li><li>L\u2019agriculture biologique&nbsp;: les outils<\/li><li>L\u2019agro-\u00e9cologie&nbsp;: ses principes de base<\/li><\/ul>\n\n\n\n<p>L\u2019association \u00ab&nbsp;Pour la Renaissance des Cultures Traditionnelles&nbsp;\u00bb, a bien voulu mettre gracieusement \u00e0 disposition &nbsp;un motoculteur dans le cadre de notre projet afin de permettre aux \u00e9l\u00e8ves de planter au plus t\u00f4t.<\/p>\n\n\n\n<p>L\u2019implication des \u00e9l\u00e8ves se d\u00e9cline sous diverses formes&nbsp;: d\u00e9sherbage, d\u00e9pierrage, amendement, compostage, paillage, semence, bouturage, plantation, arrosage, r\u00e9colte, etc\u2026 puis travail en classe sur la th\u00e9matique choisie.<\/p>\n\n\n\n<p>Outre les activit\u00e9s sur le potager, chaque professeur impliqu\u00e9 travaille, en classe sur une th\u00e9matique li\u00e9e au projet, exemple\u00a0: cr\u00e9ation de fiches d\u2019identit\u00e9 des plantes, le jardin partag\u00e9 dans son quartier, connaissance des l\u00e9gumes lontan, \u00e9laboration d\u2019un livret album photos, recueil des impressions des \u00e9l\u00e8ves, etc\u2026<\/p>\n\n\n\n<figure class=\"wp-block-gallery has-nested-images columns-default is-cropped wp-block-gallery-1 is-layout-flex wp-block-gallery-is-layout-flex\">\n<figure class=\"wp-block-image size-large\"><img loading=\"lazy\" decoding=\"async\" width=\"1280\" height=\"960\" data-id=\"4299\" src=\"https:\/\/etab.ac-reunion.fr\/clg-jean-desme\/wp-content\/uploads\/sites\/46\/2022\/05\/f304320c-3154-4347-8bb2-6c82f4a2a8c9.jpg\" alt=\"\" class=\"wp-image-4299\" srcset=\"https:\/\/etab.ac-reunion.fr\/clg-jean-desme\/wp-content\/uploads\/sites\/46\/2022\/05\/f304320c-3154-4347-8bb2-6c82f4a2a8c9.jpg 1280w, https:\/\/etab.ac-reunion.fr\/clg-jean-desme\/wp-content\/uploads\/sites\/46\/2022\/05\/f304320c-3154-4347-8bb2-6c82f4a2a8c9-980x735.jpg 980w, https:\/\/etab.ac-reunion.fr\/clg-jean-desme\/wp-content\/uploads\/sites\/46\/2022\/05\/f304320c-3154-4347-8bb2-6c82f4a2a8c9-480x360.jpg 480w\" sizes=\"(min-width: 0px) and (max-width: 480px) 480px, (min-width: 481px) and (max-width: 980px) 980px, (min-width: 981px) 1280px, 100vw\" \/><\/figure>\n\n\n\n<figure class=\"wp-block-image size-large\"><img loading=\"lazy\" decoding=\"async\" width=\"480\" height=\"640\" data-id=\"4297\" src=\"https:\/\/etab.ac-reunion.fr\/clg-jean-desme\/wp-content\/uploads\/sites\/46\/2022\/05\/32bec106-595b-4bb0-b779-5d9288f6fbbc.jpg\" alt=\"\" class=\"wp-image-4297\" srcset=\"https:\/\/etab.ac-reunion.fr\/clg-jean-desme\/wp-content\/uploads\/sites\/46\/2022\/05\/32bec106-595b-4bb0-b779-5d9288f6fbbc.jpg 480w, https:\/\/etab.ac-reunion.fr\/clg-jean-desme\/wp-content\/uploads\/sites\/46\/2022\/05\/32bec106-595b-4bb0-b779-5d9288f6fbbc-225x300.jpg 225w\" sizes=\"(max-width: 480px) 100vw, 480px\" \/><\/figure>\n\n\n\n<figure class=\"wp-block-image size-large\"><img loading=\"lazy\" decoding=\"async\" width=\"640\" height=\"480\" data-id=\"4296\" src=\"https:\/\/etab.ac-reunion.fr\/clg-jean-desme\/wp-content\/uploads\/sites\/46\/2022\/05\/2abb34ee-6d95-4251-a7aa-74f65fff5de4.jpg\" alt=\"\" class=\"wp-image-4296\" srcset=\"https:\/\/etab.ac-reunion.fr\/clg-jean-desme\/wp-content\/uploads\/sites\/46\/2022\/05\/2abb34ee-6d95-4251-a7aa-74f65fff5de4.jpg 640w, https:\/\/etab.ac-reunion.fr\/clg-jean-desme\/wp-content\/uploads\/sites\/46\/2022\/05\/2abb34ee-6d95-4251-a7aa-74f65fff5de4-480x360.jpg 480w\" sizes=\"(min-width: 0px) and (max-width: 480px) 480px, (min-width: 481px) 640px, 100vw\" \/><\/figure>\n\n\n\n<figure class=\"wp-block-image size-large\"><img loading=\"lazy\" decoding=\"async\" width=\"1280\" height=\"960\" data-id=\"4298\" src=\"https:\/\/etab.ac-reunion.fr\/clg-jean-desme\/wp-content\/uploads\/sites\/46\/2022\/05\/829425f7-9f0e-468a-98fe-35cbea021691.jpg\" alt=\"\" class=\"wp-image-4298\" srcset=\"https:\/\/etab.ac-reunion.fr\/clg-jean-desme\/wp-content\/uploads\/sites\/46\/2022\/05\/829425f7-9f0e-468a-98fe-35cbea021691.jpg 1280w, https:\/\/etab.ac-reunion.fr\/clg-jean-desme\/wp-content\/uploads\/sites\/46\/2022\/05\/829425f7-9f0e-468a-98fe-35cbea021691-980x735.jpg 980w, https:\/\/etab.ac-reunion.fr\/clg-jean-desme\/wp-content\/uploads\/sites\/46\/2022\/05\/829425f7-9f0e-468a-98fe-35cbea021691-480x360.jpg 480w\" sizes=\"(min-width: 0px) and (max-width: 480px) 480px, (min-width: 481px) and (max-width: 980px) 980px, (min-width: 981px) 1280px, 100vw\" \/><\/figure>\n<\/figure>\n","protected":false},"excerpt":{"rendered":"<p>\u00c9DUCATION AU D\u00c9VELOPPEMENT DURABLE Dans le cadre du projet \u00e9co \u00e9cole et en parall\u00e8le au projet apicole, une action p\u00e9dagogique est men\u00e9e autour de la cr\u00e9ation d\u2019un jardin biologique. Cette action qui s\u2019inscrit dans l\u2019\u00e9ducation au d\u00e9veloppement durable vise \u00e0 s\u2019initier, s\u2019investir et \u00e0 se responsabiliser autour d\u2019une pratique constante et essentielle. De nombreuses classes [&hellip;]<\/p>\n","protected":false},"author":7347,"featured_media":4298,"comment_status":"closed","ping_status":"closed","sticky":false,"template":"","format":"standard","meta":{"_et_pb_use_builder":"off","_et_pb_old_content":"","_et_gb_content_width":"","footnotes":""},"categories":[52],"tags":[],"class_list":["post-4311","post","type-post","status-publish","format-standard","has-post-thumbnail","hentry","category-education-au-developpement-durable"],"_links":{"self":[{"href":"https:\/\/etab.ac-reunion.fr\/clg-jean-desme\/wp-json\/wp\/v2\/posts\/4311","targetHints":{"allow":["GET"]}}],"collection":[{"href":"https:\/\/etab.ac-reunion.fr\/clg-jean-desme\/wp-json\/wp\/v2\/posts"}],"about":[{"href":"https:\/\/etab.ac-reunion.fr\/clg-jean-desme\/wp-json\/wp\/v2\/types\/post"}],"author":[{"embeddable":true,"href":"https:\/\/etab.ac-reunion.fr\/clg-jean-desme\/wp-json\/wp\/v2\/users\/7347"}],"replies":[{"embeddable":true,"href":"https:\/\/etab.ac-reunion.fr\/clg-jean-desme\/wp-json\/wp\/v2\/comments?post=4311"}],"version-history":[{"count":3,"href":"https:\/\/etab.ac-reunion.fr\/clg-jean-desme\/wp-json\/wp\/v2\/posts\/4311\/revisions"}],"predecessor-version":[{"id":4323,"href":"https:\/\/etab.ac-reunion.fr\/clg-jean-desme\/wp-json\/wp\/v2\/posts\/4311\/revisions\/4323"}],"wp:featuredmedia":[{"embeddable":true,"href":"https:\/\/etab.ac-reunion.fr\/clg-jean-desme\/wp-json\/wp\/v2\/media\/4298"}],"wp:attachment":[{"href":"https:\/\/etab.ac-reunion.fr\/clg-jean-desme\/wp-json\/wp\/v2\/media?parent=4311"}],"wp:term":[{"taxonomy":"category","embeddable":true,"href":"https:\/\/etab.ac-reunion.fr\/clg-jean-desme\/wp-json\/wp\/v2\/categories?post=4311"},{"taxonomy":"post_tag","embeddable":true,"href":"https:\/\/etab.ac-reunion.fr\/clg-jean-desme\/wp-json\/wp\/v2\/tags?post=4311"}],"curies":[{"name":"wp","href":"https:\/\/api.w.org\/{rel}","templated":true}]}}