{"id":4313,"date":"2022-05-14T15:02:36","date_gmt":"2022-05-14T11:02:36","guid":{"rendered":"http:\/\/college-jean-desme.ac-reunion.fr\/?p=4313"},"modified":"2023-04-18T17:30:27","modified_gmt":"2023-04-18T13:30:27","slug":"le-miel-du-college-jean-desme-est-arrive","status":"publish","type":"post","link":"https:\/\/etab.ac-reunion.fr\/clg-jean-desme\/le-miel-du-college-jean-desme-est-arrive\/","title":{"rendered":"Le miel du Coll\u00e8ge Jean d&rsquo;Esme est arriv\u00e9 !"},"content":{"rendered":"\n<p class=\"has-text-align-left\">LE RUCHER P\u00c9DAGOGIQUE DU COLL\u00c8GE<\/p>\n\n\n\n<p>La patience est une vertu et le grand jour est arriv\u00e9 ! Apr\u00e8s des mois de labeur nos petites amies ont livr\u00e9 leur tr\u00e9sor d&rsquo;or pour le plus grand plaisir de 140 \u00e9l\u00e8ves et de leurs professeurs impliqu\u00e9s dans le projet. <\/p>\n\n\n\n<p>L&rsquo;extraction d&rsquo;une quinzaine de kilos de miel, la filtration et la mise en pots ont eu lieu dans les locaux de la SEGPA, d\u00e9di\u00e9s au plateau technique Hygi\u00e8ne Alimentation Services. C&rsquo;est sans dire que les conditions d&rsquo;hygi\u00e8ne \u00e9taient au rendez-vous !<\/p>\n\n\n\n<p>Et bien s\u00fbr, chaque participant est reparti avec son petit pot de l&rsquo;\u00e9lixir dor\u00e9. Vivement l&rsquo;an prochain pour la prochaine miell\u00e9e !<\/p>\n\n\n\n<figure class=\"wp-block-gallery has-nested-images columns-default is-cropped wp-block-gallery-1 is-layout-flex wp-block-gallery-is-layout-flex\">\n<figure class=\"wp-block-image size-large\"><img loading=\"lazy\" decoding=\"async\" width=\"960\" height=\"1280\" data-id=\"4303\" src=\"https:\/\/etab.ac-reunion.fr\/clg-jean-desme\/wp-content\/uploads\/sites\/46\/2022\/05\/9fb1b2c3-da25-4638-abd5-362fec0b78c1.jpg\" alt=\"\" class=\"wp-image-4303\" srcset=\"https:\/\/etab.ac-reunion.fr\/clg-jean-desme\/wp-content\/uploads\/sites\/46\/2022\/05\/9fb1b2c3-da25-4638-abd5-362fec0b78c1.jpg 960w, https:\/\/etab.ac-reunion.fr\/clg-jean-desme\/wp-content\/uploads\/sites\/46\/2022\/05\/9fb1b2c3-da25-4638-abd5-362fec0b78c1-480x640.jpg 480w\" sizes=\"(min-width: 0px) and (max-width: 480px) 480px, (min-width: 481px) 960px, 100vw\" \/><figcaption>Le cadre de miel est pr\u00eat \u00e0 \u00eatre d\u00e9sopercul\u00e9<\/figcaption><\/figure>\n\n\n\n<figure class=\"wp-block-image size-large\"><img loading=\"lazy\" decoding=\"async\" width=\"720\" height=\"1280\" data-id=\"4309\" src=\"https:\/\/etab.ac-reunion.fr\/clg-jean-desme\/wp-content\/uploads\/sites\/46\/2022\/05\/b3c095c9-dbb4-4888-b564-aca8cb776f71.jpg\" alt=\"\" class=\"wp-image-4309\" srcset=\"https:\/\/etab.ac-reunion.fr\/clg-jean-desme\/wp-content\/uploads\/sites\/46\/2022\/05\/b3c095c9-dbb4-4888-b564-aca8cb776f71.jpg 720w, https:\/\/etab.ac-reunion.fr\/clg-jean-desme\/wp-content\/uploads\/sites\/46\/2022\/05\/b3c095c9-dbb4-4888-b564-aca8cb776f71-480x853.jpg 480w\" sizes=\"(min-width: 0px) and (max-width: 480px) 480px, (min-width: 481px) 720px, 100vw\" \/><figcaption>Les opercules de cire sont retir\u00e9s<\/figcaption><\/figure>\n\n\n\n<figure class=\"wp-block-image size-large\"><img loading=\"lazy\" decoding=\"async\" width=\"720\" height=\"1280\" data-id=\"4302\" src=\"https:\/\/etab.ac-reunion.fr\/clg-jean-desme\/wp-content\/uploads\/sites\/46\/2022\/05\/8a24876a-cb3d-499b-adad-141cec38b779.jpg\" alt=\"\" class=\"wp-image-4302\" srcset=\"https:\/\/etab.ac-reunion.fr\/clg-jean-desme\/wp-content\/uploads\/sites\/46\/2022\/05\/8a24876a-cb3d-499b-adad-141cec38b779.jpg 720w, https:\/\/etab.ac-reunion.fr\/clg-jean-desme\/wp-content\/uploads\/sites\/46\/2022\/05\/8a24876a-cb3d-499b-adad-141cec38b779-480x853.jpg 480w\" sizes=\"(min-width: 0px) and (max-width: 480px) 480px, (min-width: 481px) 720px, 100vw\" \/><figcaption>La centrifugeuse en action !<\/figcaption><\/figure>\n\n\n\n<figure class=\"wp-block-image size-large\"><img loading=\"lazy\" decoding=\"async\" width=\"720\" height=\"1280\" data-id=\"4308\" src=\"https:\/\/etab.ac-reunion.fr\/clg-jean-desme\/wp-content\/uploads\/sites\/46\/2022\/05\/a2784c51-6fbd-46d0-92a4-8a2a7c44f968.jpg\" alt=\"\" class=\"wp-image-4308\" srcset=\"https:\/\/etab.ac-reunion.fr\/clg-jean-desme\/wp-content\/uploads\/sites\/46\/2022\/05\/a2784c51-6fbd-46d0-92a4-8a2a7c44f968.jpg 720w, https:\/\/etab.ac-reunion.fr\/clg-jean-desme\/wp-content\/uploads\/sites\/46\/2022\/05\/a2784c51-6fbd-46d0-92a4-8a2a7c44f968-480x853.jpg 480w\" sizes=\"(min-width: 0px) and (max-width: 480px) 480px, (min-width: 481px) 720px, 100vw\" \/><figcaption>La filtration<\/figcaption><\/figure>\n\n\n\n<figure class=\"wp-block-image size-large\"><img loading=\"lazy\" decoding=\"async\" width=\"960\" height=\"1280\" data-id=\"4304\" src=\"https:\/\/etab.ac-reunion.fr\/clg-jean-desme\/wp-content\/uploads\/sites\/46\/2022\/05\/068e90ec-7c93-4535-9a5a-60b26d47f082.jpg\" alt=\"\" class=\"wp-image-4304\" srcset=\"https:\/\/etab.ac-reunion.fr\/clg-jean-desme\/wp-content\/uploads\/sites\/46\/2022\/05\/068e90ec-7c93-4535-9a5a-60b26d47f082.jpg 960w, https:\/\/etab.ac-reunion.fr\/clg-jean-desme\/wp-content\/uploads\/sites\/46\/2022\/05\/068e90ec-7c93-4535-9a5a-60b26d47f082-480x640.jpg 480w\" sizes=\"(min-width: 0px) and (max-width: 480px) 480px, (min-width: 481px) 960px, 100vw\" \/><figcaption>La mise en pots<\/figcaption><\/figure>\n\n\n\n<figure class=\"wp-block-image size-large\"><img loading=\"lazy\" decoding=\"async\" width=\"960\" height=\"1280\" data-id=\"4305\" src=\"https:\/\/etab.ac-reunion.fr\/clg-jean-desme\/wp-content\/uploads\/sites\/46\/2022\/05\/83b0fc05-226f-42f5-b2b0-3552f2f0697f.jpg\" alt=\"\" class=\"wp-image-4305\" srcset=\"https:\/\/etab.ac-reunion.fr\/clg-jean-desme\/wp-content\/uploads\/sites\/46\/2022\/05\/83b0fc05-226f-42f5-b2b0-3552f2f0697f.jpg 960w, https:\/\/etab.ac-reunion.fr\/clg-jean-desme\/wp-content\/uploads\/sites\/46\/2022\/05\/83b0fc05-226f-42f5-b2b0-3552f2f0697f-480x640.jpg 480w\" sizes=\"(min-width: 0px) and (max-width: 480px) 480px, (min-width: 481px) 960px, 100vw\" \/><figcaption>Fermeture des pots<\/figcaption><\/figure>\n\n\n\n<figure class=\"wp-block-image size-large\"><img loading=\"lazy\" decoding=\"async\" width=\"960\" height=\"1280\" data-id=\"4301\" src=\"https:\/\/etab.ac-reunion.fr\/clg-jean-desme\/wp-content\/uploads\/sites\/46\/2022\/05\/5b49876d-6c32-4e63-b2db-cf0ae4aced8f.jpg\" alt=\"\" class=\"wp-image-4301\" srcset=\"https:\/\/etab.ac-reunion.fr\/clg-jean-desme\/wp-content\/uploads\/sites\/46\/2022\/05\/5b49876d-6c32-4e63-b2db-cf0ae4aced8f.jpg 960w, https:\/\/etab.ac-reunion.fr\/clg-jean-desme\/wp-content\/uploads\/sites\/46\/2022\/05\/5b49876d-6c32-4e63-b2db-cf0ae4aced8f-480x640.jpg 480w\" sizes=\"(min-width: 0px) and (max-width: 480px) 480px, (min-width: 481px) 960px, 100vw\" \/><figcaption>Un travail collectif<\/figcaption><\/figure>\n\n\n\n<figure class=\"wp-block-image size-large\"><img loading=\"lazy\" decoding=\"async\" width=\"1200\" height=\"1600\" data-id=\"4306\" src=\"https:\/\/etab.ac-reunion.fr\/clg-jean-desme\/wp-content\/uploads\/sites\/46\/2022\/05\/0469371d-6a1f-4d79-b78f-b379ed3b31d1.jpg\" alt=\"\" class=\"wp-image-4306\" srcset=\"https:\/\/etab.ac-reunion.fr\/clg-jean-desme\/wp-content\/uploads\/sites\/46\/2022\/05\/0469371d-6a1f-4d79-b78f-b379ed3b31d1.jpg 1200w, https:\/\/etab.ac-reunion.fr\/clg-jean-desme\/wp-content\/uploads\/sites\/46\/2022\/05\/0469371d-6a1f-4d79-b78f-b379ed3b31d1-980x1307.jpg 980w, https:\/\/etab.ac-reunion.fr\/clg-jean-desme\/wp-content\/uploads\/sites\/46\/2022\/05\/0469371d-6a1f-4d79-b78f-b379ed3b31d1-480x640.jpg 480w\" sizes=\"(min-width: 0px) and (max-width: 480px) 480px, (min-width: 481px) and (max-width: 980px) 980px, (min-width: 981px) 1200px, 100vw\" \/><figcaption>Une belle r\u00e9colte<\/figcaption><\/figure>\n\n\n\n<figure class=\"wp-block-image size-large\"><img loading=\"lazy\" decoding=\"async\" width=\"960\" height=\"1280\" data-id=\"4300\" src=\"https:\/\/etab.ac-reunion.fr\/clg-jean-desme\/wp-content\/uploads\/sites\/46\/2022\/05\/4d538f20-96ae-4f85-8be8-b628c2fa649c.jpg\" alt=\"\" class=\"wp-image-4300\" srcset=\"https:\/\/etab.ac-reunion.fr\/clg-jean-desme\/wp-content\/uploads\/sites\/46\/2022\/05\/4d538f20-96ae-4f85-8be8-b628c2fa649c.jpg 960w, https:\/\/etab.ac-reunion.fr\/clg-jean-desme\/wp-content\/uploads\/sites\/46\/2022\/05\/4d538f20-96ae-4f85-8be8-b628c2fa649c-480x640.jpg 480w\" sizes=\"(min-width: 0px) and (max-width: 480px) 480px, (min-width: 481px) 960px, 100vw\" \/><figcaption>Pr\u00eat \u00e0 d\u00e9guster !<\/figcaption><\/figure>\n<\/figure>\n\n\n\n<p><\/p>\n","protected":false},"excerpt":{"rendered":"<p>LE RUCHER P\u00c9DAGOGIQUE DU COLL\u00c8GE La patience est une vertu et le grand jour est arriv\u00e9 ! Apr\u00e8s des mois de labeur nos petites amies ont livr\u00e9 leur tr\u00e9sor d&rsquo;or pour le plus grand plaisir de 140 \u00e9l\u00e8ves et de leurs professeurs impliqu\u00e9s dans le projet. L&rsquo;extraction d&rsquo;une quinzaine de kilos de miel, la filtration [&hellip;]<\/p>\n","protected":false},"author":7347,"featured_media":4300,"comment_status":"closed","ping_status":"closed","sticky":false,"template":"","format":"standard","meta":{"_et_pb_use_builder":"off","_et_pb_old_content":"","_et_gb_content_width":"","footnotes":""},"categories":[52],"tags":[],"class_list":["post-4313","post","type-post","status-publish","format-standard","has-post-thumbnail","hentry","category-education-au-developpement-durable"],"_links":{"self":[{"href":"https:\/\/etab.ac-reunion.fr\/clg-jean-desme\/wp-json\/wp\/v2\/posts\/4313","targetHints":{"allow":["GET"]}}],"collection":[{"href":"https:\/\/etab.ac-reunion.fr\/clg-jean-desme\/wp-json\/wp\/v2\/posts"}],"about":[{"href":"https:\/\/etab.ac-reunion.fr\/clg-jean-desme\/wp-json\/wp\/v2\/types\/post"}],"author":[{"embeddable":true,"href":"https:\/\/etab.ac-reunion.fr\/clg-jean-desme\/wp-json\/wp\/v2\/users\/7347"}],"replies":[{"embeddable":true,"href":"https:\/\/etab.ac-reunion.fr\/clg-jean-desme\/wp-json\/wp\/v2\/comments?post=4313"}],"version-history":[{"count":7,"href":"https:\/\/etab.ac-reunion.fr\/clg-jean-desme\/wp-json\/wp\/v2\/posts\/4313\/revisions"}],"predecessor-version":[{"id":4322,"href":"https:\/\/etab.ac-reunion.fr\/clg-jean-desme\/wp-json\/wp\/v2\/posts\/4313\/revisions\/4322"}],"wp:featuredmedia":[{"embeddable":true,"href":"https:\/\/etab.ac-reunion.fr\/clg-jean-desme\/wp-json\/wp\/v2\/media\/4300"}],"wp:attachment":[{"href":"https:\/\/etab.ac-reunion.fr\/clg-jean-desme\/wp-json\/wp\/v2\/media?parent=4313"}],"wp:term":[{"taxonomy":"category","embeddable":true,"href":"https:\/\/etab.ac-reunion.fr\/clg-jean-desme\/wp-json\/wp\/v2\/categories?post=4313"},{"taxonomy":"post_tag","embeddable":true,"href":"https:\/\/etab.ac-reunion.fr\/clg-jean-desme\/wp-json\/wp\/v2\/tags?post=4313"}],"curies":[{"name":"wp","href":"https:\/\/api.w.org\/{rel}","templated":true}]}}