{"id":4422,"date":"2022-06-06T22:09:31","date_gmt":"2022-06-06T18:09:31","guid":{"rendered":"http:\/\/college-jean-desme.ac-reunion.fr\/?p=4422"},"modified":"2022-06-06T22:09:53","modified_gmt":"2022-06-06T18:09:53","slug":"les-maths-se-travaillent-aussi-a-lexterieur","status":"publish","type":"post","link":"https:\/\/etab.ac-reunion.fr\/clg-jean-desme\/les-maths-se-travaillent-aussi-a-lexterieur\/","title":{"rendered":"Les maths se travaillent aussi \u00e0 l&rsquo;ext\u00e9rieur"},"content":{"rendered":"\n<p><strong>Les maths, \u00e7a se travaille aussi \u00e0 l\u2019ext\u00e9rieur&nbsp;!<\/strong><\/p>\n\n\n\n<p>Pour la semaine des math\u00e9matiques, les 603 ont r\u00e9alis\u00e9 des constructions g\u00e9om\u00e9triques dans la cour. Ils ont tr\u00e8s bien travaill\u00e9 et nous sommes tr\u00e8s fiers du r\u00e9sultat&nbsp;!<\/p>\n\n\n\n<p>Ils ont appr\u00e9ci\u00e9 d\u2019\u00eatre dehors, de pouvoir bouger tout en faisant des maths et sont ravis que tous puissent admirer leur travail.<\/p>\n\n\n\n<p>Bravo \u00e0 toute la classe de 603&nbsp;!<\/p>\n\n\n\n<figure class=\"wp-block-gallery has-nested-images columns-default is-cropped wp-block-gallery-1 is-layout-flex wp-block-gallery-is-layout-flex\">\n<figure class=\"wp-block-image size-large\"><img loading=\"lazy\" decoding=\"async\" width=\"480\" height=\"640\" data-id=\"4423\" src=\"https:\/\/etab.ac-reunion.fr\/clg-jean-desme\/wp-content\/uploads\/sites\/46\/2022\/06\/Maths-4.jpg\" alt=\"\" class=\"wp-image-4423\" srcset=\"https:\/\/etab.ac-reunion.fr\/clg-jean-desme\/wp-content\/uploads\/sites\/46\/2022\/06\/Maths-4.jpg 480w, https:\/\/etab.ac-reunion.fr\/clg-jean-desme\/wp-content\/uploads\/sites\/46\/2022\/06\/Maths-4-225x300.jpg 225w\" sizes=\"(max-width: 480px) 100vw, 480px\" \/><\/figure>\n\n\n\n<figure class=\"wp-block-image size-large\"><img loading=\"lazy\" decoding=\"async\" width=\"480\" height=\"640\" data-id=\"4424\" src=\"https:\/\/etab.ac-reunion.fr\/clg-jean-desme\/wp-content\/uploads\/sites\/46\/2022\/06\/Maths-1.jpg\" alt=\"\" class=\"wp-image-4424\" srcset=\"https:\/\/etab.ac-reunion.fr\/clg-jean-desme\/wp-content\/uploads\/sites\/46\/2022\/06\/Maths-1.jpg 480w, https:\/\/etab.ac-reunion.fr\/clg-jean-desme\/wp-content\/uploads\/sites\/46\/2022\/06\/Maths-1-225x300.jpg 225w\" sizes=\"(max-width: 480px) 100vw, 480px\" \/><\/figure>\n\n\n\n<figure class=\"wp-block-image size-large\"><img loading=\"lazy\" decoding=\"async\" width=\"480\" height=\"640\" data-id=\"4425\" src=\"https:\/\/etab.ac-reunion.fr\/clg-jean-desme\/wp-content\/uploads\/sites\/46\/2022\/06\/Maths-2.jpg\" alt=\"\" class=\"wp-image-4425\" srcset=\"https:\/\/etab.ac-reunion.fr\/clg-jean-desme\/wp-content\/uploads\/sites\/46\/2022\/06\/Maths-2.jpg 480w, https:\/\/etab.ac-reunion.fr\/clg-jean-desme\/wp-content\/uploads\/sites\/46\/2022\/06\/Maths-2-225x300.jpg 225w\" sizes=\"(max-width: 480px) 100vw, 480px\" \/><\/figure>\n\n\n\n<figure class=\"wp-block-image size-large\"><img loading=\"lazy\" decoding=\"async\" width=\"640\" height=\"480\" data-id=\"4426\" src=\"https:\/\/etab.ac-reunion.fr\/clg-jean-desme\/wp-content\/uploads\/sites\/46\/2022\/06\/Maths-3.jpg\" alt=\"\" class=\"wp-image-4426\" srcset=\"https:\/\/etab.ac-reunion.fr\/clg-jean-desme\/wp-content\/uploads\/sites\/46\/2022\/06\/Maths-3.jpg 640w, https:\/\/etab.ac-reunion.fr\/clg-jean-desme\/wp-content\/uploads\/sites\/46\/2022\/06\/Maths-3-480x360.jpg 480w\" sizes=\"(min-width: 0px) and (max-width: 480px) 480px, (min-width: 481px) 640px, 100vw\" \/><\/figure>\n\n\n\n<figure class=\"wp-block-image size-large\"><img loading=\"lazy\" decoding=\"async\" width=\"480\" height=\"640\" data-id=\"4427\" src=\"https:\/\/etab.ac-reunion.fr\/clg-jean-desme\/wp-content\/uploads\/sites\/46\/2022\/06\/Maths-5.jpg\" alt=\"\" class=\"wp-image-4427\" srcset=\"https:\/\/etab.ac-reunion.fr\/clg-jean-desme\/wp-content\/uploads\/sites\/46\/2022\/06\/Maths-5.jpg 480w, https:\/\/etab.ac-reunion.fr\/clg-jean-desme\/wp-content\/uploads\/sites\/46\/2022\/06\/Maths-5-225x300.jpg 225w\" sizes=\"(max-width: 480px) 100vw, 480px\" \/><\/figure>\n<\/figure>\n","protected":false},"excerpt":{"rendered":"<p>Les maths, \u00e7a se travaille aussi \u00e0 l\u2019ext\u00e9rieur&nbsp;! Pour la semaine des math\u00e9matiques, les 603 ont r\u00e9alis\u00e9 des constructions g\u00e9om\u00e9triques dans la cour. Ils ont tr\u00e8s bien travaill\u00e9 et nous sommes tr\u00e8s fiers du r\u00e9sultat&nbsp;! Ils ont appr\u00e9ci\u00e9 d\u2019\u00eatre dehors, de pouvoir bouger tout en faisant des maths et sont ravis que tous puissent admirer [&hellip;]<\/p>\n","protected":false},"author":7347,"featured_media":4425,"comment_status":"closed","ping_status":"closed","sticky":false,"template":"","format":"standard","meta":{"_et_pb_use_builder":"off","_et_pb_old_content":"","_et_gb_content_width":"","footnotes":""},"categories":[66],"tags":[],"class_list":["post-4422","post","type-post","status-publish","format-standard","has-post-thumbnail","hentry","category-mathematiques"],"_links":{"self":[{"href":"https:\/\/etab.ac-reunion.fr\/clg-jean-desme\/wp-json\/wp\/v2\/posts\/4422","targetHints":{"allow":["GET"]}}],"collection":[{"href":"https:\/\/etab.ac-reunion.fr\/clg-jean-desme\/wp-json\/wp\/v2\/posts"}],"about":[{"href":"https:\/\/etab.ac-reunion.fr\/clg-jean-desme\/wp-json\/wp\/v2\/types\/post"}],"author":[{"embeddable":true,"href":"https:\/\/etab.ac-reunion.fr\/clg-jean-desme\/wp-json\/wp\/v2\/users\/7347"}],"replies":[{"embeddable":true,"href":"https:\/\/etab.ac-reunion.fr\/clg-jean-desme\/wp-json\/wp\/v2\/comments?post=4422"}],"version-history":[{"count":1,"href":"https:\/\/etab.ac-reunion.fr\/clg-jean-desme\/wp-json\/wp\/v2\/posts\/4422\/revisions"}],"predecessor-version":[{"id":4428,"href":"https:\/\/etab.ac-reunion.fr\/clg-jean-desme\/wp-json\/wp\/v2\/posts\/4422\/revisions\/4428"}],"wp:featuredmedia":[{"embeddable":true,"href":"https:\/\/etab.ac-reunion.fr\/clg-jean-desme\/wp-json\/wp\/v2\/media\/4425"}],"wp:attachment":[{"href":"https:\/\/etab.ac-reunion.fr\/clg-jean-desme\/wp-json\/wp\/v2\/media?parent=4422"}],"wp:term":[{"taxonomy":"category","embeddable":true,"href":"https:\/\/etab.ac-reunion.fr\/clg-jean-desme\/wp-json\/wp\/v2\/categories?post=4422"},{"taxonomy":"post_tag","embeddable":true,"href":"https:\/\/etab.ac-reunion.fr\/clg-jean-desme\/wp-json\/wp\/v2\/tags?post=4422"}],"curies":[{"name":"wp","href":"https:\/\/api.w.org\/{rel}","templated":true}]}}