{"id":4782,"date":"2022-11-18T08:52:16","date_gmt":"2022-11-18T04:52:16","guid":{"rendered":"https:\/\/etab.ac-reunion.fr\/clg-jean-desme\/?p=4782"},"modified":"2023-03-09T09:22:28","modified_gmt":"2023-03-09T05:22:28","slug":"ambition-planete-les-jeunes-sengagent-2","status":"publish","type":"post","link":"https:\/\/etab.ac-reunion.fr\/clg-jean-desme\/ambition-planete-les-jeunes-sengagent-2\/","title":{"rendered":"AMBITION PLANETE : LES JEUNES S&rsquo;ENGAGENT"},"content":{"rendered":"\n<figure class=\"wp-block-image size-large\"><img loading=\"lazy\" decoding=\"async\" width=\"724\" height=\"1024\" src=\"https:\/\/etab.ac-reunion.fr\/clg-jean-desme\/wp-content\/uploads\/sites\/46\/2022\/11\/article-sortie-nordev_page-0001-724x1024.jpg\" alt=\"\" class=\"wp-image-4785\" \/><\/figure>\n","protected":false},"excerpt":{"rendered":"<p>Le 10 novembre 2022, plusieurs \u00e9co-d\u00e9l\u00e9gu\u00e9s du coll\u00e8ge Jean d\u2019Esme ont particip\u00e9 au salon \u00ab Ambition plan\u00e8te : les jeunes s\u2019engagent \u00bb o\u00f9 \u00e9taient invit\u00e9s tous les \u00e9co-d\u00e9l\u00e9gu\u00e9s de tous les coll\u00e8ges et lyc\u00e9es de l\u2019\u00eele.<\/p>\n","protected":false},"author":30305,"featured_media":4787,"comment_status":"closed","ping_status":"closed","sticky":false,"template":"","format":"standard","meta":{"_et_pb_use_builder":"off","_et_pb_old_content":"","_et_gb_content_width":"","footnotes":""},"categories":[10],"tags":[],"class_list":["post-4782","post","type-post","status-publish","format-standard","has-post-thumbnail","hentry","category-actualites-du-college"],"_links":{"self":[{"href":"https:\/\/etab.ac-reunion.fr\/clg-jean-desme\/wp-json\/wp\/v2\/posts\/4782","targetHints":{"allow":["GET"]}}],"collection":[{"href":"https:\/\/etab.ac-reunion.fr\/clg-jean-desme\/wp-json\/wp\/v2\/posts"}],"about":[{"href":"https:\/\/etab.ac-reunion.fr\/clg-jean-desme\/wp-json\/wp\/v2\/types\/post"}],"author":[{"embeddable":true,"href":"https:\/\/etab.ac-reunion.fr\/clg-jean-desme\/wp-json\/wp\/v2\/users\/30305"}],"replies":[{"embeddable":true,"href":"https:\/\/etab.ac-reunion.fr\/clg-jean-desme\/wp-json\/wp\/v2\/comments?post=4782"}],"version-history":[{"count":4,"href":"https:\/\/etab.ac-reunion.fr\/clg-jean-desme\/wp-json\/wp\/v2\/posts\/4782\/revisions"}],"predecessor-version":[{"id":4789,"href":"https:\/\/etab.ac-reunion.fr\/clg-jean-desme\/wp-json\/wp\/v2\/posts\/4782\/revisions\/4789"}],"wp:featuredmedia":[{"embeddable":true,"href":"https:\/\/etab.ac-reunion.fr\/clg-jean-desme\/wp-json\/wp\/v2\/media\/4787"}],"wp:attachment":[{"href":"https:\/\/etab.ac-reunion.fr\/clg-jean-desme\/wp-json\/wp\/v2\/media?parent=4782"}],"wp:term":[{"taxonomy":"category","embeddable":true,"href":"https:\/\/etab.ac-reunion.fr\/clg-jean-desme\/wp-json\/wp\/v2\/categories?post=4782"},{"taxonomy":"post_tag","embeddable":true,"href":"https:\/\/etab.ac-reunion.fr\/clg-jean-desme\/wp-json\/wp\/v2\/tags?post=4782"}],"curies":[{"name":"wp","href":"https:\/\/api.w.org\/{rel}","templated":true}]}}