{"id":4882,"date":"2023-04-18T17:27:31","date_gmt":"2023-04-18T13:27:31","guid":{"rendered":"https:\/\/etab.ac-reunion.fr\/clg-jean-desme\/?p=4882"},"modified":"2023-08-24T11:48:42","modified_gmt":"2023-08-24T07:48:42","slug":"dans-un-mois-la-recolte","status":"publish","type":"post","link":"https:\/\/etab.ac-reunion.fr\/clg-jean-desme\/dans-un-mois-la-recolte\/","title":{"rendered":"Dans un mois la r\u00e9colte\u00a0!"},"content":{"rendered":"\n<p>Pendant le mois de mars a eu lieu l\u2019avant-derni\u00e8re intervention pratique (la quatri\u00e8me) sur les ruches. Cette s\u00e9ance a permis aux \u00e9l\u00e8ves de constater que les ruches \u00e9taient en bonne sant\u00e9 et que la r\u00e9colte s\u2019annon\u00e7ait sous de bons hospices.<\/p>\n\n\n\n<p>Comme \u00e0 chaque visite sur les ruches, le mat\u00e9riel de s\u00e9curit\u00e9 est obligatoire, \u00e0 savoir, la vareuse, les gants, un pantalon long et une paire de chaussures ferm\u00e9es&nbsp;!<\/p>\n\n\n\n<p><\/p>\n\n\n\n<figure class=\"wp-block-image size-full\"><img loading=\"lazy\" decoding=\"async\" width=\"640\" height=\"481\" src=\"https:\/\/etab.ac-reunion.fr\/clg-jean-desme\/wp-content\/uploads\/sites\/46\/2023\/04\/11.jpg\" alt=\"\" class=\"wp-image-4883\" srcset=\"https:\/\/etab.ac-reunion.fr\/clg-jean-desme\/wp-content\/uploads\/sites\/46\/2023\/04\/11.jpg 640w, https:\/\/etab.ac-reunion.fr\/clg-jean-desme\/wp-content\/uploads\/sites\/46\/2023\/04\/11-480x361.jpg 480w\" sizes=\"(min-width: 0px) and (max-width: 480px) 480px, (min-width: 481px) 640px, 100vw\" \/><\/figure>\n\n\n\n<p>Il y a eu aussi des activit\u00e9s technologiques comme la construction de cadres en bois pour les ruches, ainsi que la mise en place des amorces de cire pour faciliter le travail des abeilles. Toutes ces activit\u00e9s ont \u00e9t\u00e9 effectu\u00e9es sous l\u2019\u0153il vigilant et attentif de notre apiculteur.<\/p>\n\n\n\n<figure class=\"wp-block-image size-full\"><img loading=\"lazy\" decoding=\"async\" width=\"640\" height=\"481\" src=\"https:\/\/etab.ac-reunion.fr\/clg-jean-desme\/wp-content\/uploads\/sites\/46\/2023\/04\/12.jpg\" alt=\"\" class=\"wp-image-4884\" srcset=\"https:\/\/etab.ac-reunion.fr\/clg-jean-desme\/wp-content\/uploads\/sites\/46\/2023\/04\/12.jpg 640w, https:\/\/etab.ac-reunion.fr\/clg-jean-desme\/wp-content\/uploads\/sites\/46\/2023\/04\/12-480x361.jpg 480w\" sizes=\"(min-width: 0px) and (max-width: 480px) 480px, (min-width: 481px) 640px, 100vw\" \/><\/figure>\n\n\n\n<figure class=\"wp-block-image size-full\"><img loading=\"lazy\" decoding=\"async\" width=\"640\" height=\"480\" src=\"https:\/\/etab.ac-reunion.fr\/clg-jean-desme\/wp-content\/uploads\/sites\/46\/2023\/04\/13.jpg\" alt=\"\" class=\"wp-image-4885\" srcset=\"https:\/\/etab.ac-reunion.fr\/clg-jean-desme\/wp-content\/uploads\/sites\/46\/2023\/04\/13.jpg 640w, https:\/\/etab.ac-reunion.fr\/clg-jean-desme\/wp-content\/uploads\/sites\/46\/2023\/04\/13-480x360.jpg 480w\" sizes=\"(min-width: 0px) and (max-width: 480px) 480px, (min-width: 481px) 640px, 100vw\" \/><\/figure>\n\n\n\n<p><\/p>\n","protected":false},"excerpt":{"rendered":"<p>Pendant le mois de mars a eu lieu l\u2019avant-derni\u00e8re intervention pratique (la quatri\u00e8me) sur les ruches. Cette s\u00e9ance a permis aux \u00e9l\u00e8ves de constater que les ruches \u00e9taient en bonne sant\u00e9 et que la r\u00e9colte s\u2019annon\u00e7ait sous de bons hospices. Comme \u00e0 chaque visite sur les ruches, le mat\u00e9riel de s\u00e9curit\u00e9 est obligatoire, \u00e0 savoir, [&hellip;]<\/p>\n","protected":false},"author":30305,"featured_media":4886,"comment_status":"closed","ping_status":"closed","sticky":false,"template":"","format":"standard","meta":{"_et_pb_use_builder":"off","_et_pb_old_content":"","_et_gb_content_width":"","footnotes":""},"categories":[10,52,51,53],"tags":[],"class_list":["post-4882","post","type-post","status-publish","format-standard","has-post-thumbnail","hentry","category-actualites-du-college","category-education-au-developpement-durable","category-la-vie-du-college","category-projets-et-evenements"],"_links":{"self":[{"href":"https:\/\/etab.ac-reunion.fr\/clg-jean-desme\/wp-json\/wp\/v2\/posts\/4882","targetHints":{"allow":["GET"]}}],"collection":[{"href":"https:\/\/etab.ac-reunion.fr\/clg-jean-desme\/wp-json\/wp\/v2\/posts"}],"about":[{"href":"https:\/\/etab.ac-reunion.fr\/clg-jean-desme\/wp-json\/wp\/v2\/types\/post"}],"author":[{"embeddable":true,"href":"https:\/\/etab.ac-reunion.fr\/clg-jean-desme\/wp-json\/wp\/v2\/users\/30305"}],"replies":[{"embeddable":true,"href":"https:\/\/etab.ac-reunion.fr\/clg-jean-desme\/wp-json\/wp\/v2\/comments?post=4882"}],"version-history":[{"count":2,"href":"https:\/\/etab.ac-reunion.fr\/clg-jean-desme\/wp-json\/wp\/v2\/posts\/4882\/revisions"}],"predecessor-version":[{"id":4888,"href":"https:\/\/etab.ac-reunion.fr\/clg-jean-desme\/wp-json\/wp\/v2\/posts\/4882\/revisions\/4888"}],"wp:featuredmedia":[{"embeddable":true,"href":"https:\/\/etab.ac-reunion.fr\/clg-jean-desme\/wp-json\/wp\/v2\/media\/4886"}],"wp:attachment":[{"href":"https:\/\/etab.ac-reunion.fr\/clg-jean-desme\/wp-json\/wp\/v2\/media?parent=4882"}],"wp:term":[{"taxonomy":"category","embeddable":true,"href":"https:\/\/etab.ac-reunion.fr\/clg-jean-desme\/wp-json\/wp\/v2\/categories?post=4882"},{"taxonomy":"post_tag","embeddable":true,"href":"https:\/\/etab.ac-reunion.fr\/clg-jean-desme\/wp-json\/wp\/v2\/tags?post=4882"}],"curies":[{"name":"wp","href":"https:\/\/api.w.org\/{rel}","templated":true}]}}