{"id":4924,"date":"2023-06-21T07:59:34","date_gmt":"2023-06-21T03:59:34","guid":{"rendered":"https:\/\/etab.ac-reunion.fr\/clg-jean-desme\/?p=4924"},"modified":"2023-06-21T07:59:36","modified_gmt":"2023-06-21T03:59:36","slug":"information-aux-eleves-de-3e-concernes-par-la-voie-professionnelle-et-a-leur-famille","status":"publish","type":"post","link":"https:\/\/etab.ac-reunion.fr\/clg-jean-desme\/information-aux-eleves-de-3e-concernes-par-la-voie-professionnelle-et-a-leur-famille\/","title":{"rendered":"Information aux \u00e9l\u00e8ves de 3e concern\u00e9s par la voie professionnelle et \u00e0 leur famille"},"content":{"rendered":"\n<p>La r\u00e9forme des lyc\u00e9es professionnels amorce sa mise en \u0153uvre, et la plupart de ses mesures entrent en vigueur d\u00e8s la rentr\u00e9e scolaire prochaine (ann\u00e9e 2023-24).<\/p>\n\n\n\n<p>Parmi elles la gratification des semaines de stage \u00e0 hauteur de 50\u20ac par semaine en 1\u00e8re ann\u00e9e de CAP et en seconde professionnelle, et la cr\u00e9ation d\u2019un bureau des entreprises dans chaque lyc\u00e9e professionnel constituent des \u00e9l\u00e9ments majeurs pour la motivation et la r\u00e9ussite des \u00e9l\u00e8ves.<\/p>\n\n\n\n<figure class=\"wp-block-image size-large\"><img loading=\"lazy\" decoding=\"async\" width=\"724\" height=\"1024\" src=\"https:\/\/etab.ac-reunion.fr\/clg-jean-desme\/wp-content\/uploads\/sites\/46\/2023\/06\/flyer-futur-lyc-ens-professionnels-155699_0_page-0001-724x1024.jpg\" alt=\"\" class=\"wp-image-4925\" srcset=\"https:\/\/etab.ac-reunion.fr\/clg-jean-desme\/wp-content\/uploads\/sites\/46\/2023\/06\/flyer-futur-lyc-ens-professionnels-155699_0_page-0001-724x1024.jpg 724w, https:\/\/etab.ac-reunion.fr\/clg-jean-desme\/wp-content\/uploads\/sites\/46\/2023\/06\/flyer-futur-lyc-ens-professionnels-155699_0_page-0001-480x679.jpg 480w\" sizes=\"(min-width: 0px) and (max-width: 480px) 480px, (min-width: 481px) 724px, 100vw\" \/><\/figure>\n","protected":false},"excerpt":{"rendered":"<p>La r\u00e9forme des lyc\u00e9es professionnels amorce sa mise en \u0153uvre, et la plupart de ses mesures entrent en vigueur d\u00e8s la rentr\u00e9e scolaire prochaine (ann\u00e9e 2023-24). Parmi elles la gratification des semaines de stage \u00e0 hauteur de 50\u20ac par semaine en 1\u00e8re ann\u00e9e de CAP et en seconde professionnelle, et la cr\u00e9ation d\u2019un bureau des [&hellip;]<\/p>\n","protected":false},"author":30305,"featured_media":0,"comment_status":"closed","ping_status":"closed","sticky":false,"template":"","format":"standard","meta":{"_et_pb_use_builder":"off","_et_pb_old_content":"","_et_gb_content_width":"","footnotes":""},"categories":[10,40,1,61],"tags":[],"class_list":["post-4924","post","type-post","status-publish","format-standard","hentry","category-actualites-du-college","category-information-aux-parents-deleves","category-information-generale","category-orientation"],"_links":{"self":[{"href":"https:\/\/etab.ac-reunion.fr\/clg-jean-desme\/wp-json\/wp\/v2\/posts\/4924","targetHints":{"allow":["GET"]}}],"collection":[{"href":"https:\/\/etab.ac-reunion.fr\/clg-jean-desme\/wp-json\/wp\/v2\/posts"}],"about":[{"href":"https:\/\/etab.ac-reunion.fr\/clg-jean-desme\/wp-json\/wp\/v2\/types\/post"}],"author":[{"embeddable":true,"href":"https:\/\/etab.ac-reunion.fr\/clg-jean-desme\/wp-json\/wp\/v2\/users\/30305"}],"replies":[{"embeddable":true,"href":"https:\/\/etab.ac-reunion.fr\/clg-jean-desme\/wp-json\/wp\/v2\/comments?post=4924"}],"version-history":[{"count":1,"href":"https:\/\/etab.ac-reunion.fr\/clg-jean-desme\/wp-json\/wp\/v2\/posts\/4924\/revisions"}],"predecessor-version":[{"id":4926,"href":"https:\/\/etab.ac-reunion.fr\/clg-jean-desme\/wp-json\/wp\/v2\/posts\/4924\/revisions\/4926"}],"wp:attachment":[{"href":"https:\/\/etab.ac-reunion.fr\/clg-jean-desme\/wp-json\/wp\/v2\/media?parent=4924"}],"wp:term":[{"taxonomy":"category","embeddable":true,"href":"https:\/\/etab.ac-reunion.fr\/clg-jean-desme\/wp-json\/wp\/v2\/categories?post=4924"},{"taxonomy":"post_tag","embeddable":true,"href":"https:\/\/etab.ac-reunion.fr\/clg-jean-desme\/wp-json\/wp\/v2\/tags?post=4924"}],"curies":[{"name":"wp","href":"https:\/\/api.w.org\/{rel}","templated":true}]}}