{"id":4931,"date":"2023-08-11T11:43:45","date_gmt":"2023-08-11T07:43:45","guid":{"rendered":"https:\/\/etab.ac-reunion.fr\/clg-jean-desme\/?p=4931"},"modified":"2023-08-28T08:09:18","modified_gmt":"2023-08-28T04:09:18","slug":"rentree-scolaire-2023-2024","status":"publish","type":"post","link":"https:\/\/etab.ac-reunion.fr\/clg-jean-desme\/rentree-scolaire-2023-2024\/","title":{"rendered":"Rentr\u00e9e scolaire 2023 &#8211; 2024"},"content":{"rendered":"\n<p class=\"has-vivid-red-color has-text-color\"><strong>La demi-pension sera assur\u00e9e d\u00e8s ce jeudi 17 ao\u00fbt pour les \u00e9l\u00e8ves demi-pensionnaire<\/strong>.<\/p>\n\n\n\n<p class=\"has-vivid-red-color has-text-color\"><strong>Le vendredi 18 ao\u00fbt les \u00e9l\u00e8ves externes seront lib\u00e9r\u00e9s \u00e0 12h05 et les \u00e9l\u00e8ves demi-pensionnaire \u00e0 13h30, Le transport scolaire est assur\u00e9 \u00e0 13h30 pour les \u00e9l\u00e8ves demi-pensionnaire<\/strong>.<\/p>\n\n\n\n<figure class=\"wp-block-image size-large\"><img loading=\"lazy\" decoding=\"async\" width=\"725\" height=\"1024\" src=\"https:\/\/etab.ac-reunion.fr\/clg-jean-desme\/wp-content\/uploads\/sites\/46\/2023\/08\/LIVRET-DE-RENTREE-2023_page-0009-725x1024.jpg\" alt=\"\" class=\"wp-image-4932\" \/><\/figure>\n","protected":false},"excerpt":{"rendered":"<p>La demi-pension sera assur\u00e9e d\u00e8s ce jeudi 17 ao\u00fbt pour les \u00e9l\u00e8ves demi-pensionnaire. Le vendredi 18 ao\u00fbt les \u00e9l\u00e8ves externes seront lib\u00e9r\u00e9s \u00e0 12h05 et les \u00e9l\u00e8ves demi-pensionnaire \u00e0 13h30, Le transport scolaire est assur\u00e9 \u00e0 13h30 pour les \u00e9l\u00e8ves demi-pensionnaire.<\/p>\n","protected":false},"author":30305,"featured_media":4934,"comment_status":"closed","ping_status":"closed","sticky":false,"template":"","format":"standard","meta":{"_et_pb_use_builder":"off","_et_pb_old_content":"","_et_gb_content_width":"","footnotes":""},"categories":[10,40,1],"tags":[],"class_list":["post-4931","post","type-post","status-publish","format-standard","has-post-thumbnail","hentry","category-actualites-du-college","category-information-aux-parents-deleves","category-information-generale"],"_links":{"self":[{"href":"https:\/\/etab.ac-reunion.fr\/clg-jean-desme\/wp-json\/wp\/v2\/posts\/4931","targetHints":{"allow":["GET"]}}],"collection":[{"href":"https:\/\/etab.ac-reunion.fr\/clg-jean-desme\/wp-json\/wp\/v2\/posts"}],"about":[{"href":"https:\/\/etab.ac-reunion.fr\/clg-jean-desme\/wp-json\/wp\/v2\/types\/post"}],"author":[{"embeddable":true,"href":"https:\/\/etab.ac-reunion.fr\/clg-jean-desme\/wp-json\/wp\/v2\/users\/30305"}],"replies":[{"embeddable":true,"href":"https:\/\/etab.ac-reunion.fr\/clg-jean-desme\/wp-json\/wp\/v2\/comments?post=4931"}],"version-history":[{"count":3,"href":"https:\/\/etab.ac-reunion.fr\/clg-jean-desme\/wp-json\/wp\/v2\/posts\/4931\/revisions"}],"predecessor-version":[{"id":4937,"href":"https:\/\/etab.ac-reunion.fr\/clg-jean-desme\/wp-json\/wp\/v2\/posts\/4931\/revisions\/4937"}],"wp:featuredmedia":[{"embeddable":true,"href":"https:\/\/etab.ac-reunion.fr\/clg-jean-desme\/wp-json\/wp\/v2\/media\/4934"}],"wp:attachment":[{"href":"https:\/\/etab.ac-reunion.fr\/clg-jean-desme\/wp-json\/wp\/v2\/media?parent=4931"}],"wp:term":[{"taxonomy":"category","embeddable":true,"href":"https:\/\/etab.ac-reunion.fr\/clg-jean-desme\/wp-json\/wp\/v2\/categories?post=4931"},{"taxonomy":"post_tag","embeddable":true,"href":"https:\/\/etab.ac-reunion.fr\/clg-jean-desme\/wp-json\/wp\/v2\/tags?post=4931"}],"curies":[{"name":"wp","href":"https:\/\/api.w.org\/{rel}","templated":true}]}}