{"id":4940,"date":"2023-08-28T08:05:41","date_gmt":"2023-08-28T04:05:41","guid":{"rendered":"https:\/\/etab.ac-reunion.fr\/clg-jean-desme\/?p=4940"},"modified":"2023-11-03T10:56:46","modified_gmt":"2023-11-03T06:56:46","slug":"article-edd-sur-les-projets-realises-pour-lannee-2022-2023-au-college-jean-desme","status":"publish","type":"post","link":"https:\/\/etab.ac-reunion.fr\/clg-jean-desme\/article-edd-sur-les-projets-realises-pour-lannee-2022-2023-au-college-jean-desme\/","title":{"rendered":"Article EDD sur les projets r\u00e9alis\u00e9s pour l&rsquo;ann\u00e9e 2022\/2023 au coll\u00e8ge Jean d&rsquo;Esme"},"content":{"rendered":"\n<p>Pour l\u2019ann\u00e9e scolaire 2022\/2023, port\u00e9s par les \u00e9co-d\u00e9l\u00e9gu\u00e9s de l\u2019\u00e9tablissement, le personnel et les \u00e9l\u00e8ves du coll\u00e8ge Jean d\u2019Esme se sont donn\u00e9s pour mission d\u2019embellir notre coll\u00e8ge en enrichissant la biodiversit\u00e9 pr\u00e9sente.<\/p>\n\n\n\n<p>Parmi les nombreux projets de cette ann\u00e9e, deux nouveaux projets ont pris beaucoup de temps et d\u2019\u00e9nergie, mais leur aboutissement \u00e0 \u00e9galement \u00e9t\u00e9 source d\u2019une grande satisfaction pour les \u00e9l\u00e8ves et le personnel qui se sont beaucoup investis. Il s\u2019agit de la mise en place d\u2019un bassin de jardin ainsi que de la r\u00e9alisation d\u2019un mur v\u00e9g\u00e9tal \u00e0 l\u2019entr\u00e9e du coll\u00e8ge. (Ces derniers ont contribu\u00e9 \u00e0 l\u2019obtention de la m\u00e9daille d\u2019argent pour la labellisation \u00e9co-\u00e9cole obtenus cette ann\u00e9e par 16 \u00e9tablissements de l\u2019\u00eele).<\/p>\n\n\n\n<p>La r\u00e9flexion et la mise en place de ces projets a \u00e9t\u00e9 l\u2019occasion d\u2019impliquer un certain nombre d\u2019\u00e9l\u00e8ves, de personnels et de faire participer diverses disciplines qui pourront continuer \u00e0 prendre part \u00e0 l\u2019am\u00e9lioration de ces projets dans les ann\u00e9es \u00e0 venir.<\/p>\n\n\n\n<figure class=\"wp-block-gallery has-nested-images columns-default is-cropped wp-block-gallery-1 is-layout-flex wp-block-gallery-is-layout-flex\">\n<figure class=\"wp-block-image size-full\"><img loading=\"lazy\" decoding=\"async\" width=\"360\" height=\"640\" data-id=\"4944\" src=\"https:\/\/etab.ac-reunion.fr\/clg-jean-desme\/wp-content\/uploads\/sites\/46\/2023\/08\/eleves.jpg\" alt=\"\" class=\"wp-image-4944\" srcset=\"https:\/\/etab.ac-reunion.fr\/clg-jean-desme\/wp-content\/uploads\/sites\/46\/2023\/08\/eleves.jpg 360w, https:\/\/etab.ac-reunion.fr\/clg-jean-desme\/wp-content\/uploads\/sites\/46\/2023\/08\/eleves-169x300.jpg 169w\" sizes=\"(max-width: 360px) 100vw, 360px\" \/><\/figure>\n\n\n\n<figure class=\"wp-block-image size-large\"><img loading=\"lazy\" decoding=\"async\" width=\"768\" height=\"1024\" data-id=\"4943\" src=\"https:\/\/etab.ac-reunion.fr\/clg-jean-desme\/wp-content\/uploads\/sites\/46\/2023\/08\/bassin-768x1024.jpg\" alt=\"\" class=\"wp-image-4943\" \/><\/figure>\n\n\n\n<figure class=\"wp-block-image size-large\"><img loading=\"lazy\" decoding=\"async\" width=\"768\" height=\"1024\" data-id=\"4945\" src=\"https:\/\/etab.ac-reunion.fr\/clg-jean-desme\/wp-content\/uploads\/sites\/46\/2023\/08\/nichoirs-768x1024.jpg\" alt=\"\" class=\"wp-image-4945\" \/><\/figure>\n\n\n\n<figure class=\"wp-block-image size-large\"><img loading=\"lazy\" decoding=\"async\" width=\"1024\" height=\"768\" data-id=\"4942\" src=\"https:\/\/etab.ac-reunion.fr\/clg-jean-desme\/wp-content\/uploads\/sites\/46\/2023\/08\/20230622_132637-1024x768.jpg\" alt=\"\" class=\"wp-image-4942\" srcset=\"https:\/\/etab.ac-reunion.fr\/clg-jean-desme\/wp-content\/uploads\/sites\/46\/2023\/08\/20230622_132637-980x735.jpg 980w, https:\/\/etab.ac-reunion.fr\/clg-jean-desme\/wp-content\/uploads\/sites\/46\/2023\/08\/20230622_132637-480x360.jpg 480w\" sizes=\"(min-width: 0px) and (max-width: 480px) 480px, (min-width: 481px) and (max-width: 980px) 980px, (min-width: 981px) 1024px, 100vw\" \/><\/figure>\n<\/figure>\n","protected":false},"excerpt":{"rendered":"<p>Pour l\u2019ann\u00e9e scolaire 2022\/2023, port\u00e9s par les \u00e9co-d\u00e9l\u00e9gu\u00e9s de l\u2019\u00e9tablissement, le personnel et les \u00e9l\u00e8ves du coll\u00e8ge Jean d\u2019Esme se sont donn\u00e9s pour mission d\u2019embellir notre coll\u00e8ge en enrichissant la biodiversit\u00e9 pr\u00e9sente. Parmi les nombreux projets de cette ann\u00e9e, deux nouveaux projets ont pris beaucoup de temps et d\u2019\u00e9nergie, mais leur aboutissement \u00e0 \u00e9galement \u00e9t\u00e9 [&hellip;]<\/p>\n","protected":false},"author":30305,"featured_media":4941,"comment_status":"closed","ping_status":"closed","sticky":false,"template":"","format":"standard","meta":{"_et_pb_use_builder":"off","_et_pb_old_content":"","_et_gb_content_width":"","footnotes":""},"categories":[10,52,51],"tags":[],"class_list":["post-4940","post","type-post","status-publish","format-standard","has-post-thumbnail","hentry","category-actualites-du-college","category-education-au-developpement-durable","category-la-vie-du-college"],"_links":{"self":[{"href":"https:\/\/etab.ac-reunion.fr\/clg-jean-desme\/wp-json\/wp\/v2\/posts\/4940","targetHints":{"allow":["GET"]}}],"collection":[{"href":"https:\/\/etab.ac-reunion.fr\/clg-jean-desme\/wp-json\/wp\/v2\/posts"}],"about":[{"href":"https:\/\/etab.ac-reunion.fr\/clg-jean-desme\/wp-json\/wp\/v2\/types\/post"}],"author":[{"embeddable":true,"href":"https:\/\/etab.ac-reunion.fr\/clg-jean-desme\/wp-json\/wp\/v2\/users\/30305"}],"replies":[{"embeddable":true,"href":"https:\/\/etab.ac-reunion.fr\/clg-jean-desme\/wp-json\/wp\/v2\/comments?post=4940"}],"version-history":[{"count":2,"href":"https:\/\/etab.ac-reunion.fr\/clg-jean-desme\/wp-json\/wp\/v2\/posts\/4940\/revisions"}],"predecessor-version":[{"id":4955,"href":"https:\/\/etab.ac-reunion.fr\/clg-jean-desme\/wp-json\/wp\/v2\/posts\/4940\/revisions\/4955"}],"wp:featuredmedia":[{"embeddable":true,"href":"https:\/\/etab.ac-reunion.fr\/clg-jean-desme\/wp-json\/wp\/v2\/media\/4941"}],"wp:attachment":[{"href":"https:\/\/etab.ac-reunion.fr\/clg-jean-desme\/wp-json\/wp\/v2\/media?parent=4940"}],"wp:term":[{"taxonomy":"category","embeddable":true,"href":"https:\/\/etab.ac-reunion.fr\/clg-jean-desme\/wp-json\/wp\/v2\/categories?post=4940"},{"taxonomy":"post_tag","embeddable":true,"href":"https:\/\/etab.ac-reunion.fr\/clg-jean-desme\/wp-json\/wp\/v2\/tags?post=4940"}],"curies":[{"name":"wp","href":"https:\/\/api.w.org\/{rel}","templated":true}]}}