{"id":4947,"date":"2023-08-28T08:08:45","date_gmt":"2023-08-28T04:08:45","guid":{"rendered":"https:\/\/etab.ac-reunion.fr\/clg-jean-desme\/?p=4947"},"modified":"2023-08-28T08:09:09","modified_gmt":"2023-08-28T04:09:09","slug":"journal-integration-6eme","status":"publish","type":"post","link":"https:\/\/etab.ac-reunion.fr\/clg-jean-desme\/journal-integration-6eme\/","title":{"rendered":"Journal int\u00e9gration 6\u00e8me"},"content":{"rendered":"\n<p>Le Jeudi 17 Ao\u00fbt 2023, les \u00e9l\u00e8ves de 6<sup>\u00e8me<\/sup> ont particip\u00e9 \u00e0 une apr\u00e8s midi d\u2019int\u00e9gration. Cette demi-journ\u00e9e avait pour objectif de cr\u00e9er du lien, de se conna\u00eetre et de d\u00e9couvrir les disciplines et les professeurs tout en s\u2019amusant. Ils ont pu vivre des ateliers diff\u00e9rents sur les sciences, les lettres, la sant\u00e9, l\u2019eps, le jardinage, les ateliers segpa, la g\u00e9ographie et la technologie. Nous souhaitons la bienvenue \u00e0 tous les \u00e9l\u00e8ves de 6<sup>\u00e8me<\/sup> et une belle ann\u00e9e scolaire.<\/p>\n\n\n\n<p>Mme Auguste<\/p>\n\n\n\n<figure class=\"wp-block-gallery has-nested-images columns-default is-cropped wp-block-gallery-1 is-layout-flex wp-block-gallery-is-layout-flex\">\n<figure class=\"wp-block-image size-large\"><img loading=\"lazy\" decoding=\"async\" width=\"768\" height=\"1024\" data-id=\"4948\" src=\"https:\/\/etab.ac-reunion.fr\/clg-jean-desme\/wp-content\/uploads\/sites\/46\/2023\/08\/1-768x1024.jpg\" alt=\"\" class=\"wp-image-4948\" \/><\/figure>\n\n\n\n<figure class=\"wp-block-image size-large\"><img loading=\"lazy\" decoding=\"async\" width=\"768\" height=\"1024\" data-id=\"4951\" src=\"https:\/\/etab.ac-reunion.fr\/clg-jean-desme\/wp-content\/uploads\/sites\/46\/2023\/08\/2-768x1024.jpg\" alt=\"\" class=\"wp-image-4951\" \/><\/figure>\n\n\n\n<figure class=\"wp-block-image size-large\"><img loading=\"lazy\" decoding=\"async\" width=\"768\" height=\"1024\" data-id=\"4950\" src=\"https:\/\/etab.ac-reunion.fr\/clg-jean-desme\/wp-content\/uploads\/sites\/46\/2023\/08\/3-768x1024.jpg\" alt=\"\" class=\"wp-image-4950\" \/><\/figure>\n\n\n\n<figure class=\"wp-block-image size-large\"><img loading=\"lazy\" decoding=\"async\" width=\"1384\" height=\"1845\" data-id=\"4949\" src=\"https:\/\/etab.ac-reunion.fr\/clg-jean-desme\/wp-content\/uploads\/sites\/46\/2023\/08\/4-768x1024.jpg\" alt=\"\" class=\"wp-image-4949\" srcset=\"https:\/\/etab.ac-reunion.fr\/clg-jean-desme\/wp-content\/uploads\/sites\/46\/2023\/08\/4-768x1024.jpg 1384w, https:\/\/etab.ac-reunion.fr\/clg-jean-desme\/wp-content\/uploads\/sites\/46\/2023\/08\/4-1280x1706.jpg 1280w, https:\/\/etab.ac-reunion.fr\/clg-jean-desme\/wp-content\/uploads\/sites\/46\/2023\/08\/4-980x1306.jpg 980w, https:\/\/etab.ac-reunion.fr\/clg-jean-desme\/wp-content\/uploads\/sites\/46\/2023\/08\/4-480x640.jpg 480w\" sizes=\"(min-width: 0px) and (max-width: 480px) 480px, (min-width: 481px) and (max-width: 980px) 980px, (min-width: 981px) and (max-width: 1280px) 1280px, (min-width: 1281px) 1384px, 100vw\" \/><\/figure>\n<\/figure>\n","protected":false},"excerpt":{"rendered":"<p>Le Jeudi 17 Ao\u00fbt 2023, les \u00e9l\u00e8ves de 6\u00e8me ont particip\u00e9 \u00e0 une apr\u00e8s midi d\u2019int\u00e9gration. Cette demi-journ\u00e9e avait pour objectif de cr\u00e9er du lien, de se conna\u00eetre et de d\u00e9couvrir les disciplines et les professeurs tout en s\u2019amusant. Ils ont pu vivre des ateliers diff\u00e9rents sur les sciences, les lettres, la sant\u00e9, l\u2019eps, le [&hellip;]<\/p>\n","protected":false},"author":30305,"featured_media":0,"comment_status":"closed","ping_status":"closed","sticky":false,"template":"","format":"standard","meta":{"_et_pb_use_builder":"off","_et_pb_old_content":"","_et_gb_content_width":"","footnotes":""},"categories":[10,51],"tags":[],"class_list":["post-4947","post","type-post","status-publish","format-standard","hentry","category-actualites-du-college","category-la-vie-du-college"],"_links":{"self":[{"href":"https:\/\/etab.ac-reunion.fr\/clg-jean-desme\/wp-json\/wp\/v2\/posts\/4947","targetHints":{"allow":["GET"]}}],"collection":[{"href":"https:\/\/etab.ac-reunion.fr\/clg-jean-desme\/wp-json\/wp\/v2\/posts"}],"about":[{"href":"https:\/\/etab.ac-reunion.fr\/clg-jean-desme\/wp-json\/wp\/v2\/types\/post"}],"author":[{"embeddable":true,"href":"https:\/\/etab.ac-reunion.fr\/clg-jean-desme\/wp-json\/wp\/v2\/users\/30305"}],"replies":[{"embeddable":true,"href":"https:\/\/etab.ac-reunion.fr\/clg-jean-desme\/wp-json\/wp\/v2\/comments?post=4947"}],"version-history":[{"count":2,"href":"https:\/\/etab.ac-reunion.fr\/clg-jean-desme\/wp-json\/wp\/v2\/posts\/4947\/revisions"}],"predecessor-version":[{"id":4953,"href":"https:\/\/etab.ac-reunion.fr\/clg-jean-desme\/wp-json\/wp\/v2\/posts\/4947\/revisions\/4953"}],"wp:attachment":[{"href":"https:\/\/etab.ac-reunion.fr\/clg-jean-desme\/wp-json\/wp\/v2\/media?parent=4947"}],"wp:term":[{"taxonomy":"category","embeddable":true,"href":"https:\/\/etab.ac-reunion.fr\/clg-jean-desme\/wp-json\/wp\/v2\/categories?post=4947"},{"taxonomy":"post_tag","embeddable":true,"href":"https:\/\/etab.ac-reunion.fr\/clg-jean-desme\/wp-json\/wp\/v2\/tags?post=4947"}],"curies":[{"name":"wp","href":"https:\/\/api.w.org\/{rel}","templated":true}]}}