{"id":4985,"date":"2023-09-12T09:56:27","date_gmt":"2023-09-12T05:56:27","guid":{"rendered":"https:\/\/etab.ac-reunion.fr\/clg-jean-desme\/?p=4985"},"modified":"2023-09-12T09:57:15","modified_gmt":"2023-09-12T05:57:15","slug":"une-annee-olympique-et-paralympique-a-lecole","status":"publish","type":"post","link":"https:\/\/etab.ac-reunion.fr\/clg-jean-desme\/une-annee-olympique-et-paralympique-a-lecole\/","title":{"rendered":"Une ann\u00e9e olympique et paralympique \u00e0 l&rsquo;\u00e9cole"},"content":{"rendered":"\n<p>Les Jeux olympiques et paralympiques de l\u2019\u00e9t\u00e9 et de l\u2019automne 2024 constituent, vous le savez, une occasion exceptionnelle de promouvoir toujours plus les bienfaits et les valeurs du sport aupr\u00e8s des enfants et des jeunes, de leur proposer des activit\u00e9s sportives, et bien s\u00fbr de les mobiliser autour de cet \u00e9v\u00e9nement majeur<\/p>\n\n\n\n<figure class=\"wp-block-image size-large\"><img loading=\"lazy\" decoding=\"async\" width=\"724\" height=\"1024\" src=\"https:\/\/etab.ac-reunion.fr\/clg-jean-desme\/wp-content\/uploads\/sites\/46\/2023\/09\/2023-2024-une-ann-e-olympique-et-paralympique-l-cole-157494_0_page-0001-724x1024.jpg\" alt=\"\" class=\"wp-image-4986\" \/><\/figure>\n\n\n\n<p><a href=\"https:\/\/pass.sports.gouv.fr\/\">Retrouver juste ici les informations sur le dispositif Pass&rsquo;Sport qui vous permet de r\u00e9duire de 50\u20ac le co\u00fbt d\u2019une adh\u00e9sion dans un club sportif.<\/a><\/p>\n","protected":false},"excerpt":{"rendered":"<p>Les Jeux olympiques et paralympiques de l\u2019\u00e9t\u00e9 et de l\u2019automne 2024 constituent, vous le savez, une occasion exceptionnelle de promouvoir toujours plus les bienfaits et les valeurs du sport aupr\u00e8s des enfants et des jeunes, de leur proposer des activit\u00e9s sportives, et bien s\u00fbr de les mobiliser autour de cet \u00e9v\u00e9nement majeur Retrouver juste ici [&hellip;]<\/p>\n","protected":false},"author":30305,"featured_media":4988,"comment_status":"closed","ping_status":"closed","sticky":false,"template":"","format":"standard","meta":{"_et_pb_use_builder":"off","_et_pb_old_content":"","_et_gb_content_width":"","footnotes":""},"categories":[10,40,1],"tags":[],"class_list":["post-4985","post","type-post","status-publish","format-standard","has-post-thumbnail","hentry","category-actualites-du-college","category-information-aux-parents-deleves","category-information-generale"],"_links":{"self":[{"href":"https:\/\/etab.ac-reunion.fr\/clg-jean-desme\/wp-json\/wp\/v2\/posts\/4985","targetHints":{"allow":["GET"]}}],"collection":[{"href":"https:\/\/etab.ac-reunion.fr\/clg-jean-desme\/wp-json\/wp\/v2\/posts"}],"about":[{"href":"https:\/\/etab.ac-reunion.fr\/clg-jean-desme\/wp-json\/wp\/v2\/types\/post"}],"author":[{"embeddable":true,"href":"https:\/\/etab.ac-reunion.fr\/clg-jean-desme\/wp-json\/wp\/v2\/users\/30305"}],"replies":[{"embeddable":true,"href":"https:\/\/etab.ac-reunion.fr\/clg-jean-desme\/wp-json\/wp\/v2\/comments?post=4985"}],"version-history":[{"count":1,"href":"https:\/\/etab.ac-reunion.fr\/clg-jean-desme\/wp-json\/wp\/v2\/posts\/4985\/revisions"}],"predecessor-version":[{"id":4987,"href":"https:\/\/etab.ac-reunion.fr\/clg-jean-desme\/wp-json\/wp\/v2\/posts\/4985\/revisions\/4987"}],"wp:featuredmedia":[{"embeddable":true,"href":"https:\/\/etab.ac-reunion.fr\/clg-jean-desme\/wp-json\/wp\/v2\/media\/4988"}],"wp:attachment":[{"href":"https:\/\/etab.ac-reunion.fr\/clg-jean-desme\/wp-json\/wp\/v2\/media?parent=4985"}],"wp:term":[{"taxonomy":"category","embeddable":true,"href":"https:\/\/etab.ac-reunion.fr\/clg-jean-desme\/wp-json\/wp\/v2\/categories?post=4985"},{"taxonomy":"post_tag","embeddable":true,"href":"https:\/\/etab.ac-reunion.fr\/clg-jean-desme\/wp-json\/wp\/v2\/tags?post=4985"}],"curies":[{"name":"wp","href":"https:\/\/api.w.org\/{rel}","templated":true}]}}