{"id":5024,"date":"2023-11-17T07:53:09","date_gmt":"2023-11-17T03:53:09","guid":{"rendered":"https:\/\/etab.ac-reunion.fr\/clg-jean-desme\/?p=5024"},"modified":"2023-11-17T07:55:54","modified_gmt":"2023-11-17T03:55:54","slug":"intervention-de-lassociation-les-petits-debrouillards-au-college-jean-desme-semaine-de-la-biodiversite","status":"publish","type":"post","link":"https:\/\/etab.ac-reunion.fr\/clg-jean-desme\/intervention-de-lassociation-les-petits-debrouillards-au-college-jean-desme-semaine-de-la-biodiversite\/","title":{"rendered":"Intervention de l\u2019association \u00ab\u00a0Les petits d\u00e9brouillards\u00a0\u00bb au Coll\u00e8ge Jean d\u2019Esme SEMAINE DE LA BIODIVERSITE"},"content":{"rendered":"\n<p>A l\u2019occasion de la semaine de la biodiversit\u00e9, l\u2019association \u00ab&nbsp;les petits d\u00e9brouillards&nbsp;\u00bb est intervenue au coll\u00e8ge Jean d\u2019Esme le vendredi 22 septembre dans la matin\u00e9e.<\/p>\n\n\n\n<p>Cette intervention a \u00e9t\u00e9 l\u2019occasion de sensibiliser les \u00e9l\u00e8ves, de diff\u00e9rentes classes et diff\u00e9rents niveaux, au d\u00e9veloppement durable \u00e0 travers diff\u00e9rentes th\u00e9matiques telles&nbsp;que&nbsp;:<\/p>\n\n\n\n<ul class=\"wp-block-list\">\n<li>L\u2019eau et sa gestion,<\/li>\n\n\n\n<li>La biodiversit\u00e9 et sa protection,<\/li>\n\n\n\n<li>L\u2019\u00e9ducation \u00e0 la sant\u00e9 et \u00e0 l\u2019environnement.<\/li>\n<\/ul>\n\n\n\n<p>Les \u00e9co-d\u00e9l\u00e9gu\u00e9s du coll\u00e8ge sont donc revenus avec diff\u00e9rents t\u00e9moignages sur cet \u00e9v\u00e8nement qui leur a donn\u00e9 l\u2019occasion&nbsp;d\u2019apprendre autrement :<\/p>\n\n\n\n<p class=\"has-luminous-vivid-amber-color has-text-color\">\u00ab Les jeux nous ont aid\u00e9 \u00e0 d\u00e9velopper nos connaissances sur l\u2019eau et le d\u00e9veloppement durable. On a aim\u00e9 et on aimerait recommencer&nbsp;\u00bb. <em>Samuel, Gabriel, Maxence et Abi<\/em><\/p>\n\n\n\n<figure class=\"wp-block-image size-full is-resized\"><img loading=\"lazy\" decoding=\"async\" width=\"648\" height=\"864\" src=\"https:\/\/etab.ac-reunion.fr\/clg-jean-desme\/wp-content\/uploads\/sites\/46\/2023\/11\/2-1-rotated.jpg\" alt=\"\" class=\"wp-image-5026\" style=\"aspect-ratio:0.75;width:401px;height:auto\" srcset=\"https:\/\/etab.ac-reunion.fr\/clg-jean-desme\/wp-content\/uploads\/sites\/46\/2023\/11\/2-1-rotated.jpg 648w, https:\/\/etab.ac-reunion.fr\/clg-jean-desme\/wp-content\/uploads\/sites\/46\/2023\/11\/2-1-480x640.jpg 480w\" sizes=\"(min-width: 0px) and (max-width: 480px) 480px, (min-width: 481px) 648px, 100vw\" \/><\/figure>\n\n\n\n<p class=\"has-luminous-vivid-orange-color has-text-color\">\u00ab&nbsp;On a \u00e9tudi\u00e9 le cycle de l\u2019eau. Tous les jours on consomme 180 L d\u2019eau. On devrait faire des \u00e9conomies, \u00e9viter les bains.&nbsp;\u00bb<\/p>\n\n\n\n<p class=\"has-luminous-vivid-orange-color has-text-color\"><em>Benjamin, Gabrielle et Meylann<\/em><\/p>\n\n\n\n<p class=\"has-vivid-red-color has-text-color\">\u00ab&nbsp;On \u00e9tait dehors avec ma classe. Avec les petits d\u00e9brouillards, on a \u00e9tudi\u00e9 le cycle de l\u2019eau avec l\u2019\u00e9vaporation, les pr\u00e9cipitations, le ruissellement, l\u2019infiltration \u2026&nbsp;Nous avons \u00e9galement jou\u00e9 \u00e0 un jeu qui s\u2019appelait air kaz et il fallait voir ce qui est bon ou pas dans une maison \u00bb<\/p>\n\n\n\n<p class=\"has-vivid-red-color has-text-color\"><em>Elora et Romain<\/em><\/p>\n\n\n\n<div class=\"wp-block-group is-nowrap is-layout-flex wp-container-core-group-is-layout-ad2f72ca wp-block-group-is-layout-flex\">\n<figure class=\"wp-block-image size-large is-resized\"><img loading=\"lazy\" decoding=\"async\" width=\"1024\" height=\"768\" src=\"https:\/\/etab.ac-reunion.fr\/clg-jean-desme\/wp-content\/uploads\/sites\/46\/2023\/11\/3-1-1024x768.jpg\" alt=\"\" class=\"wp-image-5029\" style=\"aspect-ratio:1.3333333333333333;width:459px;height:auto\" srcset=\"https:\/\/etab.ac-reunion.fr\/clg-jean-desme\/wp-content\/uploads\/sites\/46\/2023\/11\/3-1-1024x768.jpg 1024w, https:\/\/etab.ac-reunion.fr\/clg-jean-desme\/wp-content\/uploads\/sites\/46\/2023\/11\/3-1-980x735.jpg 980w, https:\/\/etab.ac-reunion.fr\/clg-jean-desme\/wp-content\/uploads\/sites\/46\/2023\/11\/3-1-480x360.jpg 480w\" sizes=\"(min-width: 0px) and (max-width: 480px) 480px, (min-width: 481px) and (max-width: 980px) 980px, (min-width: 981px) 1024px, 100vw\" \/><\/figure>\n\n\n\n<figure class=\"wp-block-image size-full is-resized\"><img loading=\"lazy\" decoding=\"async\" width=\"738\" height=\"985\" src=\"https:\/\/etab.ac-reunion.fr\/clg-jean-desme\/wp-content\/uploads\/sites\/46\/2023\/11\/4-1.jpg\" alt=\"\" class=\"wp-image-5030\" style=\"aspect-ratio:0.749238578680203;width:327px;height:auto\" srcset=\"https:\/\/etab.ac-reunion.fr\/clg-jean-desme\/wp-content\/uploads\/sites\/46\/2023\/11\/4-1.jpg 738w, https:\/\/etab.ac-reunion.fr\/clg-jean-desme\/wp-content\/uploads\/sites\/46\/2023\/11\/4-1-480x641.jpg 480w\" sizes=\"(min-width: 0px) and (max-width: 480px) 480px, (min-width: 481px) 738px, 100vw\" \/><\/figure>\n<\/div>\n\n\n\n<p class=\"has-pale-cyan-blue-color has-text-color\">\u00ab&nbsp;Nous devions fabriquer une station d\u2019\u00e9puration et nous avons jou\u00e9 \u00e0 plusieurs jeux sur la biodiversit\u00e9, la faune, la flore et les eaux. Il y avait un jeu avec un gouvernail qui dirigeait un bateau pour attraper les d\u00e9chets dans la mer et il fallait \u00e9viter les poissons.&nbsp;\u00bb<\/p>\n\n\n\n<p class=\"has-pale-cyan-blue-color has-text-color\"><em>Lila et Nahema<\/em><\/p>\n\n\n\n<div class=\"wp-block-group is-nowrap is-layout-flex wp-container-core-group-is-layout-ad2f72ca wp-block-group-is-layout-flex\">\n<figure class=\"wp-block-image size-large\"><img loading=\"lazy\" decoding=\"async\" width=\"768\" height=\"1024\" src=\"https:\/\/etab.ac-reunion.fr\/clg-jean-desme\/wp-content\/uploads\/sites\/46\/2023\/11\/5-1-768x1024.jpg\" alt=\"\" class=\"wp-image-5032\" srcset=\"https:\/\/etab.ac-reunion.fr\/clg-jean-desme\/wp-content\/uploads\/sites\/46\/2023\/11\/5-1-768x1024.jpg 768w, https:\/\/etab.ac-reunion.fr\/clg-jean-desme\/wp-content\/uploads\/sites\/46\/2023\/11\/5-1-480x640.jpg 480w\" sizes=\"(min-width: 0px) and (max-width: 480px) 480px, (min-width: 481px) 768px, 100vw\" \/><\/figure>\n\n\n\n<figure class=\"wp-block-image size-large\"><img loading=\"lazy\" decoding=\"async\" width=\"769\" height=\"1024\" src=\"https:\/\/etab.ac-reunion.fr\/clg-jean-desme\/wp-content\/uploads\/sites\/46\/2023\/11\/6-769x1024.jpg\" alt=\"\" class=\"wp-image-5033\" \/><\/figure>\n<\/div>\n","protected":false},"excerpt":{"rendered":"<p>A l\u2019occasion de la semaine de la biodiversit\u00e9, l\u2019association \u00ab&nbsp;les petits d\u00e9brouillards&nbsp;\u00bb est intervenue au coll\u00e8ge Jean d\u2019Esme le vendredi 22 septembre dans la matin\u00e9e. Cette intervention a \u00e9t\u00e9 l\u2019occasion de sensibiliser les \u00e9l\u00e8ves, de diff\u00e9rentes classes et diff\u00e9rents niveaux, au d\u00e9veloppement durable \u00e0 travers diff\u00e9rentes th\u00e9matiques telles&nbsp;que&nbsp;: Les \u00e9co-d\u00e9l\u00e9gu\u00e9s du coll\u00e8ge sont donc revenus [&hellip;]<\/p>\n","protected":false},"author":30305,"featured_media":5035,"comment_status":"closed","ping_status":"closed","sticky":false,"template":"","format":"standard","meta":{"_et_pb_use_builder":"off","_et_pb_old_content":"","_et_gb_content_width":"","footnotes":""},"categories":[10,52],"tags":[],"class_list":["post-5024","post","type-post","status-publish","format-standard","has-post-thumbnail","hentry","category-actualites-du-college","category-education-au-developpement-durable"],"_links":{"self":[{"href":"https:\/\/etab.ac-reunion.fr\/clg-jean-desme\/wp-json\/wp\/v2\/posts\/5024","targetHints":{"allow":["GET"]}}],"collection":[{"href":"https:\/\/etab.ac-reunion.fr\/clg-jean-desme\/wp-json\/wp\/v2\/posts"}],"about":[{"href":"https:\/\/etab.ac-reunion.fr\/clg-jean-desme\/wp-json\/wp\/v2\/types\/post"}],"author":[{"embeddable":true,"href":"https:\/\/etab.ac-reunion.fr\/clg-jean-desme\/wp-json\/wp\/v2\/users\/30305"}],"replies":[{"embeddable":true,"href":"https:\/\/etab.ac-reunion.fr\/clg-jean-desme\/wp-json\/wp\/v2\/comments?post=5024"}],"version-history":[{"count":3,"href":"https:\/\/etab.ac-reunion.fr\/clg-jean-desme\/wp-json\/wp\/v2\/posts\/5024\/revisions"}],"predecessor-version":[{"id":5038,"href":"https:\/\/etab.ac-reunion.fr\/clg-jean-desme\/wp-json\/wp\/v2\/posts\/5024\/revisions\/5038"}],"wp:featuredmedia":[{"embeddable":true,"href":"https:\/\/etab.ac-reunion.fr\/clg-jean-desme\/wp-json\/wp\/v2\/media\/5035"}],"wp:attachment":[{"href":"https:\/\/etab.ac-reunion.fr\/clg-jean-desme\/wp-json\/wp\/v2\/media?parent=5024"}],"wp:term":[{"taxonomy":"category","embeddable":true,"href":"https:\/\/etab.ac-reunion.fr\/clg-jean-desme\/wp-json\/wp\/v2\/categories?post=5024"},{"taxonomy":"post_tag","embeddable":true,"href":"https:\/\/etab.ac-reunion.fr\/clg-jean-desme\/wp-json\/wp\/v2\/tags?post=5024"}],"curies":[{"name":"wp","href":"https:\/\/api.w.org\/{rel}","templated":true}]}}