{"id":5042,"date":"2024-01-23T07:05:59","date_gmt":"2024-01-23T03:05:59","guid":{"rendered":"https:\/\/etab.ac-reunion.fr\/clg-jean-desme\/?p=5042"},"modified":"2024-01-23T07:06:01","modified_gmt":"2024-01-23T03:06:01","slug":"atelier-foot-sortie-au-college-emile-hugot","status":"publish","type":"post","link":"https:\/\/etab.ac-reunion.fr\/clg-jean-desme\/atelier-foot-sortie-au-college-emile-hugot\/","title":{"rendered":"Atelier foot sortie au coll\u00e8ge \u00c9mile Hugot"},"content":{"rendered":"\n<p class=\"has-vivid-red-color has-text-color has-link-color wp-elements-1aa6b0adc6daf068b4d7a06edde80242\"><strong>Le Mercredi 22 Novembre 2023 c&rsquo;est d\u00e9roul\u00e9 une rencontre football au Coll\u00e8ge \u00c9mile Hugot de 12h30-16h00.<\/strong><\/p>\n\n\n\n<p><strong>AED pr\u00e9sents&nbsp;<\/strong>:&nbsp; Ludovic (Bafa , Bafd VAE bpjeps animation social ), Loick (coach foot,), Yohann( coach foot), Kenjy (Informaticien)<\/p>\n\n\n\n<p>Il y a eu l\u2019\u00e9margement de pr\u00e9sence des \u00e9l\u00e8ves niveaux 4\u00e9me\/\/3\u00e9me (12 pr\u00e9sents), 3 \u00e9l\u00e8ves absents (pas d\u2019autorisation parental remis)<\/p>\n\n\n\n<p>D\u00e9part du coll\u00e8ge \u00e0 pied pour prendre le bus de la ligne citalis 31 en aller \u00e0 12H30, arr\u00eat de bus Concorde<\/p>\n\n\n\n<p>Arriv\u00e9 au coll\u00e8ge \u00c9mile Hugot \u00e0 12h55, le groupe \u00e0 d\u00e9jeuner un sandwich de la restauration de notre \u00e9tablissement,<\/p>\n\n\n\n<p>L\u2019accueil c\u2019est bien pass\u00e9 \u00e0 notre arriv\u00e9, on a visit\u00e9 le coll\u00e8ge et partit ensuite au stade couvert de foot pr\u00e9vus \u00e0 cet effet, Nathan l\u2019assistant d\u2019\u00e9ducation nous a rejoint avec son \u00e9quipe d\u2019\u00e9l\u00e8ves atelier foot pause m\u00e9ridienne, Le principal adjoint du coll\u00e8ge et une coll\u00e8gue a lui nous ont visit\u00e9 et f\u00e9licit\u00e9 de l\u2019organisation et l\u2019encadrement effectu\u00e9s ce jour,<\/p>\n\n\n\n<figure class=\"wp-block-image size-full is-resized\"><img loading=\"lazy\" decoding=\"async\" width=\"1440\" height=\"2560\" src=\"https:\/\/etab.ac-reunion.fr\/clg-jean-desme\/wp-content\/uploads\/sites\/46\/2023\/12\/IMG_20231122_130611-edited-scaled.jpg\" alt=\"\" class=\"wp-image-5046\" style=\"aspect-ratio:16\/9;object-fit:cover;width:615px;height:auto\" srcset=\"https:\/\/etab.ac-reunion.fr\/clg-jean-desme\/wp-content\/uploads\/sites\/46\/2023\/12\/IMG_20231122_130611-edited-scaled.jpg 1440w, https:\/\/etab.ac-reunion.fr\/clg-jean-desme\/wp-content\/uploads\/sites\/46\/2023\/12\/IMG_20231122_130611-edited-1280x2276.jpg 1280w, https:\/\/etab.ac-reunion.fr\/clg-jean-desme\/wp-content\/uploads\/sites\/46\/2023\/12\/IMG_20231122_130611-edited-980x1742.jpg 980w, https:\/\/etab.ac-reunion.fr\/clg-jean-desme\/wp-content\/uploads\/sites\/46\/2023\/12\/IMG_20231122_130611-edited-480x853.jpg 480w\" sizes=\"(min-width: 0px) and (max-width: 480px) 480px, (min-width: 481px) and (max-width: 980px) 980px, (min-width: 981px) and (max-width: 1280px) 1280px, (min-width: 1281px) 1440px, 100vw\" \/><\/figure>\n\n\n\n<p class=\"has-vivid-red-color has-text-color has-link-color wp-elements-74c09422314fd5a3af11d009ddc38273\"><strong>Installation et mise en place du d\u00e9roulement&nbsp;:<\/strong><\/p>\n\n\n\n<p class=\"has-vivid-red-color has-text-color has-link-color wp-elements-e05f59cb348e5186c56b995f89ec85d7\"><strong>D\u00e9roulement&nbsp;: <\/strong><\/p>\n\n\n\n<p>&#8211; 4 matchs pour 4 \u00e9quipes, \u00e9chauffement<\/p>\n\n\n\n<p>&#8211; Dur\u00e9e&nbsp;: 15 min puis 5 min de pause d\u2019intervalle<\/p>\n\n\n\n<p>La rencontre c&rsquo;est terminer par une \u00e9galit\u00e9, 2 victoires et 2 d\u00e9faites dans chaque coll\u00e8ge<\/p>\n\n\n\n<p>Tous les joueurs ont pu participer en prenant du plaisir \u00e0 jouer contre un adversaire, la tranche horaire \u00e9t\u00e9 insuffisante car ils voulaient jouer encore.<\/p>\n\n\n\n<p>Le coll\u00e8ge offre un bon cadre et environnement pour l\u2019accueil et \u00e9panouissement sportif des coll\u00e9giens, Ils souhaiteraient reconduire ce type de rencontre et b\u00e9n\u00e9ficier de l\u2019exp\u00e9rience en tant que coach de mes coll\u00e8gue Loick et Yohann,<\/p>\n\n\n\n<figure class=\"wp-block-gallery has-nested-images columns-default is-cropped wp-block-gallery-1 is-layout-flex wp-block-gallery-is-layout-flex\">\n<figure class=\"wp-block-image size-large\"><img loading=\"lazy\" decoding=\"async\" width=\"768\" height=\"1024\" data-id=\"5047\" src=\"https:\/\/etab.ac-reunion.fr\/clg-jean-desme\/wp-content\/uploads\/sites\/46\/2023\/12\/IMG_20231122_134346-768x1024.jpg\" alt=\"\" class=\"wp-image-5047\" \/><\/figure>\n\n\n\n<figure class=\"wp-block-image size-large\"><img loading=\"lazy\" decoding=\"async\" width=\"768\" height=\"1024\" data-id=\"5048\" src=\"https:\/\/etab.ac-reunion.fr\/clg-jean-desme\/wp-content\/uploads\/sites\/46\/2023\/12\/IMG_20231122_140110-768x1024.jpg\" alt=\"\" class=\"wp-image-5048\" \/><\/figure>\n\n\n\n<figure class=\"wp-block-image size-large\"><img loading=\"lazy\" decoding=\"async\" width=\"768\" height=\"1024\" data-id=\"5050\" src=\"https:\/\/etab.ac-reunion.fr\/clg-jean-desme\/wp-content\/uploads\/sites\/46\/2023\/12\/IMG_20231122_141236-768x1024.jpg\" alt=\"\" class=\"wp-image-5050\" \/><\/figure>\n\n\n\n<figure class=\"wp-block-image size-large\"><img loading=\"lazy\" decoding=\"async\" width=\"768\" height=\"1024\" data-id=\"5051\" src=\"https:\/\/etab.ac-reunion.fr\/clg-jean-desme\/wp-content\/uploads\/sites\/46\/2023\/12\/IMG_20231122_141909-768x1024.jpg\" alt=\"\" class=\"wp-image-5051\" \/><\/figure>\n\n\n\n<figure class=\"wp-block-image size-large\"><img loading=\"lazy\" decoding=\"async\" width=\"768\" height=\"1024\" data-id=\"5052\" src=\"https:\/\/etab.ac-reunion.fr\/clg-jean-desme\/wp-content\/uploads\/sites\/46\/2023\/12\/IMG_20231122_134257-768x1024.jpg\" alt=\"\" class=\"wp-image-5052\" \/><\/figure>\n<\/figure>\n\n\n\n<p class=\"has-vivid-red-color has-text-color has-link-color wp-elements-477c4974311065c459982697379eb02a\"><strong>Cl\u00f4ture des matchs&nbsp;:<\/strong><\/p>\n\n\n\n<p>Cet belle apr\u00e8s- midi c\u2019est termin\u00e9 par un pot de partage et une prise de photos avec tous les participants pour le journal du coll\u00e8ge et immortalis\u00e9 ce moment organiser avec l\u2019\u00e9nergie et la passion du football de chacun (encadrants),<\/p>\n\n\n\n<p>Point n\u00e9gatif&nbsp;: En cas de forte pluie pas de plan de secours obligation d\u2019annuler la sortie et pr\u00e9venir le r\u00e9f\u00e9rent AED du coll\u00e8ge \u00c9mile Hugot<\/p>\n\n\n\n<p>D\u00e9part pour le retour au coll\u00e8ge Jean D\u2019Esme a l\u2019arr\u00eat de bus Pierre Loti en ligne Citalis 31 qui passe \u00e0 15h38, le trajet bus aller et retour c\u2019est tr\u00e8s bien pass\u00e9 bon comportement et attitude du groupe s\u00e9lectionn\u00e9,<\/p>\n\n\n\n<figure class=\"wp-block-image size-large\"><img loading=\"lazy\" decoding=\"async\" width=\"768\" height=\"1024\" src=\"https:\/\/etab.ac-reunion.fr\/clg-jean-desme\/wp-content\/uploads\/sites\/46\/2023\/12\/IMG_20231122_152348-768x1024.jpg\" alt=\"\" class=\"wp-image-5053\" \/><\/figure>\n\n\n\n<p>Les parents comme convenue sont venus r\u00e9cup\u00e9rer leurs enfants \u00e0 partir de 16h00, Les parents \u00e9t\u00e9 satisfait et ont remercier pour cet apr\u00e8s-midi qui a permis a leurs enfants de sortir et s\u2019\u00e9panouir dans leur sport de pr\u00e9dilection,<\/p>\n\n\n\n<p>Pour la suite de belle rencontre son \u00e0 pr\u00e9voir en 2024, des, id\u00e9es \u00e9merge pour am\u00e9liorer le contenu et la, forme de l\u2019organisation en interne et pourquoi pas int\u00e9gr\u00e9 des volontaires au projet atelier foot<\/p>\n\n\n\n<p>L\u2019apr\u00e8s-midi a \u00e9t\u00e9 rythm\u00e9 par l\u2019enthousiasme et l\u2019engouement qu\u2019apporte le sport en g\u00e9n\u00e9ral, l\u2019\u00e9changer et le fair -play de tous font de nos objectifs r\u00e9ussis,<\/p>\n\n\n\n<p class=\"has-vivid-cyan-blue-color has-text-color has-link-color wp-elements-c98719b93e1e583f018970a1d00cab18\"><strong>Remerciement <\/strong>au service administratif, de direction, nos chefs de service, documentaliste et la directrice de la segpa pour leurs confiances et bien \u00e9videment \u00e0 notre groupe d\u2019atelier football(\u00e9l\u00e8ves)<\/p>\n\n\n\n<figure class=\"wp-block-image size-large\"><img loading=\"lazy\" decoding=\"async\" width=\"768\" height=\"1024\" src=\"https:\/\/etab.ac-reunion.fr\/clg-jean-desme\/wp-content\/uploads\/sites\/46\/2023\/12\/IMG_20231122_140908-768x1024.jpg\" alt=\"\" class=\"wp-image-5049\" \/><\/figure>\n","protected":false},"excerpt":{"rendered":"<p>Le Mercredi 22 Novembre 2023 c&rsquo;est d\u00e9roul\u00e9 une rencontre football au Coll\u00e8ge \u00c9mile Hugot de 12h30-16h00. AED pr\u00e9sents&nbsp;:&nbsp; Ludovic (Bafa , Bafd VAE bpjeps animation social ), Loick (coach foot,), Yohann( coach foot), Kenjy (Informaticien) Il y a eu l\u2019\u00e9margement de pr\u00e9sence des \u00e9l\u00e8ves niveaux 4\u00e9me\/\/3\u00e9me (12 pr\u00e9sents), 3 \u00e9l\u00e8ves absents (pas d\u2019autorisation parental remis) [&hellip;]<\/p>\n","protected":false},"author":30305,"featured_media":5044,"comment_status":"closed","ping_status":"closed","sticky":false,"template":"","format":"standard","meta":{"_et_pb_use_builder":"off","_et_pb_old_content":"","_et_gb_content_width":"","footnotes":""},"categories":[10,51,53],"tags":[],"class_list":["post-5042","post","type-post","status-publish","format-standard","has-post-thumbnail","hentry","category-actualites-du-college","category-la-vie-du-college","category-projets-et-evenements"],"_links":{"self":[{"href":"https:\/\/etab.ac-reunion.fr\/clg-jean-desme\/wp-json\/wp\/v2\/posts\/5042","targetHints":{"allow":["GET"]}}],"collection":[{"href":"https:\/\/etab.ac-reunion.fr\/clg-jean-desme\/wp-json\/wp\/v2\/posts"}],"about":[{"href":"https:\/\/etab.ac-reunion.fr\/clg-jean-desme\/wp-json\/wp\/v2\/types\/post"}],"author":[{"embeddable":true,"href":"https:\/\/etab.ac-reunion.fr\/clg-jean-desme\/wp-json\/wp\/v2\/users\/30305"}],"replies":[{"embeddable":true,"href":"https:\/\/etab.ac-reunion.fr\/clg-jean-desme\/wp-json\/wp\/v2\/comments?post=5042"}],"version-history":[{"count":4,"href":"https:\/\/etab.ac-reunion.fr\/clg-jean-desme\/wp-json\/wp\/v2\/posts\/5042\/revisions"}],"predecessor-version":[{"id":5057,"href":"https:\/\/etab.ac-reunion.fr\/clg-jean-desme\/wp-json\/wp\/v2\/posts\/5042\/revisions\/5057"}],"wp:featuredmedia":[{"embeddable":true,"href":"https:\/\/etab.ac-reunion.fr\/clg-jean-desme\/wp-json\/wp\/v2\/media\/5044"}],"wp:attachment":[{"href":"https:\/\/etab.ac-reunion.fr\/clg-jean-desme\/wp-json\/wp\/v2\/media?parent=5042"}],"wp:term":[{"taxonomy":"category","embeddable":true,"href":"https:\/\/etab.ac-reunion.fr\/clg-jean-desme\/wp-json\/wp\/v2\/categories?post=5042"},{"taxonomy":"post_tag","embeddable":true,"href":"https:\/\/etab.ac-reunion.fr\/clg-jean-desme\/wp-json\/wp\/v2\/tags?post=5042"}],"curies":[{"name":"wp","href":"https:\/\/api.w.org\/{rel}","templated":true}]}}