{"id":5088,"date":"2024-02-13T14:48:00","date_gmt":"2024-02-13T10:48:00","guid":{"rendered":"https:\/\/etab.ac-reunion.fr\/clg-jean-desme\/?p=5088"},"modified":"2024-04-04T17:18:37","modified_gmt":"2024-04-04T13:18:37","slug":"mardi-gras-2024","status":"publish","type":"post","link":"https:\/\/etab.ac-reunion.fr\/clg-jean-desme\/mardi-gras-2024\/","title":{"rendered":"MARDI-GRAS 2024"},"content":{"rendered":"\n<p>A l&rsquo;occasion du MARDI-GRAS (13 f\u00e9vrier 2024), les \u00e9l\u00e8ves du Conseil de Vie Coll\u00e9gienne ont propos\u00e9 pour animation, un concours de d\u00e9guisement. Les participants devaient prendre connaissance des r\u00e8gles et s&rsquo;inscrire aupr\u00e8s du bureau de la Vie Scolaire. Ils devaient communiquer \u00e0 l&rsquo;informaticien la musique sur laquelle ils souhaitaient faire leur passage (d\u00e9fil\u00e9, danse, chor\u00e9graphie&#8230;). 10 groupes s&rsquo;\u00e9taient inscrits, 2 ont annul\u00e9 leur participation, 1 a \u00e9t\u00e9 disqualifi\u00e9 n&rsquo;ayant pas respect\u00e9 les r\u00e8gles.<br>Le concours a eu lieu sur la pause m\u00e9ridienne, de 12h45 \u00e0 13h30, afin de laisser le temps aux participants DP\/EXTERNES de d\u00e9jeuner.<br>Certains groupes \u00e9tant relativement timides, le concours a pris du temps \u00e0 d\u00e9marrer, mais avec les encouragements des autres \u00e9l\u00e8ves, l&rsquo;engouement de tous pour s&rsquo;amuser et les passages pour le plaisir des 3\u00e8me notamment, le concours s&rsquo;est achev\u00e9 \u00e0 13h40.<br>Parmi les 7 groupes participatifs, 3 ont \u00e9t\u00e9 \u00e9lus gagnants et ont re\u00e7u les lots suivants :<\/p>\n\n\n\n<p><br>\u2022 #1 : le groupe \u00a0\u00bb Aquaville \u00a0\u00bb : chaque membre a eu un bon d&rsquo;achat \u00e0 la FNAC,<\/p>\n\n\n\n<figure class=\"wp-block-image size-large is-resized\"><img loading=\"lazy\" decoding=\"async\" width=\"702\" height=\"1024\" src=\"https:\/\/etab.ac-reunion.fr\/clg-jean-desme\/wp-content\/uploads\/sites\/46\/2024\/03\/Photo-1er-prix-reduit-702x1024.jpg\" alt=\"\" class=\"wp-image-5089\" style=\"width:697px;height:auto\" \/><\/figure>\n\n\n\n<p><br>\u2022 #2 : le groupe \u00a0\u00bb Les Trans \u00a0\u00bb : chaque membre a eu un bon cadeau LASERGAME,<\/p>\n\n\n\n<figure class=\"wp-block-image size-large is-resized\"><img loading=\"lazy\" decoding=\"async\" width=\"1024\" height=\"684\" src=\"https:\/\/etab.ac-reunion.fr\/clg-jean-desme\/wp-content\/uploads\/sites\/46\/2024\/03\/Photo-2eme-prix-1024x684.jpg\" alt=\"\" class=\"wp-image-5093\" style=\"width:700px;height:auto\" srcset=\"https:\/\/etab.ac-reunion.fr\/clg-jean-desme\/wp-content\/uploads\/sites\/46\/2024\/03\/Photo-2eme-prix-980x655.jpg 980w, https:\/\/etab.ac-reunion.fr\/clg-jean-desme\/wp-content\/uploads\/sites\/46\/2024\/03\/Photo-2eme-prix-480x321.jpg 480w\" sizes=\"(min-width: 0px) and (max-width: 480px) 480px, (min-width: 481px) and (max-width: 980px) 980px, (min-width: 981px) 1024px, 100vw\" \/><\/figure>\n\n\n\n<p>\u2022 #3 : le groupe \u00a0\u00bb Fleurs Asiatiques \u00a0\u00bb : chaque membre a eu un bon d&rsquo;achat \u00e0 MINISO.<\/p>\n\n\n\n<figure class=\"wp-block-image size-large is-resized\"><img loading=\"lazy\" decoding=\"async\" width=\"768\" height=\"1024\" src=\"https:\/\/etab.ac-reunion.fr\/clg-jean-desme\/wp-content\/uploads\/sites\/46\/2024\/03\/Photo-3eme-prix-768x1024.jpg\" alt=\"\" class=\"wp-image-5090\" style=\"width:701px;height:auto\" \/><\/figure>\n\n\n\n<p>Nous tenons \u00e0 remercier les \u00e9l\u00e8ves pour leur participation, le service gestion pour l&rsquo;achat des lots, le service Vie Scolaire et le TICE pour l&rsquo;encadrement et l&rsquo;animation, et les membres du jury pour leur disponibilit\u00e9 et leur implication :<br>\u2022 Mme AMIARD &#8211; gestionnaire<br>\u2022 Mme SALEHI-RAJA &#8211; professeure<br>\u2022 Mme Stella &#8211; assistante d\u2019\u00e9ducation<br>\u2022 Varshana &#8211; \u00e9l\u00e8ve-membre du CVC.<\/p>\n\n\n\n<p>Les CPE<br>Mme DUCHEMANN et Mme NARAYANIN RAMAYE<\/p>\n","protected":false},"excerpt":{"rendered":"<p>A l&rsquo;occasion du MARDI-GRAS (13 f\u00e9vrier 2024), les \u00e9l\u00e8ves du Conseil de Vie Coll\u00e9gienne ont propos\u00e9 pour animation, un concours de d\u00e9guisement. Les participants devaient prendre connaissance des r\u00e8gles et s&rsquo;inscrire aupr\u00e8s du bureau de la Vie Scolaire. Ils devaient communiquer \u00e0 l&rsquo;informaticien la musique sur laquelle ils souhaitaient faire leur passage (d\u00e9fil\u00e9, danse, chor\u00e9graphie&#8230;). [&hellip;]<\/p>\n","protected":false},"author":30305,"featured_media":5092,"comment_status":"closed","ping_status":"closed","sticky":false,"template":"","format":"standard","meta":{"_et_pb_use_builder":"off","_et_pb_old_content":"","_et_gb_content_width":"","footnotes":""},"categories":[10,74],"tags":[],"class_list":["post-5088","post","type-post","status-publish","format-standard","has-post-thumbnail","hentry","category-actualites-du-college","category-conseil-de-vie-collegienne"],"_links":{"self":[{"href":"https:\/\/etab.ac-reunion.fr\/clg-jean-desme\/wp-json\/wp\/v2\/posts\/5088","targetHints":{"allow":["GET"]}}],"collection":[{"href":"https:\/\/etab.ac-reunion.fr\/clg-jean-desme\/wp-json\/wp\/v2\/posts"}],"about":[{"href":"https:\/\/etab.ac-reunion.fr\/clg-jean-desme\/wp-json\/wp\/v2\/types\/post"}],"author":[{"embeddable":true,"href":"https:\/\/etab.ac-reunion.fr\/clg-jean-desme\/wp-json\/wp\/v2\/users\/30305"}],"replies":[{"embeddable":true,"href":"https:\/\/etab.ac-reunion.fr\/clg-jean-desme\/wp-json\/wp\/v2\/comments?post=5088"}],"version-history":[{"count":2,"href":"https:\/\/etab.ac-reunion.fr\/clg-jean-desme\/wp-json\/wp\/v2\/posts\/5088\/revisions"}],"predecessor-version":[{"id":5094,"href":"https:\/\/etab.ac-reunion.fr\/clg-jean-desme\/wp-json\/wp\/v2\/posts\/5088\/revisions\/5094"}],"wp:featuredmedia":[{"embeddable":true,"href":"https:\/\/etab.ac-reunion.fr\/clg-jean-desme\/wp-json\/wp\/v2\/media\/5092"}],"wp:attachment":[{"href":"https:\/\/etab.ac-reunion.fr\/clg-jean-desme\/wp-json\/wp\/v2\/media?parent=5088"}],"wp:term":[{"taxonomy":"category","embeddable":true,"href":"https:\/\/etab.ac-reunion.fr\/clg-jean-desme\/wp-json\/wp\/v2\/categories?post=5088"},{"taxonomy":"post_tag","embeddable":true,"href":"https:\/\/etab.ac-reunion.fr\/clg-jean-desme\/wp-json\/wp\/v2\/tags?post=5088"}],"curies":[{"name":"wp","href":"https:\/\/api.w.org\/{rel}","templated":true}]}}