{"id":5106,"date":"2024-03-29T10:49:10","date_gmt":"2024-03-29T06:49:10","guid":{"rendered":"https:\/\/etab.ac-reunion.fr\/clg-jean-desme\/?p=5106"},"modified":"2024-03-29T10:49:11","modified_gmt":"2024-03-29T06:49:11","slug":"webinaire-des-eco-delegues-le-mardi-19-mars","status":"publish","type":"post","link":"https:\/\/etab.ac-reunion.fr\/clg-jean-desme\/webinaire-des-eco-delegues-le-mardi-19-mars\/","title":{"rendered":"WEBINAIRE DES ECO-DELEGUES LE MARDI 19 MARS"},"content":{"rendered":"\n<figure class=\"wp-block-image size-full\"><img loading=\"lazy\" decoding=\"async\" width=\"846\" height=\"878\" src=\"https:\/\/etab.ac-reunion.fr\/clg-jean-desme\/wp-content\/uploads\/sites\/46\/2024\/03\/3eco.png\" alt=\"\" class=\"wp-image-5107\" srcset=\"https:\/\/etab.ac-reunion.fr\/clg-jean-desme\/wp-content\/uploads\/sites\/46\/2024\/03\/3eco.png 846w, https:\/\/etab.ac-reunion.fr\/clg-jean-desme\/wp-content\/uploads\/sites\/46\/2024\/03\/3eco-480x498.png 480w\" sizes=\"(min-width: 0px) and (max-width: 480px) 480px, (min-width: 481px) 846px, 100vw\" \/><\/figure>\n\n\n\n<p>Le mardi 19 mars, 3 \u00e9co-d\u00e9l\u00e9gu\u00e9s impliqu\u00e9s et investis dans la vie du d\u00e9veloppement durable au coll\u00e8ge Jean d\u2019Esme ont pu participer \u00e0 un webinaire. Ce dernier permettait la mise en relation des \u00e9co-d\u00e9l\u00e9gu\u00e9s de chaque \u00e9tablissement de l\u2019\u00eele de la r\u00e9union mais a \u00e9galement permis de faire le lien avec les \u00e9co-d\u00e9l\u00e9gu\u00e9s de Mayotte.<\/p>\n\n\n\n<p>Ce moment privil\u00e9gi\u00e9 a \u00e9t\u00e9 l\u2019occasion pour chaque \u00e9co-d\u00e9l\u00e9gu\u00e9 de partager leurs ressentis, les projets mis en place dans chaque \u00e9tablissement mais \u00e9galement les difficult\u00e9s rencontr\u00e9es.<\/p>\n\n\n\n<p>Voici un t\u00e9moignage des \u00e9co-d\u00e9l\u00e9gu\u00e9s qui \u00e9taient pr\u00e9sents \u00e0 cette occasion&nbsp;:<\/p>\n\n\n\n<p>\u00ab&nbsp;Bonjour, je m\u2019appelle Ambroise, je suis \u00e9co-d\u00e9l\u00e9gu\u00e9 au coll\u00e8ge depuis la 5<sup>\u00e8me<\/sup>. Aujourd\u2019hui, je vais vous parler de ce qu\u2019on a fait cette ann\u00e9e en Education au D\u00e9veloppement Durable avec l\u2019ensemble des \u00e9co-d\u00e9l\u00e9gu\u00e9s et l\u2019aide de nos r\u00e9f\u00e9rentes en EDD. En effet, cette ann\u00e9e, on travaille sur le th\u00e8me de \u00ab&nbsp;l\u2019\u00e9nergie&nbsp;\u00bb.&nbsp; Actuellement c\u2019est un gros probl\u00e8me. Les \u00e9nergies non renouvelables qui sont trop exploit\u00e9e par l\u2019Homme sont responsables de la fonte des glaciers, de la mort de nombreux animaux et de la mont\u00e9e des eaux.<\/p>\n\n\n\n<p>Afin de r\u00e9duire notre consommation de gaz, nous avons pens\u00e9 \u00e0 fabriquer un four solaire. On a d\u00e9j\u00e0 r\u00e9alis\u00e9 les plans avec l\u2019aide de nos professeurs, plans qu\u2019on a ramen\u00e9 dans un atelier de la SEGPA&nbsp; afin qu\u2019ils d\u00e9coupent pour nous des pi\u00e8ces que nous allons assembler et peindre. On a aussi r\u00e9alis\u00e9 quelques jeux \u00e9ducatifs (quizz, flash carte) qu\u2019on pr\u00e9sentera au coll\u00e8ge et aux CM2 lors de notre visite dans l\u2019\u00e9cole primaire de Duparc.&nbsp;\u00bb<\/p>\n\n\n\n<p>\u00ab&nbsp;Pour le webinaire, nous avons bien aim\u00e9 ce moment car cela nous permis de prendre connaissance des autres projets que font les autres dans notre acad\u00e9mie qu\u2019on a trouv\u00e9 int\u00e9ressants d\u2019ailleurs. De plus nous avons nous aussi pr\u00e9sent\u00e9 le n\u00f4tre qui a particuli\u00e8rement retenu l\u2019attention des repr\u00e9sentant des \u00e9co-d\u00e9l\u00e9gu\u00e9s pr\u00e9sents sur le plateau. On \u00e9tait tr\u00e8s contents que notre id\u00e9e ait retenu l\u2019attention des autres qui sont curieux d\u2019en conna\u00eetre plus sur le four solaire, son fonctionnement et son utilisation et aussi le fait de pouvoir partager le projet avec les futurs coll\u00e9giens dans l\u2019\u00e9cole d\u2019\u00e0 c\u00f4t\u00e9.&nbsp;\u00bb<\/p>\n\n\n\n<p>AVRIL Ambroise \u00e9l\u00e8ve de 303,<\/p>\n\n\n\n<p>BERMUDE Maxence \u00e9l\u00e8ve de 406,<\/p>\n\n\n\n<p>Elora DEDIEU \u00e9l\u00e8ve de 603<\/p>\n\n\n\n<figure class=\"wp-block-gallery has-nested-images columns-default is-cropped wp-block-gallery-1 is-layout-flex wp-block-gallery-is-layout-flex\">\n<figure class=\"wp-block-image size-large\"><img loading=\"lazy\" decoding=\"async\" width=\"606\" height=\"815\" data-id=\"5112\" src=\"https:\/\/etab.ac-reunion.fr\/clg-jean-desme\/wp-content\/uploads\/sites\/46\/2024\/03\/2eco-3.png\" alt=\"\" class=\"wp-image-5112\" srcset=\"https:\/\/etab.ac-reunion.fr\/clg-jean-desme\/wp-content\/uploads\/sites\/46\/2024\/03\/2eco-3.png 606w, https:\/\/etab.ac-reunion.fr\/clg-jean-desme\/wp-content\/uploads\/sites\/46\/2024\/03\/2eco-3-480x646.png 480w\" sizes=\"(min-width: 0px) and (max-width: 480px) 480px, (min-width: 481px) 606px, 100vw\" \/><\/figure>\n\n\n\n<figure class=\"wp-block-image size-large\"><img loading=\"lazy\" decoding=\"async\" width=\"605\" height=\"806\" data-id=\"5113\" src=\"https:\/\/etab.ac-reunion.fr\/clg-jean-desme\/wp-content\/uploads\/sites\/46\/2024\/03\/1eco-1.png\" alt=\"\" class=\"wp-image-5113\" srcset=\"https:\/\/etab.ac-reunion.fr\/clg-jean-desme\/wp-content\/uploads\/sites\/46\/2024\/03\/1eco-1.png 605w, https:\/\/etab.ac-reunion.fr\/clg-jean-desme\/wp-content\/uploads\/sites\/46\/2024\/03\/1eco-1-480x639.png 480w\" sizes=\"(min-width: 0px) and (max-width: 480px) 480px, (min-width: 481px) 605px, 100vw\" \/><\/figure>\n<\/figure>\n","protected":false},"excerpt":{"rendered":"<p>Le mardi 19 mars, 3 \u00e9co-d\u00e9l\u00e9gu\u00e9s impliqu\u00e9s et investis dans la vie du d\u00e9veloppement durable au coll\u00e8ge Jean d\u2019Esme ont pu participer \u00e0 un webinaire. Ce dernier permettait la mise en relation des \u00e9co-d\u00e9l\u00e9gu\u00e9s de chaque \u00e9tablissement de l\u2019\u00eele de la r\u00e9union mais a \u00e9galement permis de faire le lien avec les \u00e9co-d\u00e9l\u00e9gu\u00e9s de Mayotte. [&hellip;]<\/p>\n","protected":false},"author":30305,"featured_media":5114,"comment_status":"closed","ping_status":"closed","sticky":false,"template":"","format":"standard","meta":{"_et_pb_use_builder":"off","_et_pb_old_content":"","_et_gb_content_width":"","footnotes":""},"categories":[10,52],"tags":[],"class_list":["post-5106","post","type-post","status-publish","format-standard","has-post-thumbnail","hentry","category-actualites-du-college","category-education-au-developpement-durable"],"_links":{"self":[{"href":"https:\/\/etab.ac-reunion.fr\/clg-jean-desme\/wp-json\/wp\/v2\/posts\/5106","targetHints":{"allow":["GET"]}}],"collection":[{"href":"https:\/\/etab.ac-reunion.fr\/clg-jean-desme\/wp-json\/wp\/v2\/posts"}],"about":[{"href":"https:\/\/etab.ac-reunion.fr\/clg-jean-desme\/wp-json\/wp\/v2\/types\/post"}],"author":[{"embeddable":true,"href":"https:\/\/etab.ac-reunion.fr\/clg-jean-desme\/wp-json\/wp\/v2\/users\/30305"}],"replies":[{"embeddable":true,"href":"https:\/\/etab.ac-reunion.fr\/clg-jean-desme\/wp-json\/wp\/v2\/comments?post=5106"}],"version-history":[{"count":1,"href":"https:\/\/etab.ac-reunion.fr\/clg-jean-desme\/wp-json\/wp\/v2\/posts\/5106\/revisions"}],"predecessor-version":[{"id":5115,"href":"https:\/\/etab.ac-reunion.fr\/clg-jean-desme\/wp-json\/wp\/v2\/posts\/5106\/revisions\/5115"}],"wp:featuredmedia":[{"embeddable":true,"href":"https:\/\/etab.ac-reunion.fr\/clg-jean-desme\/wp-json\/wp\/v2\/media\/5114"}],"wp:attachment":[{"href":"https:\/\/etab.ac-reunion.fr\/clg-jean-desme\/wp-json\/wp\/v2\/media?parent=5106"}],"wp:term":[{"taxonomy":"category","embeddable":true,"href":"https:\/\/etab.ac-reunion.fr\/clg-jean-desme\/wp-json\/wp\/v2\/categories?post=5106"},{"taxonomy":"post_tag","embeddable":true,"href":"https:\/\/etab.ac-reunion.fr\/clg-jean-desme\/wp-json\/wp\/v2\/tags?post=5106"}],"curies":[{"name":"wp","href":"https:\/\/api.w.org\/{rel}","templated":true}]}}