{"id":5131,"date":"2024-03-22T17:22:32","date_gmt":"2024-03-22T13:22:32","guid":{"rendered":"https:\/\/etab.ac-reunion.fr\/clg-jean-desme\/?p=5131"},"modified":"2024-04-05T07:37:25","modified_gmt":"2024-04-05T03:37:25","slug":"semaine-de-la-perseverance-scolaire-2024","status":"publish","type":"post","link":"https:\/\/etab.ac-reunion.fr\/clg-jean-desme\/semaine-de-la-perseverance-scolaire-2024\/","title":{"rendered":"SEMAINE DE LA PERSEVERANCE SCOLAIRE 2024"},"content":{"rendered":"\n<p>Nous tenons \u00e0 remercier les \u00e9l\u00e8ves pour leur participation et\u00a0l&rsquo;\u00e9quipe du service Vie Scolaire pour leur implication, en particulier :<br>\u2022 Mme Floriane &#8211; assistante d&rsquo;\u00e9ducation (r\u00e9dactrice de l&rsquo;article)<br>\u2022 Mme Luane &#8211; contrat PEC (r\u00e9dactrice de l&rsquo;article)<br>\u2022 M. Ludovic &#8211; assistant d\u2019\u00e9ducation<br>qui ont \u00e9t\u00e9 \u00e0 l&rsquo;initiative des diff\u00e9rentes activit\u00e9s.<br>Les CPE<br>Mme DUCHEMANN et Mme NARAYANIN RAMAYE <\/p>\n\n\n\n<figure class=\"wp-block-image size-large\"><img loading=\"lazy\" decoding=\"async\" width=\"724\" height=\"1024\" src=\"https:\/\/etab.ac-reunion.fr\/clg-jean-desme\/wp-content\/uploads\/sites\/46\/2024\/04\/Article-SPS_page-0001-724x1024.jpg\" alt=\"\" class=\"wp-image-5132\" \/><\/figure>\n\n\n\n<figure class=\"wp-block-image size-large\"><img loading=\"lazy\" decoding=\"async\" width=\"724\" height=\"1024\" src=\"https:\/\/etab.ac-reunion.fr\/clg-jean-desme\/wp-content\/uploads\/sites\/46\/2024\/04\/Article-SPS_page-0002-724x1024.jpg\" alt=\"\" class=\"wp-image-5133\" \/><\/figure>\n","protected":false},"excerpt":{"rendered":"<p>Nous tenons \u00e0 remercier les \u00e9l\u00e8ves pour leur participation et\u00a0l&rsquo;\u00e9quipe du service Vie Scolaire pour leur implication, en particulier :\u2022 Mme Floriane &#8211; assistante d&rsquo;\u00e9ducation (r\u00e9dactrice de l&rsquo;article)\u2022 Mme Luane &#8211; contrat PEC (r\u00e9dactrice de l&rsquo;article)\u2022 M. Ludovic &#8211; assistant d\u2019\u00e9ducationqui ont \u00e9t\u00e9 \u00e0 l&rsquo;initiative des diff\u00e9rentes activit\u00e9s.Les CPEMme DUCHEMANN et Mme NARAYANIN RAMAYE<\/p>\n","protected":false},"author":30305,"featured_media":5135,"comment_status":"closed","ping_status":"closed","sticky":false,"template":"","format":"standard","meta":{"_et_pb_use_builder":"off","_et_pb_old_content":"","_et_gb_content_width":"","footnotes":""},"categories":[51,53],"tags":[],"class_list":["post-5131","post","type-post","status-publish","format-standard","has-post-thumbnail","hentry","category-la-vie-du-college","category-projets-et-evenements"],"_links":{"self":[{"href":"https:\/\/etab.ac-reunion.fr\/clg-jean-desme\/wp-json\/wp\/v2\/posts\/5131","targetHints":{"allow":["GET"]}}],"collection":[{"href":"https:\/\/etab.ac-reunion.fr\/clg-jean-desme\/wp-json\/wp\/v2\/posts"}],"about":[{"href":"https:\/\/etab.ac-reunion.fr\/clg-jean-desme\/wp-json\/wp\/v2\/types\/post"}],"author":[{"embeddable":true,"href":"https:\/\/etab.ac-reunion.fr\/clg-jean-desme\/wp-json\/wp\/v2\/users\/30305"}],"replies":[{"embeddable":true,"href":"https:\/\/etab.ac-reunion.fr\/clg-jean-desme\/wp-json\/wp\/v2\/comments?post=5131"}],"version-history":[{"count":1,"href":"https:\/\/etab.ac-reunion.fr\/clg-jean-desme\/wp-json\/wp\/v2\/posts\/5131\/revisions"}],"predecessor-version":[{"id":5134,"href":"https:\/\/etab.ac-reunion.fr\/clg-jean-desme\/wp-json\/wp\/v2\/posts\/5131\/revisions\/5134"}],"wp:featuredmedia":[{"embeddable":true,"href":"https:\/\/etab.ac-reunion.fr\/clg-jean-desme\/wp-json\/wp\/v2\/media\/5135"}],"wp:attachment":[{"href":"https:\/\/etab.ac-reunion.fr\/clg-jean-desme\/wp-json\/wp\/v2\/media?parent=5131"}],"wp:term":[{"taxonomy":"category","embeddable":true,"href":"https:\/\/etab.ac-reunion.fr\/clg-jean-desme\/wp-json\/wp\/v2\/categories?post=5131"},{"taxonomy":"post_tag","embeddable":true,"href":"https:\/\/etab.ac-reunion.fr\/clg-jean-desme\/wp-json\/wp\/v2\/tags?post=5131"}],"curies":[{"name":"wp","href":"https:\/\/api.w.org\/{rel}","templated":true}]}}