{"id":5141,"date":"2024-04-29T13:19:26","date_gmt":"2024-04-29T09:19:26","guid":{"rendered":"https:\/\/etab.ac-reunion.fr\/clg-jean-desme\/?p=5141"},"modified":"2024-04-29T13:19:27","modified_gmt":"2024-04-29T09:19:27","slug":"un-jeudi-midi-avec-les-eco-delegues","status":"publish","type":"post","link":"https:\/\/etab.ac-reunion.fr\/clg-jean-desme\/un-jeudi-midi-avec-les-eco-delegues\/","title":{"rendered":"Un jeudi midi avec les \u00e9co-d\u00e9l\u00e9gu\u00e9s"},"content":{"rendered":"\n<p>Le jeudi 25 avril les \u00e9co-d\u00e9l\u00e9gu\u00e9s du coll\u00e8ge Jean d\u2019Esme ont eu le plaisir de faire d\u00e9couvrir aux \u00e9l\u00e8ves du coll\u00e8ge Jean d\u2019Esme les diff\u00e9rents projets men\u00e9s au cours de cette ann\u00e9e scolaire, \u00e0 savoir&nbsp;: la r\u00e9alisation d\u2019un four solaire et des jeux sur le th\u00e8me des \u00e9nergies.<\/p>\n\n\n\n<p>Afin d\u2019informer les \u00e9l\u00e8ves du coll\u00e8ge de l\u2019\u00e9v\u00e8nement \u00e0 venir des affiches avaient \u00e9taient plac\u00e9es \u00e0 divers endroits au sein de l\u2019\u00e9tablissement et de nombreux \u00e9l\u00e8ves ont r\u00e9pondu pr\u00e9sent. Ils sont venus jeter un \u0153il et partager un moment convivial au CDI ou \u00e0 ces abords o\u00f9 \u00e9tait expos\u00e9 le four solaire sur la pause m\u00e9ridienne.<\/p>\n\n\n\n<p>Des \u00e9l\u00e8ves de 6<sup>\u00e8me<\/sup> SEGPA ont \u00e9galement pu assister aux ateliers propos\u00e9s et anim\u00e9s par les \u00e9co-d\u00e9l\u00e9gu\u00e9s sur les cr\u00e9neaux de S1 et S2 de l\u2019apr\u00e8s-midi.<\/p>\n\n\n\n<p>\u00c9coute, \u00e9changes, jeux et r\u00e9compenses \u00e9taient de la partie. Aussi certains \u00e9l\u00e8ves sont-ils repartis avec comme petit souvenir un petit porte-cl\u00e9, en lien avec le th\u00e8me de l\u2019\u00e9nergie, fabriqu\u00e9 avec l\u2019imprimante 3D du coll\u00e8ge.<\/p>\n\n\n\n<p>L\u2019ensemble des \u00e9co-d\u00e9l\u00e9gu\u00e9s ainsi que les r\u00e9f\u00e9rents EDD remercient ceux ayant particip\u00e9s \u00e0 cet \u00e9v\u00e8nement. Nous allons maintenant pr\u00e9senter notre travail aux \u00e9l\u00e8ves de CM2 de l\u2019\u00e9cole de Duparc&nbsp;!<\/p>\n\n\n\n<figure class=\"wp-block-gallery has-nested-images columns-default is-cropped wp-block-gallery-1 is-layout-flex wp-block-gallery-is-layout-flex\">\n<figure class=\"wp-block-image size-large\"><img loading=\"lazy\" decoding=\"async\" width=\"1024\" height=\"768\" data-id=\"5143\" src=\"https:\/\/etab.ac-reunion.fr\/clg-jean-desme\/wp-content\/uploads\/sites\/46\/2024\/04\/6-1024x768.jpg\" alt=\"\" class=\"wp-image-5143\" srcset=\"https:\/\/etab.ac-reunion.fr\/clg-jean-desme\/wp-content\/uploads\/sites\/46\/2024\/04\/6-980x735.jpg 980w, https:\/\/etab.ac-reunion.fr\/clg-jean-desme\/wp-content\/uploads\/sites\/46\/2024\/04\/6-480x360.jpg 480w\" sizes=\"(min-width: 0px) and (max-width: 480px) 480px, (min-width: 481px) and (max-width: 980px) 980px, (min-width: 981px) 1024px, 100vw\" \/><\/figure>\n\n\n\n<figure class=\"wp-block-image size-large\"><img loading=\"lazy\" decoding=\"async\" width=\"1200\" height=\"1034\" data-id=\"5142\" src=\"https:\/\/etab.ac-reunion.fr\/clg-jean-desme\/wp-content\/uploads\/sites\/46\/2024\/04\/2-1024x882.jpg\" alt=\"\" class=\"wp-image-5142\" srcset=\"https:\/\/etab.ac-reunion.fr\/clg-jean-desme\/wp-content\/uploads\/sites\/46\/2024\/04\/2-1024x882.jpg 1200w, https:\/\/etab.ac-reunion.fr\/clg-jean-desme\/wp-content\/uploads\/sites\/46\/2024\/04\/2-980x844.jpg 980w, https:\/\/etab.ac-reunion.fr\/clg-jean-desme\/wp-content\/uploads\/sites\/46\/2024\/04\/2-480x414.jpg 480w\" sizes=\"(min-width: 0px) and (max-width: 480px) 480px, (min-width: 481px) and (max-width: 980px) 980px, (min-width: 981px) 1200px, 100vw\" \/><\/figure>\n\n\n\n<figure class=\"wp-block-image size-large\"><img loading=\"lazy\" decoding=\"async\" width=\"1024\" height=\"768\" data-id=\"5146\" src=\"https:\/\/etab.ac-reunion.fr\/clg-jean-desme\/wp-content\/uploads\/sites\/46\/2024\/04\/3-1024x768.jpg\" alt=\"\" class=\"wp-image-5146\" srcset=\"https:\/\/etab.ac-reunion.fr\/clg-jean-desme\/wp-content\/uploads\/sites\/46\/2024\/04\/3-980x735.jpg 980w, https:\/\/etab.ac-reunion.fr\/clg-jean-desme\/wp-content\/uploads\/sites\/46\/2024\/04\/3-480x360.jpg 480w\" sizes=\"(min-width: 0px) and (max-width: 480px) 480px, (min-width: 481px) and (max-width: 980px) 980px, (min-width: 981px) 1024px, 100vw\" \/><\/figure>\n\n\n\n<figure class=\"wp-block-image size-large\"><img loading=\"lazy\" decoding=\"async\" width=\"1024\" height=\"768\" data-id=\"5145\" src=\"https:\/\/etab.ac-reunion.fr\/clg-jean-desme\/wp-content\/uploads\/sites\/46\/2024\/04\/4-1024x768.jpg\" alt=\"\" class=\"wp-image-5145\" srcset=\"https:\/\/etab.ac-reunion.fr\/clg-jean-desme\/wp-content\/uploads\/sites\/46\/2024\/04\/4-980x735.jpg 980w, https:\/\/etab.ac-reunion.fr\/clg-jean-desme\/wp-content\/uploads\/sites\/46\/2024\/04\/4-480x360.jpg 480w\" sizes=\"(min-width: 0px) and (max-width: 480px) 480px, (min-width: 481px) and (max-width: 980px) 980px, (min-width: 981px) 1024px, 100vw\" \/><\/figure>\n\n\n\n<figure class=\"wp-block-image size-large\"><img loading=\"lazy\" decoding=\"async\" width=\"1024\" height=\"768\" data-id=\"5144\" src=\"https:\/\/etab.ac-reunion.fr\/clg-jean-desme\/wp-content\/uploads\/sites\/46\/2024\/04\/5-1024x768.jpg\" alt=\"\" class=\"wp-image-5144\" srcset=\"https:\/\/etab.ac-reunion.fr\/clg-jean-desme\/wp-content\/uploads\/sites\/46\/2024\/04\/5-980x735.jpg 980w, https:\/\/etab.ac-reunion.fr\/clg-jean-desme\/wp-content\/uploads\/sites\/46\/2024\/04\/5-480x360.jpg 480w\" sizes=\"(min-width: 0px) and (max-width: 480px) 480px, (min-width: 481px) and (max-width: 980px) 980px, (min-width: 981px) 1024px, 100vw\" \/><\/figure>\n<\/figure>\n","protected":false},"excerpt":{"rendered":"<p>Le jeudi 25 avril les \u00e9co-d\u00e9l\u00e9gu\u00e9s du coll\u00e8ge Jean d\u2019Esme ont eu le plaisir de faire d\u00e9couvrir aux \u00e9l\u00e8ves du coll\u00e8ge Jean d\u2019Esme les diff\u00e9rents projets men\u00e9s au cours de cette ann\u00e9e scolaire, \u00e0 savoir&nbsp;: la r\u00e9alisation d\u2019un four solaire et des jeux sur le th\u00e8me des \u00e9nergies. Afin d\u2019informer les \u00e9l\u00e8ves du coll\u00e8ge de [&hellip;]<\/p>\n","protected":false},"author":30305,"featured_media":5147,"comment_status":"closed","ping_status":"closed","sticky":false,"template":"","format":"standard","meta":{"_et_pb_use_builder":"off","_et_pb_old_content":"","_et_gb_content_width":"","footnotes":""},"categories":[10,52],"tags":[],"class_list":["post-5141","post","type-post","status-publish","format-standard","has-post-thumbnail","hentry","category-actualites-du-college","category-education-au-developpement-durable"],"_links":{"self":[{"href":"https:\/\/etab.ac-reunion.fr\/clg-jean-desme\/wp-json\/wp\/v2\/posts\/5141","targetHints":{"allow":["GET"]}}],"collection":[{"href":"https:\/\/etab.ac-reunion.fr\/clg-jean-desme\/wp-json\/wp\/v2\/posts"}],"about":[{"href":"https:\/\/etab.ac-reunion.fr\/clg-jean-desme\/wp-json\/wp\/v2\/types\/post"}],"author":[{"embeddable":true,"href":"https:\/\/etab.ac-reunion.fr\/clg-jean-desme\/wp-json\/wp\/v2\/users\/30305"}],"replies":[{"embeddable":true,"href":"https:\/\/etab.ac-reunion.fr\/clg-jean-desme\/wp-json\/wp\/v2\/comments?post=5141"}],"version-history":[{"count":1,"href":"https:\/\/etab.ac-reunion.fr\/clg-jean-desme\/wp-json\/wp\/v2\/posts\/5141\/revisions"}],"predecessor-version":[{"id":5148,"href":"https:\/\/etab.ac-reunion.fr\/clg-jean-desme\/wp-json\/wp\/v2\/posts\/5141\/revisions\/5148"}],"wp:featuredmedia":[{"embeddable":true,"href":"https:\/\/etab.ac-reunion.fr\/clg-jean-desme\/wp-json\/wp\/v2\/media\/5147"}],"wp:attachment":[{"href":"https:\/\/etab.ac-reunion.fr\/clg-jean-desme\/wp-json\/wp\/v2\/media?parent=5141"}],"wp:term":[{"taxonomy":"category","embeddable":true,"href":"https:\/\/etab.ac-reunion.fr\/clg-jean-desme\/wp-json\/wp\/v2\/categories?post=5141"},{"taxonomy":"post_tag","embeddable":true,"href":"https:\/\/etab.ac-reunion.fr\/clg-jean-desme\/wp-json\/wp\/v2\/tags?post=5141"}],"curies":[{"name":"wp","href":"https:\/\/api.w.org\/{rel}","templated":true}]}}