{"id":5149,"date":"2024-04-29T13:22:38","date_gmt":"2024-04-29T09:22:38","guid":{"rendered":"https:\/\/etab.ac-reunion.fr\/clg-jean-desme\/?p=5149"},"modified":"2024-04-29T13:22:38","modified_gmt":"2024-04-29T09:22:38","slug":"une-sortie-a-lecole-primaire-de-duparc-avec-les-eco-delegues","status":"publish","type":"post","link":"https:\/\/etab.ac-reunion.fr\/clg-jean-desme\/une-sortie-a-lecole-primaire-de-duparc-avec-les-eco-delegues\/","title":{"rendered":"Une sortie \u00e0 l\u2019\u00e9cole primaire de Duparc avec les \u00e9co-d\u00e9l\u00e9gu\u00e9s"},"content":{"rendered":"\n<p>Le vendredi 26 avril, quelques \u00e9co-d\u00e9l\u00e9gu\u00e9s du coll\u00e8ge Jean d\u2019Esme ont eu l\u2019occasion et la chance de pr\u00e9senter leurs projets aux \u00e9l\u00e8ves de CM2 de l\u2019\u00e9cole primaire de Duparc. Ils vous expliquent le d\u00e9rouler de cet \u00e9v\u00e8nement et leur retour sur cette exp\u00e9rience.<\/p>\n\n\n\n<p>\u00ab&nbsp;Nous nous sommes tous rassembl\u00e9s avant de partir en direction de l\u2019\u00e9cole, une fois arriv\u00e9s \u00e0 13h30, nous avons \u00e9t\u00e9 bien accueillis par les professeurs des \u00e9coles, les \u00e9l\u00e8ves et le directeur. On leur a pr\u00e9sent\u00e9 le four solaire, ensuite on leur a montr\u00e9 des affiches r\u00e9alis\u00e9es par des 5\u00e8mes et enfin ils ont aussi pu jouer et s\u2019amuser avec des jeux et des quizz r\u00e9alis\u00e9s par nos soins&nbsp;\u00bb.<\/p>\n\n\n\n<p>\u00ab&nbsp;Pour certains nous avons aim\u00e9 revoir notre ancienne \u00e9cole et sensibiliser les CM2 au r\u00f4le des \u00e9co-d\u00e9l\u00e9gu\u00e9s pour qu\u2019ils deviennent plus tard de bons \u00e9co-d\u00e9l\u00e9gu\u00e9s. Nous avons aim\u00e9 la gentillesse des \u00e9l\u00e8ves, voir que tout cela les int\u00e9ressait beaucoup et qu\u2019ils \u00e9taient s\u00e9rieux et impliqu\u00e9s. Nous avons aim\u00e9 partager notre travail avec eux.&nbsp;\u00bb<\/p>\n\n\n\n<p>AVRIL TEVANE Ambroise (303)<\/p>\n\n\n\n<p>BERMUDES Maxences (406)<\/p>\n\n\n\n<p>LATCHOUMANIN Samuel (406)<\/p>\n\n\n\n<p>BRAULT Anthony (603)<\/p>\n\n\n\n<p>DEDIEU Elora (603)<\/p>\n\n\n\n<p>AVANLANDE Meylann (605)<\/p>\n\n\n\n<p>BOYER TIPVEAU Benjamin (605)<\/p>\n\n\n\n<p>BOYER TIPVEAU Gabrielle (605)<\/p>\n\n\n\n<p>DESCHAMPS Kylian (605)<\/p>\n\n\n\n<p>LEBON Tom (403)<\/p>\n\n\n\n<p>PORINO Ana\u00efs et PONAMA Sandrine (R\u00e9f\u00e9rentes EDD)<\/p>\n\n\n\n<figure class=\"wp-block-gallery has-nested-images columns-default is-cropped wp-block-gallery-1 is-layout-flex wp-block-gallery-is-layout-flex\">\n<figure class=\"wp-block-image size-large\"><img loading=\"lazy\" decoding=\"async\" width=\"768\" height=\"1024\" data-id=\"5153\" src=\"https:\/\/etab.ac-reunion.fr\/clg-jean-desme\/wp-content\/uploads\/sites\/46\/2024\/04\/6-1-768x1024.jpg\" alt=\"\" class=\"wp-image-5153\" \/><\/figure>\n\n\n\n<figure class=\"wp-block-image size-large\"><img loading=\"lazy\" decoding=\"async\" width=\"1024\" height=\"768\" data-id=\"5154\" src=\"https:\/\/etab.ac-reunion.fr\/clg-jean-desme\/wp-content\/uploads\/sites\/46\/2024\/04\/2-1-1024x768.jpg\" alt=\"\" class=\"wp-image-5154\" srcset=\"https:\/\/etab.ac-reunion.fr\/clg-jean-desme\/wp-content\/uploads\/sites\/46\/2024\/04\/2-1-980x735.jpg 980w, https:\/\/etab.ac-reunion.fr\/clg-jean-desme\/wp-content\/uploads\/sites\/46\/2024\/04\/2-1-480x360.jpg 480w\" sizes=\"(min-width: 0px) and (max-width: 480px) 480px, (min-width: 481px) and (max-width: 980px) 980px, (min-width: 981px) 1024px, 100vw\" \/><\/figure>\n\n\n\n<figure class=\"wp-block-image size-large\"><img loading=\"lazy\" decoding=\"async\" width=\"768\" height=\"1024\" data-id=\"5150\" src=\"https:\/\/etab.ac-reunion.fr\/clg-jean-desme\/wp-content\/uploads\/sites\/46\/2024\/04\/3-1-768x1024.jpg\" alt=\"\" class=\"wp-image-5150\" \/><\/figure>\n\n\n\n<figure class=\"wp-block-image size-large\"><img loading=\"lazy\" decoding=\"async\" width=\"1024\" height=\"768\" data-id=\"5152\" src=\"https:\/\/etab.ac-reunion.fr\/clg-jean-desme\/wp-content\/uploads\/sites\/46\/2024\/04\/4-1-1024x768.jpg\" alt=\"\" class=\"wp-image-5152\" srcset=\"https:\/\/etab.ac-reunion.fr\/clg-jean-desme\/wp-content\/uploads\/sites\/46\/2024\/04\/4-1-980x735.jpg 980w, https:\/\/etab.ac-reunion.fr\/clg-jean-desme\/wp-content\/uploads\/sites\/46\/2024\/04\/4-1-480x360.jpg 480w\" sizes=\"(min-width: 0px) and (max-width: 480px) 480px, (min-width: 481px) and (max-width: 980px) 980px, (min-width: 981px) 1024px, 100vw\" \/><\/figure>\n\n\n\n<figure class=\"wp-block-image size-large\"><img loading=\"lazy\" decoding=\"async\" width=\"1024\" height=\"768\" data-id=\"5151\" src=\"https:\/\/etab.ac-reunion.fr\/clg-jean-desme\/wp-content\/uploads\/sites\/46\/2024\/04\/5-1-1024x768.jpg\" alt=\"\" class=\"wp-image-5151\" srcset=\"https:\/\/etab.ac-reunion.fr\/clg-jean-desme\/wp-content\/uploads\/sites\/46\/2024\/04\/5-1-980x735.jpg 980w, https:\/\/etab.ac-reunion.fr\/clg-jean-desme\/wp-content\/uploads\/sites\/46\/2024\/04\/5-1-480x360.jpg 480w\" sizes=\"(min-width: 0px) and (max-width: 480px) 480px, (min-width: 481px) and (max-width: 980px) 980px, (min-width: 981px) 1024px, 100vw\" \/><\/figure>\n<\/figure>\n","protected":false},"excerpt":{"rendered":"<p>Le vendredi 26 avril, quelques \u00e9co-d\u00e9l\u00e9gu\u00e9s du coll\u00e8ge Jean d\u2019Esme ont eu l\u2019occasion et la chance de pr\u00e9senter leurs projets aux \u00e9l\u00e8ves de CM2 de l\u2019\u00e9cole primaire de Duparc. Ils vous expliquent le d\u00e9rouler de cet \u00e9v\u00e8nement et leur retour sur cette exp\u00e9rience. \u00ab&nbsp;Nous nous sommes tous rassembl\u00e9s avant de partir en direction de l\u2019\u00e9cole, [&hellip;]<\/p>\n","protected":false},"author":30305,"featured_media":5155,"comment_status":"closed","ping_status":"closed","sticky":false,"template":"","format":"standard","meta":{"_et_pb_use_builder":"off","_et_pb_old_content":"","_et_gb_content_width":"","footnotes":""},"categories":[10,52],"tags":[],"class_list":["post-5149","post","type-post","status-publish","format-standard","has-post-thumbnail","hentry","category-actualites-du-college","category-education-au-developpement-durable"],"_links":{"self":[{"href":"https:\/\/etab.ac-reunion.fr\/clg-jean-desme\/wp-json\/wp\/v2\/posts\/5149","targetHints":{"allow":["GET"]}}],"collection":[{"href":"https:\/\/etab.ac-reunion.fr\/clg-jean-desme\/wp-json\/wp\/v2\/posts"}],"about":[{"href":"https:\/\/etab.ac-reunion.fr\/clg-jean-desme\/wp-json\/wp\/v2\/types\/post"}],"author":[{"embeddable":true,"href":"https:\/\/etab.ac-reunion.fr\/clg-jean-desme\/wp-json\/wp\/v2\/users\/30305"}],"replies":[{"embeddable":true,"href":"https:\/\/etab.ac-reunion.fr\/clg-jean-desme\/wp-json\/wp\/v2\/comments?post=5149"}],"version-history":[{"count":1,"href":"https:\/\/etab.ac-reunion.fr\/clg-jean-desme\/wp-json\/wp\/v2\/posts\/5149\/revisions"}],"predecessor-version":[{"id":5156,"href":"https:\/\/etab.ac-reunion.fr\/clg-jean-desme\/wp-json\/wp\/v2\/posts\/5149\/revisions\/5156"}],"wp:featuredmedia":[{"embeddable":true,"href":"https:\/\/etab.ac-reunion.fr\/clg-jean-desme\/wp-json\/wp\/v2\/media\/5155"}],"wp:attachment":[{"href":"https:\/\/etab.ac-reunion.fr\/clg-jean-desme\/wp-json\/wp\/v2\/media?parent=5149"}],"wp:term":[{"taxonomy":"category","embeddable":true,"href":"https:\/\/etab.ac-reunion.fr\/clg-jean-desme\/wp-json\/wp\/v2\/categories?post=5149"},{"taxonomy":"post_tag","embeddable":true,"href":"https:\/\/etab.ac-reunion.fr\/clg-jean-desme\/wp-json\/wp\/v2\/tags?post=5149"}],"curies":[{"name":"wp","href":"https:\/\/api.w.org\/{rel}","templated":true}]}}