{"id":5169,"date":"2024-05-31T07:30:28","date_gmt":"2024-05-31T03:30:28","guid":{"rendered":"https:\/\/etab.ac-reunion.fr\/clg-jean-desme\/?p=5169"},"modified":"2024-09-02T15:17:16","modified_gmt":"2024-09-02T11:17:16","slug":"5eme-edition-de-la-semaine-des-arts","status":"publish","type":"post","link":"https:\/\/etab.ac-reunion.fr\/clg-jean-desme\/5eme-edition-de-la-semaine-des-arts\/","title":{"rendered":"5\u00e8me\u00a0\u00e9dition de la\u00a0Semaine des arts"},"content":{"rendered":"[et_pb_section admin_label=\u00a0\u00bbsection\u00a0\u00bb]\n\t\t\t[et_pb_row admin_label=\u00a0\u00bbrow\u00a0\u00bb]\n\t\t\t\t[et_pb_column type=\u00a0\u00bb4_4&Prime;][et_pb_text admin_label=\u00a0\u00bbText\u00a0\u00bb]\n<p><strong>Depuis plusieurs ann\u00e9es, les personnels de l\u2019\u00e9tablissement se mobilisent pour faire vivre aux \u00e9l\u00e8ves du coll\u00e8ge Jean d\u2019Esme un projet artistique ambitieux et riche en \u00e9motions&nbsp;:&nbsp;la semaine des arts.&nbsp;<\/strong><\/p>\n\n\n\n<p>Cette ann\u00e9e encore, avec\u00a0<strong>9 repr\u00e9sentations<\/strong> ce seront plus de\u00a0<strong>160 \u00e9l\u00e8ves qui se produiront sur sc\u00e8ne<\/strong>\u00a0du\u00a0lundi 3 juin au vendredi 6 juin 2024\u00a0au r\u00e9fectoire du coll\u00e8ge.\u00a0<\/p>\n\n\n\n<p>Tout d\u2019abord, dans le cadre de l\u2019EPI \u00ab&nbsp;Culture et Spectacle vivant&nbsp;\u00bb, tous les \u00e9l\u00e8ves de 4\u00e8mes ont con\u00e7u et mis en \u0153uvre dans diff\u00e9rentes mati\u00e8res des activit\u00e9s autour du spectacle vivant&nbsp;: Th\u00e9\u00e2tre, Danse, Chant, Percussion \u2026. Chaque classe pr\u00e9sentera sa com\u00e9die musicale&nbsp;: lundi 3 juin et mardi 4 juin. Par solidarit\u00e9 pour leurs camarades et respect pour l\u2019ensemble des personnes impliqu\u00e9es dans ce projet, leur pr\u00e9sence est indispensable au bon d\u00e9roulement de cette&nbsp;repr\u00e9sentation collective. Les familles des \u00e9l\u00e8ves concern\u00e9s sont invit\u00e9es \u00e0 assister \u00e0 certaines repr\u00e9sentations de leur enfant (dans la limite de 3 personnes par repr\u00e9sentation) selon le planning suivant&nbsp;:&nbsp;<\/p>\n\n\n\n<p>&#8211;&nbsp;&nbsp;&nbsp;&nbsp;&nbsp;&nbsp;&nbsp;<em>Classe de 403&nbsp;: \u00ab&nbsp;Disney&nbsp;\u00bb lundi 3 juin \u00e0 9h et\/ou \u00e0 11h10<\/em><\/p>\n\n\n\n<p>&#8211;&nbsp;&nbsp;&nbsp;&nbsp;&nbsp;&nbsp;&nbsp;<em>Classe de 404&nbsp;: \u00ab&nbsp;Rom\u00e9o kiffe Juliette&nbsp;\u00bb lundi 3 juin \u00e0 11h10 et\/ou \u00e0 14h30<\/em><\/p>\n\n\n\n<p>&#8211;&nbsp;&nbsp;&nbsp;&nbsp;&nbsp;&nbsp;&nbsp;<em>Classe de 405&nbsp;: \u00ab&nbsp;Souvenirs d\u2019enfance&nbsp;\u00bb mardi 4 juin \u00e0 9h et\/ou \u00e0 11h10<\/em><\/p>\n\n\n\n<p>&#8211;&nbsp;&nbsp;&nbsp;&nbsp;&nbsp;&nbsp;&nbsp;&nbsp;<em>Classe de 406&nbsp;: \u00ab&nbsp;West Side Story&nbsp;\u00bb lundi 3 juin \u00e0 14h30 et\/ou mardi 4 juin \u00e0 9h<\/em><\/p>\n\n\n\n<p>&#8211;&nbsp;&nbsp;&nbsp;&nbsp;&nbsp;&nbsp;&nbsp;&nbsp;<em>Classe de 407&nbsp;:&nbsp;\u00ab&nbsp;Stranger Things&nbsp;\u00bb lundi 3 juin \u00e0 9h et\/ou mardi 4 juin \u00e0 11h10<\/em><\/p>\n\n\n\n<p>Apporter une pi\u00e8ce d\u2019identit\u00e9 pour entrer dans le coll\u00e8ge. ATTENTION&nbsp;: les films et les photos sont interdits. Par ailleurs, dans l\u2019optique de faciliter le travail des \u00e9l\u00e8ves, nous vous incitons \u00e0 ne pas venir avec de tr\u00e8s jeunes enfants qui au regard de leur jeune \u00e2ge seraient incapables de rester immobiles et silencieux pendant 1 heure.&nbsp;<\/p>\n\n\n\n<p>Ensuite, dans le cadre d\u2019un projet avec l\u2019artiste David SAMAN, les \u00e9l\u00e8ves de 6<sup>\u00e8me<\/sup>&nbsp;et 5<sup>\u00e8me<\/sup>&nbsp;SEGPA chanteront avec ce dernier lors de repr\u00e9sentations qui se d\u00e9rouleront vendredi 6 juin selon le planning suivant&nbsp;:&nbsp;<\/p>\n\n\n\n<p>&#8211;&nbsp;&nbsp;&nbsp;&nbsp;&nbsp;&nbsp;&nbsp;Repr\u00e9sentation 1&nbsp;: 14h30<\/p>\n\n\n\n<p>&#8211;&nbsp;&nbsp;&nbsp;&nbsp;&nbsp;&nbsp;&nbsp;Repr\u00e9sentation 2&nbsp;: 15h<\/p>\n\n\n\n<p>Comme pour les \u00e9l\u00e8ves de 4<sup>\u00e8me<\/sup>, les familles des \u00e9l\u00e8ves des classes de 601 \u2013 602 \u2013 501 et 502 sont convi\u00e9s \u00e0 assister \u00e0 ces repr\u00e9sentations.&nbsp;<\/p>\n\n\n\n<p>Enfin, en compagnie de Mr JOUBERT et THOMAS, des \u00e9l\u00e8ves de l\u2019atelier musical se produiront sur sc\u00e8ne lundi 3 juin \u00e0 15h40 et jeudi 6 juin \u00e0 9h.&nbsp;<\/p>\n\n\n\n<p>Le planning g\u00e9n\u00e9ral de la semaine des arts est en photo ci- dessus. N\u2019h\u00e9sitez pas \u00e0 venir nous rejoindre au r\u00e9fectoire pour partager avec nous ce temps fort de l\u2019ann\u00e9e scolaire.&nbsp;<\/p>\n[\/et_pb_text][\/et_pb_column]\n\t\t\t[\/et_pb_row]\n\t\t[\/et_pb_section]","protected":false},"excerpt":{"rendered":"<p>Depuis plusieurs ann\u00e9es, les personnels de l\u2019\u00e9tablissement se mobilisent pour faire vivre aux \u00e9l\u00e8ves du coll\u00e8ge Jean d\u2019Esme un projet artistique ambitieux et riche en \u00e9motions&nbsp;:&nbsp;la semaine des arts.&nbsp; Cette ann\u00e9e encore, avec\u00a09 repr\u00e9sentations ce seront plus de\u00a0160 \u00e9l\u00e8ves qui se produiront sur sc\u00e8ne\u00a0du\u00a0lundi 3 juin au vendredi 6 juin 2024\u00a0au r\u00e9fectoire du coll\u00e8ge.\u00a0 Tout [&hellip;]<\/p>\n","protected":false},"author":30305,"featured_media":5170,"comment_status":"closed","ping_status":"closed","sticky":false,"template":"","format":"standard","meta":{"_et_pb_use_builder":"on","_et_pb_old_content":"<!-- wp:paragraph -->\n<p><strong>Depuis plusieurs ann\u00e9es, les personnels de l\u2019\u00e9tablissement se mobilisent pour faire vivre aux \u00e9l\u00e8ves du coll\u00e8ge Jean d\u2019Esme un projet artistique ambitieux et riche en \u00e9motions&nbsp;:&nbsp;la semaine des arts.&nbsp;<\/strong><\/p>\n<!-- \/wp:paragraph -->\n\n<!-- wp:paragraph -->\n<p>Cette ann\u00e9e encore, avec\u00a0<strong>9 repr\u00e9sentations<\/strong> ce seront plus de\u00a0<strong>160 \u00e9l\u00e8ves qui se produiront sur sc\u00e8ne<\/strong>\u00a0du\u00a0lundi 3 juin au vendredi 6 juin 2024\u00a0au r\u00e9fectoire du coll\u00e8ge.\u00a0<\/p>\n<!-- \/wp:paragraph -->\n\n<!-- wp:paragraph -->\n<p>Tout d\u2019abord, dans le cadre de l\u2019EPI \u00ab&nbsp;Culture et Spectacle vivant&nbsp;\u00bb, tous les \u00e9l\u00e8ves de 4\u00e8mes ont con\u00e7u et mis en \u0153uvre dans diff\u00e9rentes mati\u00e8res des activit\u00e9s autour du spectacle vivant&nbsp;: Th\u00e9\u00e2tre, Danse, Chant, Percussion \u2026. Chaque classe pr\u00e9sentera sa com\u00e9die musicale&nbsp;: lundi 3 juin et mardi 4 juin. Par solidarit\u00e9 pour leurs camarades et respect pour l\u2019ensemble des personnes impliqu\u00e9es dans ce projet, leur pr\u00e9sence est indispensable au bon d\u00e9roulement de cette&nbsp;repr\u00e9sentation collective. Les familles des \u00e9l\u00e8ves concern\u00e9s sont invit\u00e9es \u00e0 assister \u00e0 certaines repr\u00e9sentations de leur enfant (dans la limite de 3 personnes par repr\u00e9sentation) selon le planning suivant&nbsp;:&nbsp;<\/p>\n<!-- \/wp:paragraph -->\n\n<!-- wp:paragraph -->\n<p>-&nbsp;&nbsp;&nbsp;&nbsp;&nbsp;&nbsp;&nbsp;<em>Classe de 403&nbsp;: \u00ab&nbsp;Disney&nbsp;\u00bb lundi 3 juin \u00e0 9h et\/ou \u00e0 11h10<\/em><\/p>\n<!-- \/wp:paragraph -->\n\n<!-- wp:paragraph -->\n<p>-&nbsp;&nbsp;&nbsp;&nbsp;&nbsp;&nbsp;&nbsp;<em>Classe de 404&nbsp;: \u00ab&nbsp;Rom\u00e9o kiffe Juliette&nbsp;\u00bb lundi 3 juin \u00e0 11h10 et\/ou \u00e0 14h30<\/em><\/p>\n<!-- \/wp:paragraph -->\n\n<!-- wp:paragraph -->\n<p>-&nbsp;&nbsp;&nbsp;&nbsp;&nbsp;&nbsp;&nbsp;<em>Classe de 405&nbsp;: \u00ab&nbsp;Souvenirs d\u2019enfance&nbsp;\u00bb mardi 4 juin \u00e0 9h et\/ou \u00e0 11h10<\/em><\/p>\n<!-- \/wp:paragraph -->\n\n<!-- wp:paragraph -->\n<p>-&nbsp;&nbsp;&nbsp;&nbsp;&nbsp;&nbsp;&nbsp;&nbsp;<em>Classe de 406&nbsp;: \u00ab&nbsp;West Side Story&nbsp;\u00bb lundi 3 juin \u00e0 14h30 et\/ou mardi 4 juin \u00e0 9h<\/em><\/p>\n<!-- \/wp:paragraph -->\n\n<!-- wp:paragraph -->\n<p>-&nbsp;&nbsp;&nbsp;&nbsp;&nbsp;&nbsp;&nbsp;&nbsp;<em>Classe de 407&nbsp;:&nbsp;\u00ab&nbsp;Stranger Things&nbsp;\u00bb lundi 3 juin \u00e0 9h et\/ou mardi 4 juin \u00e0 11h10<\/em><\/p>\n<!-- \/wp:paragraph -->\n\n<!-- wp:paragraph -->\n<p>Apporter une pi\u00e8ce d\u2019identit\u00e9 pour entrer dans le coll\u00e8ge. ATTENTION&nbsp;: les films et les photos sont interdits. Par ailleurs, dans l\u2019optique de faciliter le travail des \u00e9l\u00e8ves, nous vous incitons \u00e0 ne pas venir avec de tr\u00e8s jeunes enfants qui au regard de leur jeune \u00e2ge seraient incapables de rester immobiles et silencieux pendant 1 heure.&nbsp;<\/p>\n<!-- \/wp:paragraph -->\n\n<!-- wp:paragraph -->\n<p>Ensuite, dans le cadre d\u2019un projet avec l\u2019artiste David SAMAN, les \u00e9l\u00e8ves de 6<sup>\u00e8me<\/sup>&nbsp;et 5<sup>\u00e8me<\/sup>&nbsp;SEGPA chanteront avec ce dernier lors de repr\u00e9sentations qui se d\u00e9rouleront vendredi 6 juin selon le planning suivant&nbsp;:&nbsp;<\/p>\n<!-- \/wp:paragraph -->\n\n<!-- wp:paragraph -->\n<p>-&nbsp;&nbsp;&nbsp;&nbsp;&nbsp;&nbsp;&nbsp;Repr\u00e9sentation 1&nbsp;: 14h30<\/p>\n<!-- \/wp:paragraph -->\n\n<!-- wp:paragraph -->\n<p>-&nbsp;&nbsp;&nbsp;&nbsp;&nbsp;&nbsp;&nbsp;Repr\u00e9sentation 2&nbsp;: 15h<\/p>\n<!-- \/wp:paragraph -->\n\n<!-- wp:paragraph -->\n<p>Comme pour les \u00e9l\u00e8ves de 4<sup>\u00e8me<\/sup>, les familles des \u00e9l\u00e8ves des classes de 601 \u2013 602 \u2013 501 et 502 sont convi\u00e9s \u00e0 assister \u00e0 ces repr\u00e9sentations.&nbsp;<\/p>\n<!-- \/wp:paragraph -->\n\n<!-- wp:paragraph -->\n<p>Enfin, en compagnie de Mr JOUBERT et THOMAS, des \u00e9l\u00e8ves de l\u2019atelier musical se produiront sur sc\u00e8ne lundi 3 juin \u00e0 15h40 et jeudi 6 juin \u00e0 9h.&nbsp;<\/p>\n<!-- \/wp:paragraph -->\n\n<!-- wp:paragraph -->\n<p>Le planning g\u00e9n\u00e9ral de la semaine des arts est en photo ci- dessus. N\u2019h\u00e9sitez pas \u00e0 venir nous rejoindre au r\u00e9fectoire pour partager avec nous ce temps fort de l\u2019ann\u00e9e scolaire.&nbsp;<\/p>\n<!-- \/wp:paragraph -->","_et_gb_content_width":"","footnotes":""},"categories":[10,53],"tags":[],"class_list":["post-5169","post","type-post","status-publish","format-standard","has-post-thumbnail","hentry","category-actualites-du-college","category-projets-et-evenements"],"_links":{"self":[{"href":"https:\/\/etab.ac-reunion.fr\/clg-jean-desme\/wp-json\/wp\/v2\/posts\/5169","targetHints":{"allow":["GET"]}}],"collection":[{"href":"https:\/\/etab.ac-reunion.fr\/clg-jean-desme\/wp-json\/wp\/v2\/posts"}],"about":[{"href":"https:\/\/etab.ac-reunion.fr\/clg-jean-desme\/wp-json\/wp\/v2\/types\/post"}],"author":[{"embeddable":true,"href":"https:\/\/etab.ac-reunion.fr\/clg-jean-desme\/wp-json\/wp\/v2\/users\/30305"}],"replies":[{"embeddable":true,"href":"https:\/\/etab.ac-reunion.fr\/clg-jean-desme\/wp-json\/wp\/v2\/comments?post=5169"}],"version-history":[{"count":2,"href":"https:\/\/etab.ac-reunion.fr\/clg-jean-desme\/wp-json\/wp\/v2\/posts\/5169\/revisions"}],"predecessor-version":[{"id":5271,"href":"https:\/\/etab.ac-reunion.fr\/clg-jean-desme\/wp-json\/wp\/v2\/posts\/5169\/revisions\/5271"}],"wp:featuredmedia":[{"embeddable":true,"href":"https:\/\/etab.ac-reunion.fr\/clg-jean-desme\/wp-json\/wp\/v2\/media\/5170"}],"wp:attachment":[{"href":"https:\/\/etab.ac-reunion.fr\/clg-jean-desme\/wp-json\/wp\/v2\/media?parent=5169"}],"wp:term":[{"taxonomy":"category","embeddable":true,"href":"https:\/\/etab.ac-reunion.fr\/clg-jean-desme\/wp-json\/wp\/v2\/categories?post=5169"},{"taxonomy":"post_tag","embeddable":true,"href":"https:\/\/etab.ac-reunion.fr\/clg-jean-desme\/wp-json\/wp\/v2\/tags?post=5169"}],"curies":[{"name":"wp","href":"https:\/\/api.w.org\/{rel}","templated":true}]}}