{"id":5172,"date":"2024-06-04T15:27:34","date_gmt":"2024-06-04T11:27:34","guid":{"rendered":"https:\/\/etab.ac-reunion.fr\/clg-jean-desme\/?p=5172"},"modified":"2024-06-04T15:27:35","modified_gmt":"2024-06-04T11:27:35","slug":"bien-preparer-sa-rentree-en-6e-5e","status":"publish","type":"post","link":"https:\/\/etab.ac-reunion.fr\/clg-jean-desme\/bien-preparer-sa-rentree-en-6e-5e\/","title":{"rendered":"\u00ab\u00a0BIEN PR\u00c9PARER SA RENTR\u00c9E\u00a0\u00bb EN 6E \/ 5E"},"content":{"rendered":"\n<p>Dans la perspective de la rentr\u00e9e scolaire 2024, le minist\u00e8re a con\u00e7u deux supports de communication pour les parents des futurs \u00e9l\u00e8ves de 5e et les futurs \u00e9l\u00e8ves de 6e.<\/p>\n\n\n\n<p>L&rsquo;objectif est d&rsquo;informer&nbsp;les parents quant \u00e0 l\u2019organisation de ces deux classes en termes d\u2019emploi du temps et de programme, en leur expliquant les diff\u00e9rents dispositifs dont les \u00e9l\u00e8ves vont b\u00e9n\u00e9ficier \u00e0 la rentr\u00e9e : les groupes de besoins en fran\u00e7ais et en math\u00e9matiques, les dispositifs d\u2019aide et d\u2019accompagnement (Devoirs faits, soutien scolaire, stages de r\u00e9ussite). Vous y trouverez \u00e9galement des informations pratiques sur la pr\u00e9vention et la lutte contre le harc\u00e8lement, le pass\u2019sport et la sant\u00e9.<\/p>\n\n\n\n<p>&nbsp;<strong>.<\/strong> \u00ab\u00a0<a href=\"https:\/\/www.education.gouv.fr\/media\/195096\/download\" rel=\"noreferrer noopener\" target=\"_blank\"><u>Bien pr\u00e9parer sa rentr\u00e9e en 6e\u00a0\u00bb<\/u><\/a><br>&nbsp;<strong>.<\/strong>&nbsp;&nbsp;<a href=\"https:\/\/www.education.gouv.fr\/media\/195099\/download\" rel=\"noreferrer noopener\" target=\"_blank\">\u00ab\u00a0Bien pr\u00e9parer sa rentr\u00e9e en 5e\u00a0\u00bb<\/a><\/p>\n","protected":false},"excerpt":{"rendered":"<p>Dans la perspective de la rentr\u00e9e scolaire 2024, le minist\u00e8re a con\u00e7u deux supports de communication pour les parents des futurs \u00e9l\u00e8ves de 5e et les futurs \u00e9l\u00e8ves de 6e. L&rsquo;objectif est d&rsquo;informer&nbsp;les parents quant \u00e0 l\u2019organisation de ces deux classes en termes d\u2019emploi du temps et de programme, en leur expliquant les diff\u00e9rents dispositifs [&hellip;]<\/p>\n","protected":false},"author":30305,"featured_media":5173,"comment_status":"closed","ping_status":"closed","sticky":false,"template":"","format":"standard","meta":{"_et_pb_use_builder":"off","_et_pb_old_content":"","_et_gb_content_width":"","footnotes":""},"categories":[10,40],"tags":[],"class_list":["post-5172","post","type-post","status-publish","format-standard","has-post-thumbnail","hentry","category-actualites-du-college","category-information-aux-parents-deleves"],"_links":{"self":[{"href":"https:\/\/etab.ac-reunion.fr\/clg-jean-desme\/wp-json\/wp\/v2\/posts\/5172","targetHints":{"allow":["GET"]}}],"collection":[{"href":"https:\/\/etab.ac-reunion.fr\/clg-jean-desme\/wp-json\/wp\/v2\/posts"}],"about":[{"href":"https:\/\/etab.ac-reunion.fr\/clg-jean-desme\/wp-json\/wp\/v2\/types\/post"}],"author":[{"embeddable":true,"href":"https:\/\/etab.ac-reunion.fr\/clg-jean-desme\/wp-json\/wp\/v2\/users\/30305"}],"replies":[{"embeddable":true,"href":"https:\/\/etab.ac-reunion.fr\/clg-jean-desme\/wp-json\/wp\/v2\/comments?post=5172"}],"version-history":[{"count":1,"href":"https:\/\/etab.ac-reunion.fr\/clg-jean-desme\/wp-json\/wp\/v2\/posts\/5172\/revisions"}],"predecessor-version":[{"id":5174,"href":"https:\/\/etab.ac-reunion.fr\/clg-jean-desme\/wp-json\/wp\/v2\/posts\/5172\/revisions\/5174"}],"wp:featuredmedia":[{"embeddable":true,"href":"https:\/\/etab.ac-reunion.fr\/clg-jean-desme\/wp-json\/wp\/v2\/media\/5173"}],"wp:attachment":[{"href":"https:\/\/etab.ac-reunion.fr\/clg-jean-desme\/wp-json\/wp\/v2\/media?parent=5172"}],"wp:term":[{"taxonomy":"category","embeddable":true,"href":"https:\/\/etab.ac-reunion.fr\/clg-jean-desme\/wp-json\/wp\/v2\/categories?post=5172"},{"taxonomy":"post_tag","embeddable":true,"href":"https:\/\/etab.ac-reunion.fr\/clg-jean-desme\/wp-json\/wp\/v2\/tags?post=5172"}],"curies":[{"name":"wp","href":"https:\/\/api.w.org\/{rel}","templated":true}]}}