{"id":5175,"date":"2024-06-18T09:39:07","date_gmt":"2024-06-18T05:39:07","guid":{"rendered":"https:\/\/etab.ac-reunion.fr\/clg-jean-desme\/?p=5175"},"modified":"2024-06-18T09:39:07","modified_gmt":"2024-06-18T05:39:07","slug":"transports-scolaires-carte-de-bus-2024-2025","status":"publish","type":"post","link":"https:\/\/etab.ac-reunion.fr\/clg-jean-desme\/transports-scolaires-carte-de-bus-2024-2025\/","title":{"rendered":"Transports scolaires &#8211; Carte de bus 2024-2025"},"content":{"rendered":"\n<p>Mesdames, Messieurs,<\/p>\n\n\n\n<p>J&rsquo;ai le plaisir de vous informer que la CINOR \u00e0 mis en place un nouveau dispositif d&rsquo;inscription en ligne pour les transport scolaires \u00e0 destinations des \u00e9l\u00e8ves qui r\u00e9sident sur les communes de Saint-Denis, Sainte-Marie et Sainte-Suzanne.<\/p>\n\n\n\n<p>De ce fait, les inscriptions de tous les \u00e9l\u00e8ves transport\u00e9s (1ere demande et renouvellement) devront se faire sur une plateforme d\u00e9di\u00e9e dont vous trouverez les liens d&rsquo;acc\u00e8s ci-dessous :<\/p>\n\n\n\n<p><a href=\"https:\/\/cinor.montransportscolaire.net\">https:\/\/cinor.montransportscolaire.net<\/a><\/p>\n\n\n\n<p><a href=\"https:\/\/cinor.montransportscolaire.net\/\/transcol\/web\">https:\/\/cinor.montransportscolaire.net\/\/transcol\/web<\/a><\/p>\n\n\n\n<p>Ces liens d&rsquo;acc\u00e8s directs seront aussi disponible sur le site de la CINOR :<\/p>\n\n\n\n<p><a href=\"https:\/\/www.cinor.re\">https:\/\/www.cinor.re<\/a><\/p>\n\n\n\n<p>Vous noterez que l&rsquo;ouverture de la plateforme se fera \u00e0 partir du 15 juin 2024.<\/p>\n\n\n\n<figure class=\"wp-block-image size-large\"><img loading=\"lazy\" decoding=\"async\" width=\"721\" height=\"1024\" src=\"https:\/\/etab.ac-reunion.fr\/clg-jean-desme\/wp-content\/uploads\/sites\/46\/2024\/06\/affiche-cinor_page-0001-721x1024.jpg\" alt=\"\" class=\"wp-image-5176\" \/><\/figure>\n","protected":false},"excerpt":{"rendered":"<p>Mesdames, Messieurs, J&rsquo;ai le plaisir de vous informer que la CINOR \u00e0 mis en place un nouveau dispositif d&rsquo;inscription en ligne pour les transport scolaires \u00e0 destinations des \u00e9l\u00e8ves qui r\u00e9sident sur les communes de Saint-Denis, Sainte-Marie et Sainte-Suzanne. De ce fait, les inscriptions de tous les \u00e9l\u00e8ves transport\u00e9s (1ere demande et renouvellement) devront se [&hellip;]<\/p>\n","protected":false},"author":30305,"featured_media":5177,"comment_status":"closed","ping_status":"closed","sticky":false,"template":"","format":"standard","meta":{"_et_pb_use_builder":"off","_et_pb_old_content":"","_et_gb_content_width":"","footnotes":""},"categories":[10,40],"tags":[],"class_list":["post-5175","post","type-post","status-publish","format-standard","has-post-thumbnail","hentry","category-actualites-du-college","category-information-aux-parents-deleves"],"_links":{"self":[{"href":"https:\/\/etab.ac-reunion.fr\/clg-jean-desme\/wp-json\/wp\/v2\/posts\/5175","targetHints":{"allow":["GET"]}}],"collection":[{"href":"https:\/\/etab.ac-reunion.fr\/clg-jean-desme\/wp-json\/wp\/v2\/posts"}],"about":[{"href":"https:\/\/etab.ac-reunion.fr\/clg-jean-desme\/wp-json\/wp\/v2\/types\/post"}],"author":[{"embeddable":true,"href":"https:\/\/etab.ac-reunion.fr\/clg-jean-desme\/wp-json\/wp\/v2\/users\/30305"}],"replies":[{"embeddable":true,"href":"https:\/\/etab.ac-reunion.fr\/clg-jean-desme\/wp-json\/wp\/v2\/comments?post=5175"}],"version-history":[{"count":1,"href":"https:\/\/etab.ac-reunion.fr\/clg-jean-desme\/wp-json\/wp\/v2\/posts\/5175\/revisions"}],"predecessor-version":[{"id":5178,"href":"https:\/\/etab.ac-reunion.fr\/clg-jean-desme\/wp-json\/wp\/v2\/posts\/5175\/revisions\/5178"}],"wp:featuredmedia":[{"embeddable":true,"href":"https:\/\/etab.ac-reunion.fr\/clg-jean-desme\/wp-json\/wp\/v2\/media\/5177"}],"wp:attachment":[{"href":"https:\/\/etab.ac-reunion.fr\/clg-jean-desme\/wp-json\/wp\/v2\/media?parent=5175"}],"wp:term":[{"taxonomy":"category","embeddable":true,"href":"https:\/\/etab.ac-reunion.fr\/clg-jean-desme\/wp-json\/wp\/v2\/categories?post=5175"},{"taxonomy":"post_tag","embeddable":true,"href":"https:\/\/etab.ac-reunion.fr\/clg-jean-desme\/wp-json\/wp\/v2\/tags?post=5175"}],"curies":[{"name":"wp","href":"https:\/\/api.w.org\/{rel}","templated":true}]}}