{"id":5182,"date":"2024-06-25T08:52:46","date_gmt":"2024-06-25T04:52:46","guid":{"rendered":"https:\/\/etab.ac-reunion.fr\/clg-jean-desme\/?p=5182"},"modified":"2024-06-25T08:52:46","modified_gmt":"2024-06-25T04:52:46","slug":"les-3eme-prepa-metier-a-mafate","status":"publish","type":"post","link":"https:\/\/etab.ac-reunion.fr\/clg-jean-desme\/les-3eme-prepa-metier-a-mafate\/","title":{"rendered":"Les 3\u00e8me prepa m\u00e9tier \u00e0 Mafate"},"content":{"rendered":"\n<p>Les \u00e9l\u00e8ves de 3<sup>\u00e8me<\/sup> pr\u00e9pa m\u00e9tier ont particip\u00e9 \u00e0 un projet \u00ab&nbsp;collaboratif&nbsp;\u00bb pour aller d\u00e9couvrir le petit village de La Nouvelle \u00e0 Mafate. En effet, apr\u00e8s avoir demand\u00e9 des devis pour \u00e9tablir un budget, ils ont organis\u00e9 des ventes de go\u00fbters pour auto financer leur projet. C\u2019est ainsi que Jeudi 23 mai et Vendredi 24 Mai ils sont partis en direction de Mafate par le Col des b\u0153ufs. Apr\u00e8s une descente d\u2019environ 2h et quelques chutes, les \u00e9l\u00e8ves se sont retrouv\u00e9s dans le cirque de Mafate pour travailler autour de deux exercices pratiques en math\u00e9matiques et technologie. Les \u00e9l\u00e8ves ont ensuite d\u00e9couvert les g\u00eetes qui allaient les accueillir pour le repas et la nuit. Le lendemain, avec beaucoup de pers\u00e9v\u00e9rance tous les \u00e9l\u00e8ves ont r\u00e9ussi \u00e0 gravir le col des b\u0153ufs avec une ascension d\u2019environ 400m de d\u00e9nivel\u00e9 positif. Bravo \u00e0 eux et aux enseignants et AED qui les ont accompagn\u00e9s&nbsp;: St\u00e9phane, M. Fontaine, Mme Lanciani et Mme Auguste.<\/p>\n\n\n\n<p>Extrait d\u2019interview \u00e9l\u00e8ve&nbsp;: \u00ab&nbsp;J\u2019\u00e9tais \u00e0 deux doigts de tout lacher, j\u2019ai gliss\u00e9, j\u2019ai pleur\u00e9 mais je me suis dit que je devais continuer. Je n\u2019\u00e9tais m\u00eame pas \u00e0 la moit\u00e9, j\u2019entendais d\u00e9j\u00e0 mes camarades de classe crier car ils \u00e9taient d\u00e9j\u00e0 arriv\u00e9s \u00e0 ce moment. Je me suis dit s\u2019ils l\u2019ont fait, je peux aussi le faire, j\u2019ai pris sur moi et j\u2019ai continu\u00e9 et j\u2019ai r\u00e9ussi. A la fin j\u2019ai pleur\u00e9 et je me suis dit j\u2019ai r\u00e9ussi mon d\u00e9fi&nbsp;\u00bb<\/p>\n\n\n\n<p>Autre extrait&nbsp;: \u00ab&nbsp;Sorti la f\u00e9 osi compren a mwen que mi t\u00e9 capable dans mon vie, mafate la ouvre mon zieu en fesan compren a mwen que m\u00eame si l\u00e9 dur abandonne pas continue et qu\u2019au final et ben on va arriver&nbsp;\u00bb<\/p>\n\n\n\n<figure class=\"wp-block-image size-large\"><img loading=\"lazy\" decoding=\"async\" width=\"1024\" height=\"768\" src=\"https:\/\/etab.ac-reunion.fr\/clg-jean-desme\/wp-content\/uploads\/sites\/46\/2024\/06\/IMG_20240523_135231-1024x768.jpg\" alt=\"\" class=\"wp-image-5184\" srcset=\"https:\/\/etab.ac-reunion.fr\/clg-jean-desme\/wp-content\/uploads\/sites\/46\/2024\/06\/IMG_20240523_135231-980x735.jpg 980w, https:\/\/etab.ac-reunion.fr\/clg-jean-desme\/wp-content\/uploads\/sites\/46\/2024\/06\/IMG_20240523_135231-480x360.jpg 480w\" sizes=\"(min-width: 0px) and (max-width: 480px) 480px, (min-width: 481px) and (max-width: 980px) 980px, (min-width: 981px) 1024px, 100vw\" \/><\/figure>\n","protected":false},"excerpt":{"rendered":"<p>Les \u00e9l\u00e8ves de 3\u00e8me pr\u00e9pa m\u00e9tier ont particip\u00e9 \u00e0 un projet \u00ab&nbsp;collaboratif&nbsp;\u00bb pour aller d\u00e9couvrir le petit village de La Nouvelle \u00e0 Mafate. En effet, apr\u00e8s avoir demand\u00e9 des devis pour \u00e9tablir un budget, ils ont organis\u00e9 des ventes de go\u00fbters pour auto financer leur projet. C\u2019est ainsi que Jeudi 23 mai et Vendredi 24 [&hellip;]<\/p>\n","protected":false},"author":30305,"featured_media":5185,"comment_status":"closed","ping_status":"closed","sticky":false,"template":"","format":"standard","meta":{"_et_pb_use_builder":"off","_et_pb_old_content":"","_et_gb_content_width":"","footnotes":""},"categories":[53],"tags":[],"class_list":["post-5182","post","type-post","status-publish","format-standard","has-post-thumbnail","hentry","category-projets-et-evenements"],"_links":{"self":[{"href":"https:\/\/etab.ac-reunion.fr\/clg-jean-desme\/wp-json\/wp\/v2\/posts\/5182","targetHints":{"allow":["GET"]}}],"collection":[{"href":"https:\/\/etab.ac-reunion.fr\/clg-jean-desme\/wp-json\/wp\/v2\/posts"}],"about":[{"href":"https:\/\/etab.ac-reunion.fr\/clg-jean-desme\/wp-json\/wp\/v2\/types\/post"}],"author":[{"embeddable":true,"href":"https:\/\/etab.ac-reunion.fr\/clg-jean-desme\/wp-json\/wp\/v2\/users\/30305"}],"replies":[{"embeddable":true,"href":"https:\/\/etab.ac-reunion.fr\/clg-jean-desme\/wp-json\/wp\/v2\/comments?post=5182"}],"version-history":[{"count":1,"href":"https:\/\/etab.ac-reunion.fr\/clg-jean-desme\/wp-json\/wp\/v2\/posts\/5182\/revisions"}],"predecessor-version":[{"id":5186,"href":"https:\/\/etab.ac-reunion.fr\/clg-jean-desme\/wp-json\/wp\/v2\/posts\/5182\/revisions\/5186"}],"wp:featuredmedia":[{"embeddable":true,"href":"https:\/\/etab.ac-reunion.fr\/clg-jean-desme\/wp-json\/wp\/v2\/media\/5185"}],"wp:attachment":[{"href":"https:\/\/etab.ac-reunion.fr\/clg-jean-desme\/wp-json\/wp\/v2\/media?parent=5182"}],"wp:term":[{"taxonomy":"category","embeddable":true,"href":"https:\/\/etab.ac-reunion.fr\/clg-jean-desme\/wp-json\/wp\/v2\/categories?post=5182"},{"taxonomy":"post_tag","embeddable":true,"href":"https:\/\/etab.ac-reunion.fr\/clg-jean-desme\/wp-json\/wp\/v2\/tags?post=5182"}],"curies":[{"name":"wp","href":"https:\/\/api.w.org\/{rel}","templated":true}]}}