{"id":5224,"date":"2024-06-27T10:20:38","date_gmt":"2024-06-27T06:20:38","guid":{"rendered":"https:\/\/etab.ac-reunion.fr\/clg-jean-desme\/?p=5224"},"modified":"2024-06-27T10:20:39","modified_gmt":"2024-06-27T06:20:39","slug":"journee-academique-de-leducation-au-developpement-durable","status":"publish","type":"post","link":"https:\/\/etab.ac-reunion.fr\/clg-jean-desme\/journee-academique-de-leducation-au-developpement-durable\/","title":{"rendered":"Journ\u00e9e Acad\u00e9mique de l\u2019\u00c9ducation au D\u00e9veloppement Durable"},"content":{"rendered":"\n<p>Le lundi 3 juin, Les \u00e9co-d\u00e9l\u00e9gu\u00e9s engag\u00e9s du coll\u00e8ge Jean d\u2019Esme ont particip\u00e9 \u00e0 la Journ\u00e9e Acad\u00e9mique de l\u2019\u00c9ducation au D\u00e9veloppement Durable.<\/p>\n\n\n\n<p>C\u2019est motiv\u00e9s et curieux que les \u00e9co-d\u00e9l\u00e9gu\u00e9s sont arriv\u00e9s sur le site pr\u00eats \u00e0 d\u00e9couvrir les projets men\u00e9s par tous les \u00e9tablissements de l\u2019\u00eele (du primaire au lyc\u00e9e). Cette journ\u00e9e a \u00e9galement \u00e9t\u00e9 pour eux l\u2019occasion de partager leurs projets de cette ann\u00e9e scolaire, \u00e0 savoir des jeux sur le th\u00e8me des \u00e9nergies, le four solaire et la vid\u00e9o de l\u2019\u00e9co-d\u00e9l\u00e9gu\u00e9s laur\u00e9ate du concours \u00e0 la R\u00e9union dans la cat\u00e9gorie \u00ab&nbsp;transition \u00e9nerg\u00e9tique&nbsp;\u00bb.<\/p>\n\n\n\n<p>Les \u00e9l\u00e8ves ont aim\u00e9 participer \u00e0 cet \u00e9v\u00e8nement festif ou le partage et l\u2019engagement \u00e9taient mis \u00e0 l\u2019honneur.<\/p>\n\n\n\n<p>Cette journ\u00e9e est venue cl\u00f4turer une ann\u00e9e d\u2019engagement \u00e0 faire vivre le d\u00e9veloppement durable au sein de l\u2019\u00e9tablissement. Elle a permis de faire le point sur l\u2019ann\u00e9e men\u00e9e ainsi que les comp\u00e9tences que les \u00e9l\u00e8ves ont pu acqu\u00e9rir lors de ce projet.<\/p>\n\n\n\n<figure class=\"wp-block-image size-large\"><img loading=\"lazy\" decoding=\"async\" width=\"1024\" height=\"576\" src=\"https:\/\/etab.ac-reunion.fr\/clg-jean-desme\/wp-content\/uploads\/sites\/46\/2024\/06\/Image-1-temoignages-EDD-1024x576.png\" alt=\"\" class=\"wp-image-5225\" srcset=\"https:\/\/etab.ac-reunion.fr\/clg-jean-desme\/wp-content\/uploads\/sites\/46\/2024\/06\/Image-1-temoignages-EDD-980x551.png 980w, https:\/\/etab.ac-reunion.fr\/clg-jean-desme\/wp-content\/uploads\/sites\/46\/2024\/06\/Image-1-temoignages-EDD-480x270.png 480w\" sizes=\"(min-width: 0px) and (max-width: 480px) 480px, (min-width: 481px) and (max-width: 980px) 980px, (min-width: 981px) 1024px, 100vw\" \/><\/figure>\n\n\n\n<figure class=\"wp-block-image size-large\"><img loading=\"lazy\" decoding=\"async\" width=\"768\" height=\"1024\" src=\"https:\/\/etab.ac-reunion.fr\/clg-jean-desme\/wp-content\/uploads\/sites\/46\/2024\/06\/photo-2-768x1024.jpeg\" alt=\"\" class=\"wp-image-5226\" \/><\/figure>\n\n\n\n<figure class=\"wp-block-image size-large\"><img loading=\"lazy\" decoding=\"async\" width=\"1024\" height=\"768\" src=\"https:\/\/etab.ac-reunion.fr\/clg-jean-desme\/wp-content\/uploads\/sites\/46\/2024\/06\/photo-3-1024x768.jpeg\" alt=\"\" class=\"wp-image-5227\" srcset=\"https:\/\/etab.ac-reunion.fr\/clg-jean-desme\/wp-content\/uploads\/sites\/46\/2024\/06\/photo-3-980x735.jpeg 980w, https:\/\/etab.ac-reunion.fr\/clg-jean-desme\/wp-content\/uploads\/sites\/46\/2024\/06\/photo-3-480x360.jpeg 480w\" sizes=\"(min-width: 0px) and (max-width: 480px) 480px, (min-width: 481px) and (max-width: 980px) 980px, (min-width: 981px) 1024px, 100vw\" \/><\/figure>\n","protected":false},"excerpt":{"rendered":"<p>Le lundi 3 juin, Les \u00e9co-d\u00e9l\u00e9gu\u00e9s engag\u00e9s du coll\u00e8ge Jean d\u2019Esme ont particip\u00e9 \u00e0 la Journ\u00e9e Acad\u00e9mique de l\u2019\u00c9ducation au D\u00e9veloppement Durable. C\u2019est motiv\u00e9s et curieux que les \u00e9co-d\u00e9l\u00e9gu\u00e9s sont arriv\u00e9s sur le site pr\u00eats \u00e0 d\u00e9couvrir les projets men\u00e9s par tous les \u00e9tablissements de l\u2019\u00eele (du primaire au lyc\u00e9e). Cette journ\u00e9e a \u00e9galement \u00e9t\u00e9 [&hellip;]<\/p>\n","protected":false},"author":30305,"featured_media":5228,"comment_status":"closed","ping_status":"closed","sticky":false,"template":"","format":"standard","meta":{"_et_pb_use_builder":"off","_et_pb_old_content":"","_et_gb_content_width":"","footnotes":""},"categories":[52],"tags":[],"class_list":["post-5224","post","type-post","status-publish","format-standard","has-post-thumbnail","hentry","category-education-au-developpement-durable"],"_links":{"self":[{"href":"https:\/\/etab.ac-reunion.fr\/clg-jean-desme\/wp-json\/wp\/v2\/posts\/5224","targetHints":{"allow":["GET"]}}],"collection":[{"href":"https:\/\/etab.ac-reunion.fr\/clg-jean-desme\/wp-json\/wp\/v2\/posts"}],"about":[{"href":"https:\/\/etab.ac-reunion.fr\/clg-jean-desme\/wp-json\/wp\/v2\/types\/post"}],"author":[{"embeddable":true,"href":"https:\/\/etab.ac-reunion.fr\/clg-jean-desme\/wp-json\/wp\/v2\/users\/30305"}],"replies":[{"embeddable":true,"href":"https:\/\/etab.ac-reunion.fr\/clg-jean-desme\/wp-json\/wp\/v2\/comments?post=5224"}],"version-history":[{"count":1,"href":"https:\/\/etab.ac-reunion.fr\/clg-jean-desme\/wp-json\/wp\/v2\/posts\/5224\/revisions"}],"predecessor-version":[{"id":5229,"href":"https:\/\/etab.ac-reunion.fr\/clg-jean-desme\/wp-json\/wp\/v2\/posts\/5224\/revisions\/5229"}],"wp:featuredmedia":[{"embeddable":true,"href":"https:\/\/etab.ac-reunion.fr\/clg-jean-desme\/wp-json\/wp\/v2\/media\/5228"}],"wp:attachment":[{"href":"https:\/\/etab.ac-reunion.fr\/clg-jean-desme\/wp-json\/wp\/v2\/media?parent=5224"}],"wp:term":[{"taxonomy":"category","embeddable":true,"href":"https:\/\/etab.ac-reunion.fr\/clg-jean-desme\/wp-json\/wp\/v2\/categories?post=5224"},{"taxonomy":"post_tag","embeddable":true,"href":"https:\/\/etab.ac-reunion.fr\/clg-jean-desme\/wp-json\/wp\/v2\/tags?post=5224"}],"curies":[{"name":"wp","href":"https:\/\/api.w.org\/{rel}","templated":true}]}}