{"id":5237,"date":"2024-08-13T14:59:02","date_gmt":"2024-08-13T10:59:02","guid":{"rendered":"https:\/\/etab.ac-reunion.fr\/clg-jean-desme\/?p=5237"},"modified":"2024-08-16T16:28:32","modified_gmt":"2024-08-16T12:28:32","slug":"rentree-scolaire-2024-2025","status":"publish","type":"post","link":"https:\/\/etab.ac-reunion.fr\/clg-jean-desme\/rentree-scolaire-2024-2025\/","title":{"rendered":"Rentr\u00e9e scolaire 2024-2025"},"content":{"rendered":"\n<figure class=\"wp-block-image size-full\"><img loading=\"lazy\" decoding=\"async\" width=\"725\" height=\"1024\" src=\"https:\/\/etab.ac-reunion.fr\/clg-jean-desme\/wp-content\/uploads\/sites\/46\/2024\/08\/LIVRET-DE-RENTREE-2023_page-0009-725x1024-3.jpg\" alt=\"\" class=\"wp-image-5242\" srcset=\"https:\/\/etab.ac-reunion.fr\/clg-jean-desme\/wp-content\/uploads\/sites\/46\/2024\/08\/LIVRET-DE-RENTREE-2023_page-0009-725x1024-3.jpg 725w, https:\/\/etab.ac-reunion.fr\/clg-jean-desme\/wp-content\/uploads\/sites\/46\/2024\/08\/LIVRET-DE-RENTREE-2023_page-0009-725x1024-3-480x678.jpg 480w\" sizes=\"(min-width: 0px) and (max-width: 480px) 480px, (min-width: 481px) 725px, 100vw\" \/><\/figure>\n\n\n\n<p class=\"has-vivid-cyan-blue-color has-text-color has-link-color has-small-font-size wp-elements-b5d6e152632c9ac3b93daeb5c98f23bd\"><strong>Une r\u00e9union d&rsquo;information aura lieu le lundi 19 ao\u00fbt 2024 \u00e0 8h30 pour les parents de 6\u00e8me au r\u00e9fectoire du coll\u00e8ge<\/strong>.<\/p>\n\n\n\n<p class=\"has-vivid-red-color has-text-color\"><strong>La demi-pension sera assur\u00e9e d\u00e8s ce lundi 19 ao\u00fbt pour les \u00e9l\u00e8ves demi-pensionnaires<\/strong>.<\/p>\n\n\n\n<p class=\"has-vivid-red-color has-text-color\"><strong>Le mardi 20 ao\u00fbt les \u00e9l\u00e8ves externes seront lib\u00e9r\u00e9s \u00e0 12h05 et les \u00e9l\u00e8ves demi-pensionnaire \u00e0 13h30, le transport scolaire est assur\u00e9 \u00e0 13h30 pour les \u00e9l\u00e8ves demi-pensionnaires<\/strong>.<\/p>\n","protected":false},"excerpt":{"rendered":"<p>Une r\u00e9union d&rsquo;information aura lieu le lundi 19 ao\u00fbt 2024 \u00e0 8h30 pour les parents de 6\u00e8me au r\u00e9fectoire du coll\u00e8ge. La demi-pension sera assur\u00e9e d\u00e8s ce lundi 19 ao\u00fbt pour les \u00e9l\u00e8ves demi-pensionnaires. Le mardi 20 ao\u00fbt les \u00e9l\u00e8ves externes seront lib\u00e9r\u00e9s \u00e0 12h05 et les \u00e9l\u00e8ves demi-pensionnaire \u00e0 13h30, le transport scolaire est [&hellip;]<\/p>\n","protected":false},"author":30305,"featured_media":5241,"comment_status":"closed","ping_status":"closed","sticky":false,"template":"","format":"standard","meta":{"_et_pb_use_builder":"off","_et_pb_old_content":"","_et_gb_content_width":"","footnotes":""},"categories":[10,40],"tags":[],"class_list":["post-5237","post","type-post","status-publish","format-standard","has-post-thumbnail","hentry","category-actualites-du-college","category-information-aux-parents-deleves"],"_links":{"self":[{"href":"https:\/\/etab.ac-reunion.fr\/clg-jean-desme\/wp-json\/wp\/v2\/posts\/5237","targetHints":{"allow":["GET"]}}],"collection":[{"href":"https:\/\/etab.ac-reunion.fr\/clg-jean-desme\/wp-json\/wp\/v2\/posts"}],"about":[{"href":"https:\/\/etab.ac-reunion.fr\/clg-jean-desme\/wp-json\/wp\/v2\/types\/post"}],"author":[{"embeddable":true,"href":"https:\/\/etab.ac-reunion.fr\/clg-jean-desme\/wp-json\/wp\/v2\/users\/30305"}],"replies":[{"embeddable":true,"href":"https:\/\/etab.ac-reunion.fr\/clg-jean-desme\/wp-json\/wp\/v2\/comments?post=5237"}],"version-history":[{"count":3,"href":"https:\/\/etab.ac-reunion.fr\/clg-jean-desme\/wp-json\/wp\/v2\/posts\/5237\/revisions"}],"predecessor-version":[{"id":5244,"href":"https:\/\/etab.ac-reunion.fr\/clg-jean-desme\/wp-json\/wp\/v2\/posts\/5237\/revisions\/5244"}],"wp:featuredmedia":[{"embeddable":true,"href":"https:\/\/etab.ac-reunion.fr\/clg-jean-desme\/wp-json\/wp\/v2\/media\/5241"}],"wp:attachment":[{"href":"https:\/\/etab.ac-reunion.fr\/clg-jean-desme\/wp-json\/wp\/v2\/media?parent=5237"}],"wp:term":[{"taxonomy":"category","embeddable":true,"href":"https:\/\/etab.ac-reunion.fr\/clg-jean-desme\/wp-json\/wp\/v2\/categories?post=5237"},{"taxonomy":"post_tag","embeddable":true,"href":"https:\/\/etab.ac-reunion.fr\/clg-jean-desme\/wp-json\/wp\/v2\/tags?post=5237"}],"curies":[{"name":"wp","href":"https:\/\/api.w.org\/{rel}","templated":true}]}}