{"id":5249,"date":"2024-08-30T15:01:01","date_gmt":"2024-08-30T11:01:01","guid":{"rendered":"https:\/\/etab.ac-reunion.fr\/clg-jean-desme\/?p=5249"},"modified":"2024-09-02T16:19:19","modified_gmt":"2024-09-02T12:19:19","slug":"coupe-du-monde-de-rugby-des-3emes-2023-2024","status":"publish","type":"post","link":"https:\/\/etab.ac-reunion.fr\/clg-jean-desme\/coupe-du-monde-de-rugby-des-3emes-2023-2024\/","title":{"rendered":"Coupe du monde de rugby des 3emes 2023-2024"},"content":{"rendered":"\n<p>Les \u00e9l\u00e8ves de 3\u00e8mes ont particip\u00e9 \u00e0 un projet interdisciplinaire avec l\u2019EPS, l\u2019Anglais, les Arts plastiques et la Musique autour d\u2019une coupe du monde de rugby. Ce projet s\u2019est finalis\u00e9 autour d\u2019une grande comp\u00e9tition le Vendredi 18 D\u00e9cembre. Apr\u00e8s un d\u00e9fil\u00e9 aux couleurs de leurs \u00e9quipes, les \u00e9l\u00e8ves ont chant\u00e9 leur hymnes, pr\u00e9sent\u00e9 leur haka et se sont affront\u00e9s sur le terrain de rugby. A la fin de la journ\u00e9e, les \u00e9l\u00e8ves de 3<sup>\u00e8me<\/sup> pr\u00e9pa m\u00e9tier (305) ont remport\u00e9 la comp\u00e9tition haut la main avec le meilleur classement sur le haka, l\u2019hymne, l\u2019embl\u00e8me et les tournois de rugby (gar\u00e7ons \/ filles). Bravo \u00e0 tous les participants<\/p>\n\n\n\n<figure class=\"wp-block-embed is-type-video is-provider-vimeo wp-block-embed-vimeo wp-embed-aspect-16-9 wp-has-aspect-ratio\"><div class=\"wp-block-embed__wrapper\">\n<script>document.addEventListener('DOMContentLoaded', function() {(tarteaucitron.job = tarteaucitron.job || []).push('vimeo');});<\/script><div class=\"vimeo_player\" videoID=\"1004431638\" width=\"100%\" height=\"100%\" style=\"height:50vw\"><\/div>\n<\/div><\/figure>\n\n\n\n<figure class=\"wp-block-gallery has-nested-images columns-default is-cropped wp-block-gallery-1 is-layout-flex wp-block-gallery-is-layout-flex\">\n<figure class=\"wp-block-image size-large\"><img loading=\"lazy\" decoding=\"async\" width=\"1024\" height=\"683\" data-id=\"5256\" src=\"https:\/\/etab.ac-reunion.fr\/clg-jean-desme\/wp-content\/uploads\/sites\/46\/2024\/08\/301-302-1024x683.jpg\" alt=\"Les 301 et 302 ont repr\u00e9sent\u00e9 la France\" class=\"wp-image-5256\" srcset=\"https:\/\/etab.ac-reunion.fr\/clg-jean-desme\/wp-content\/uploads\/sites\/46\/2024\/08\/301-302-980x653.jpg 980w, https:\/\/etab.ac-reunion.fr\/clg-jean-desme\/wp-content\/uploads\/sites\/46\/2024\/08\/301-302-480x320.jpg 480w\" sizes=\"(min-width: 0px) and (max-width: 480px) 480px, (min-width: 481px) and (max-width: 980px) 980px, (min-width: 981px) 1024px, 100vw\" \/><\/figure>\n\n\n\n<figure class=\"wp-block-image size-large\"><img loading=\"lazy\" decoding=\"async\" width=\"1024\" height=\"683\" data-id=\"5252\" src=\"https:\/\/etab.ac-reunion.fr\/clg-jean-desme\/wp-content\/uploads\/sites\/46\/2024\/08\/303-1024x683.jpg\" alt=\"Les 303 ont repr\u00e9sent\u00e9 l'Australie\" class=\"wp-image-5252\" srcset=\"https:\/\/etab.ac-reunion.fr\/clg-jean-desme\/wp-content\/uploads\/sites\/46\/2024\/08\/303-980x653.jpg 980w, https:\/\/etab.ac-reunion.fr\/clg-jean-desme\/wp-content\/uploads\/sites\/46\/2024\/08\/303-480x320.jpg 480w\" sizes=\"(min-width: 0px) and (max-width: 480px) 480px, (min-width: 481px) and (max-width: 980px) 980px, (min-width: 981px) 1024px, 100vw\" \/><\/figure>\n\n\n\n<figure class=\"wp-block-image size-large\"><img loading=\"lazy\" decoding=\"async\" width=\"1024\" height=\"683\" data-id=\"5254\" src=\"https:\/\/etab.ac-reunion.fr\/clg-jean-desme\/wp-content\/uploads\/sites\/46\/2024\/08\/304-1024x683.jpg\" alt=\"Les 304 ont repr\u00e9sent\u00e9 la Nouvelle Zelande (All Black)\" class=\"wp-image-5254\" srcset=\"https:\/\/etab.ac-reunion.fr\/clg-jean-desme\/wp-content\/uploads\/sites\/46\/2024\/08\/304-980x653.jpg 980w, https:\/\/etab.ac-reunion.fr\/clg-jean-desme\/wp-content\/uploads\/sites\/46\/2024\/08\/304-480x320.jpg 480w\" sizes=\"(min-width: 0px) and (max-width: 480px) 480px, (min-width: 481px) and (max-width: 980px) 980px, (min-width: 981px) 1024px, 100vw\" \/><\/figure>\n\n\n\n<figure class=\"wp-block-image size-large\"><img loading=\"lazy\" decoding=\"async\" width=\"1024\" height=\"683\" data-id=\"5251\" src=\"https:\/\/etab.ac-reunion.fr\/clg-jean-desme\/wp-content\/uploads\/sites\/46\/2024\/08\/305-1024x683.jpg\" alt=\"Les 305 ont repr\u00e9sent\u00e9 les Etat-Unis\" class=\"wp-image-5251\" srcset=\"https:\/\/etab.ac-reunion.fr\/clg-jean-desme\/wp-content\/uploads\/sites\/46\/2024\/08\/305-980x653.jpg 980w, https:\/\/etab.ac-reunion.fr\/clg-jean-desme\/wp-content\/uploads\/sites\/46\/2024\/08\/305-480x320.jpg 480w\" sizes=\"(min-width: 0px) and (max-width: 480px) 480px, (min-width: 481px) and (max-width: 980px) 980px, (min-width: 981px) 1024px, 100vw\" \/><\/figure>\n\n\n\n<figure class=\"wp-block-image size-large\"><img loading=\"lazy\" decoding=\"async\" width=\"1024\" height=\"683\" data-id=\"5253\" src=\"https:\/\/etab.ac-reunion.fr\/clg-jean-desme\/wp-content\/uploads\/sites\/46\/2024\/08\/306-1024x683.jpg\" alt=\"Les 306 ont repr\u00e9sent\u00e9 l'Afrique du sud\" class=\"wp-image-5253\" srcset=\"https:\/\/etab.ac-reunion.fr\/clg-jean-desme\/wp-content\/uploads\/sites\/46\/2024\/08\/306-980x653.jpg 980w, https:\/\/etab.ac-reunion.fr\/clg-jean-desme\/wp-content\/uploads\/sites\/46\/2024\/08\/306-480x320.jpg 480w\" sizes=\"(min-width: 0px) and (max-width: 480px) 480px, (min-width: 481px) and (max-width: 980px) 980px, (min-width: 981px) 1024px, 100vw\" \/><\/figure>\n\n\n\n<figure class=\"wp-block-image size-large\"><img loading=\"lazy\" decoding=\"async\" width=\"1024\" height=\"683\" data-id=\"5255\" src=\"https:\/\/etab.ac-reunion.fr\/clg-jean-desme\/wp-content\/uploads\/sites\/46\/2024\/08\/307-1024x683.jpg\" alt=\"Les 307 ont repr\u00e9sent\u00e9 le Pays de galles\" class=\"wp-image-5255\" srcset=\"https:\/\/etab.ac-reunion.fr\/clg-jean-desme\/wp-content\/uploads\/sites\/46\/2024\/08\/307-980x653.jpg 980w, https:\/\/etab.ac-reunion.fr\/clg-jean-desme\/wp-content\/uploads\/sites\/46\/2024\/08\/307-480x320.jpg 480w\" sizes=\"(min-width: 0px) and (max-width: 480px) 480px, (min-width: 481px) and (max-width: 980px) 980px, (min-width: 981px) 1024px, 100vw\" \/><\/figure>\n<\/figure>\n","protected":false},"excerpt":{"rendered":"<p>Les \u00e9l\u00e8ves de 3\u00e8mes ont particip\u00e9 \u00e0 un projet interdisciplinaire avec l\u2019EPS, l\u2019Anglais, les Arts plastiques et la Musique autour d\u2019une coupe du monde de rugby. Ce projet s\u2019est finalis\u00e9 autour d\u2019une grande comp\u00e9tition le Vendredi 18 D\u00e9cembre. Apr\u00e8s un d\u00e9fil\u00e9 aux couleurs de leurs \u00e9quipes, les \u00e9l\u00e8ves ont chant\u00e9 leur hymnes, pr\u00e9sent\u00e9 leur haka [&hellip;]<\/p>\n","protected":false},"author":30305,"featured_media":5250,"comment_status":"closed","ping_status":"closed","sticky":false,"template":"","format":"standard","meta":{"_et_pb_use_builder":"off","_et_pb_old_content":"","_et_gb_content_width":"","footnotes":""},"categories":[10,53],"tags":[],"class_list":["post-5249","post","type-post","status-publish","format-standard","has-post-thumbnail","hentry","category-actualites-du-college","category-projets-et-evenements"],"_links":{"self":[{"href":"https:\/\/etab.ac-reunion.fr\/clg-jean-desme\/wp-json\/wp\/v2\/posts\/5249","targetHints":{"allow":["GET"]}}],"collection":[{"href":"https:\/\/etab.ac-reunion.fr\/clg-jean-desme\/wp-json\/wp\/v2\/posts"}],"about":[{"href":"https:\/\/etab.ac-reunion.fr\/clg-jean-desme\/wp-json\/wp\/v2\/types\/post"}],"author":[{"embeddable":true,"href":"https:\/\/etab.ac-reunion.fr\/clg-jean-desme\/wp-json\/wp\/v2\/users\/30305"}],"replies":[{"embeddable":true,"href":"https:\/\/etab.ac-reunion.fr\/clg-jean-desme\/wp-json\/wp\/v2\/comments?post=5249"}],"version-history":[{"count":9,"href":"https:\/\/etab.ac-reunion.fr\/clg-jean-desme\/wp-json\/wp\/v2\/posts\/5249\/revisions"}],"predecessor-version":[{"id":5265,"href":"https:\/\/etab.ac-reunion.fr\/clg-jean-desme\/wp-json\/wp\/v2\/posts\/5249\/revisions\/5265"}],"wp:featuredmedia":[{"embeddable":true,"href":"https:\/\/etab.ac-reunion.fr\/clg-jean-desme\/wp-json\/wp\/v2\/media\/5250"}],"wp:attachment":[{"href":"https:\/\/etab.ac-reunion.fr\/clg-jean-desme\/wp-json\/wp\/v2\/media?parent=5249"}],"wp:term":[{"taxonomy":"category","embeddable":true,"href":"https:\/\/etab.ac-reunion.fr\/clg-jean-desme\/wp-json\/wp\/v2\/categories?post=5249"},{"taxonomy":"post_tag","embeddable":true,"href":"https:\/\/etab.ac-reunion.fr\/clg-jean-desme\/wp-json\/wp\/v2\/tags?post=5249"}],"curies":[{"name":"wp","href":"https:\/\/api.w.org\/{rel}","templated":true}]}}