{"id":5272,"date":"2024-09-03T08:08:52","date_gmt":"2024-09-03T04:08:52","guid":{"rendered":"https:\/\/etab.ac-reunion.fr\/clg-jean-desme\/?p=5272"},"modified":"2024-09-03T11:14:22","modified_gmt":"2024-09-03T07:14:22","slug":"inscriptions-association-sportive-du-college-jean-desme","status":"publish","type":"post","link":"https:\/\/etab.ac-reunion.fr\/clg-jean-desme\/inscriptions-association-sportive-du-college-jean-desme\/","title":{"rendered":"Inscriptions ASSOCIATION SPORTIVE du coll\u00e8ge jean d\u2019Esme"},"content":{"rendered":"\n<p>L\u2019Association Sportive du coll\u00e8ge Jean d\u2019Esme offre aux \u00e9l\u00e8ves volontaires la possibilit\u00e9 de pratiquer une ou plusieurs activit\u00e9s physiques et sportives \u00e0 faible co\u00fbt. Ces activit\u00e9s, encadr\u00e9es par les professeurs d\u2019EPS du coll\u00e8ge se d\u00e9roulent certains midis de 12h \u00e0 13h ou le mercredi apr\u00e8s-midi de 13h \u00e0 15h30 sur les installations sportives \u00e0 proximit\u00e9 du coll\u00e8ge.&nbsp;<\/p>\n\n\n\n<p>Le programme de l\u2019ann\u00e9e scolaire 2024 \/ 2025&nbsp;et les horaires des entra\u00eenements&nbsp;:<\/p>\n\n\n\n<p>&#8211;&nbsp;&nbsp;&nbsp;&nbsp;&nbsp;&nbsp;&nbsp;SAVOIR NAGER&nbsp;: mercredi 13h \u2013 15h30<\/p>\n\n\n\n<p>&nbsp; &nbsp; &nbsp;Athl\u00e9tisme&nbsp;: mardi et jeudi 12h \u2013 13h<\/p>\n\n\n\n<p>&#8211;&nbsp;&nbsp;&nbsp;&nbsp;&nbsp;&nbsp;&nbsp;VTT&nbsp;: mercredi 13h \u2013 15h30<\/p>\n\n\n\n<p>&#8211;&nbsp;&nbsp;&nbsp;&nbsp;&nbsp;&nbsp;&nbsp;Badminton&nbsp;: mercredi 13h \u2013 15h30<\/p>\n\n\n\n<p>&#8211;&nbsp;&nbsp;&nbsp;&nbsp;&nbsp;&nbsp;&nbsp;Football&nbsp;: lundi \u2013 jeudi 12h \u2013 13h<\/p>\n\n\n\n<p><strong><u>Inscriptions mercredi 11 septembre de 13h \u00e0 15h<\/u><\/strong>&nbsp;\u2013 cour de r\u00e9cr\u00e9ation du coll\u00e8ge Jean d\u2019Esme<\/p>\n\n\n\n<p>Apporter&nbsp;:&nbsp;&nbsp;&nbsp;&nbsp;&nbsp;&nbsp;&nbsp;<\/p>\n\n\n\n<ul class=\"wp-block-list\">\n<li><strong>l\u2019autorisation parentale<\/strong> compl\u00e9t\u00e9e et sign\u00e9e (\u00e0 r\u00e9clamer \u00e0 son professeur d\u2019EPS pendant les cours d\u2019EPS)<\/li>\n<\/ul>\n\n\n\n<ul class=\"wp-block-list\">\n<li><strong>1 photo<\/strong><\/li>\n<\/ul>\n\n\n\n<ul class=\"wp-block-list\">\n<li><strong>20 euros<\/strong>\u00a0en billet ou en ch\u00e8que \u00e0 l\u2019ordre de \u00ab\u00a0Association sportive du coll\u00e8ge Jean d\u2019ESME\u00a0\u00bb<\/li>\n<\/ul>\n\n\n\n<p class=\"has-vivid-red-color has-text-color has-link-color wp-elements-f347ee326bb0d557ef5fd8ba02b73c8b\">Les parents des \u00e9l\u00e8ves sont les bienvenus. Nous pourrons \u00e0 cette occasion r\u00e9pondre \u00e0 toutes vos interrogations.&nbsp;<\/p>\n\n\n\n<p>Quelques pr\u00e9cisions en vrac&nbsp;:&nbsp;<\/p>\n\n\n\n<p>ATTENTION&nbsp;! Les places sont limit\u00e9es dans certaines activit\u00e9s&nbsp;! Il est conseill\u00e9 de venir s\u2019inscrire le mercredi 11 septembre.&nbsp;<\/p>\n\n\n\n<p>En Athl\u00e9tisme, Badminton et Football, il est possible de participer \u00e0 des comp\u00e9titions le mercredi apr\u00e8s-midi.&nbsp;<\/p>\n\n\n\n<p>L\u2019achat d\u2019une licence \u00e0 l\u2019AS du coll\u00e8ge Jean d\u2019Esme donne la possibilit\u00e9 aux \u00e9l\u00e8ves de participer \u00e0 toutes les activit\u00e9s de l\u2019AS&nbsp;dans la mesure o\u00f9 les entra\u00eenements ne sont pas en m\u00eame temps.<\/p>\n\n\n\n<p>Nous organisons parfois des apr\u00e8s-midis d\u00e9couvertes d\u2019activit\u00e9s de pleine nature&nbsp;: kayak, randonn\u00e9e \u2026. OU des apr\u00e8s-midis jeux vari\u00e9s.<\/p>\n","protected":false},"excerpt":{"rendered":"<p>L\u2019Association Sportive du coll\u00e8ge Jean d\u2019Esme offre aux \u00e9l\u00e8ves volontaires la possibilit\u00e9 de pratiquer une ou plusieurs activit\u00e9s physiques et sportives \u00e0 faible co\u00fbt. Ces activit\u00e9s, encadr\u00e9es par les professeurs d\u2019EPS du coll\u00e8ge se d\u00e9roulent certains midis de 12h \u00e0 13h ou le mercredi apr\u00e8s-midi de 13h \u00e0 15h30 sur les installations sportives \u00e0 proximit\u00e9 [&hellip;]<\/p>\n","protected":false},"author":30305,"featured_media":4819,"comment_status":"closed","ping_status":"closed","sticky":false,"template":"","format":"standard","meta":{"_et_pb_use_builder":"off","_et_pb_old_content":"","_et_gb_content_width":"","footnotes":""},"categories":[10,40,1],"tags":[],"class_list":["post-5272","post","type-post","status-publish","format-standard","has-post-thumbnail","hentry","category-actualites-du-college","category-information-aux-parents-deleves","category-information-generale"],"_links":{"self":[{"href":"https:\/\/etab.ac-reunion.fr\/clg-jean-desme\/wp-json\/wp\/v2\/posts\/5272","targetHints":{"allow":["GET"]}}],"collection":[{"href":"https:\/\/etab.ac-reunion.fr\/clg-jean-desme\/wp-json\/wp\/v2\/posts"}],"about":[{"href":"https:\/\/etab.ac-reunion.fr\/clg-jean-desme\/wp-json\/wp\/v2\/types\/post"}],"author":[{"embeddable":true,"href":"https:\/\/etab.ac-reunion.fr\/clg-jean-desme\/wp-json\/wp\/v2\/users\/30305"}],"replies":[{"embeddable":true,"href":"https:\/\/etab.ac-reunion.fr\/clg-jean-desme\/wp-json\/wp\/v2\/comments?post=5272"}],"version-history":[{"count":1,"href":"https:\/\/etab.ac-reunion.fr\/clg-jean-desme\/wp-json\/wp\/v2\/posts\/5272\/revisions"}],"predecessor-version":[{"id":5273,"href":"https:\/\/etab.ac-reunion.fr\/clg-jean-desme\/wp-json\/wp\/v2\/posts\/5272\/revisions\/5273"}],"wp:featuredmedia":[{"embeddable":true,"href":"https:\/\/etab.ac-reunion.fr\/clg-jean-desme\/wp-json\/wp\/v2\/media\/4819"}],"wp:attachment":[{"href":"https:\/\/etab.ac-reunion.fr\/clg-jean-desme\/wp-json\/wp\/v2\/media?parent=5272"}],"wp:term":[{"taxonomy":"category","embeddable":true,"href":"https:\/\/etab.ac-reunion.fr\/clg-jean-desme\/wp-json\/wp\/v2\/categories?post=5272"},{"taxonomy":"post_tag","embeddable":true,"href":"https:\/\/etab.ac-reunion.fr\/clg-jean-desme\/wp-json\/wp\/v2\/tags?post=5272"}],"curies":[{"name":"wp","href":"https:\/\/api.w.org\/{rel}","templated":true}]}}