{"id":5278,"date":"2024-09-06T11:28:59","date_gmt":"2024-09-06T07:28:59","guid":{"rendered":"https:\/\/etab.ac-reunion.fr\/clg-jean-desme\/?p=5278"},"modified":"2024-09-06T11:28:59","modified_gmt":"2024-09-06T07:28:59","slug":"elections-des-representants-des-parents-deleves-au-conseil-dadministration-du-college-jean-desme-annee-2024-2025","status":"publish","type":"post","link":"https:\/\/etab.ac-reunion.fr\/clg-jean-desme\/elections-des-representants-des-parents-deleves-au-conseil-dadministration-du-college-jean-desme-annee-2024-2025\/","title":{"rendered":"\u00c9lections des repr\u00e9sentants des parents d&rsquo;\u00e9l\u00e8ves au conseil d&rsquo;administration du coll\u00e8ge Jean d&rsquo;Esme &#8211; Ann\u00e9e 2024-2025"},"content":{"rendered":"\n<p>Les parents d\u2019\u00e9l\u00e8ve sont des membres \u00e0 part enti\u00e8re de la communaut\u00e9 \u00e9ducative. Leur participation \u00e0 la vie scolaire et le dialogue avec les enseignants et les autres personnels sont assur\u00e9s dans chaque \u00e9cole et dans chaque \u00e9tablissement scolaire du second degr\u00e9.<\/p>\n\n\n\n<p>Ainsi, dans les coll\u00e8ges et les lyc\u00e9es, les parents d&rsquo;\u00e9l\u00e8ves \u00e9lisent tous les ans, au d\u00e9but du mois d\u2019octobre, leurs repr\u00e9sentants au sein du conseil d&rsquo;administration. Les \u00e9lections des repr\u00e9sentants des parents d\u2019\u00e9l\u00e8ves constituent un moment essentiel de la vie des \u00e9tablissements d\u2019enseignement scolaire publics dans la mesure o\u00f9 elles conditionnent leur pr\u00e9sence dans les autres instances pr\u00e9sentes au sein de ces \u00e9tablissements.<\/p>\n\n\n\n<p>Le renouvellement des membres de ces instances implique en cons\u00e9quence une forte mobilisation des diff\u00e9rents acteurs de la communaut\u00e9 \u00e9ducative pour l&rsquo;organisation de ce processus au niveau des \u00e9tablissements scolaires du second degr\u00e9, de mani\u00e8re \u00e0 faciliter et encourager une forte participation des parents d&rsquo;\u00e9l\u00e8ves \u00e0 ces \u00e9lections.<\/p>\n\n\n\n<p>Les \u00e9lections se d\u00e9roulement exclusivement par correspondance, le d\u00e9pouillement aura lieu le vendredi 4 octobre 2024. Aussi, vous trouverez ci-joints :<\/p>\n\n\n\n<p>&#8211; Le calendrier des op\u00e9rations \u00e9lectorales<\/p>\n\n\n\n<div class=\"wp-block-file\"><a id=\"wp-block-file--media-b883ae13-fd8d-4716-8948-9c9b7f95b8d1\" href=\"https:\/\/etab.ac-reunion.fr\/clg-jean-desme\/wp-content\/uploads\/sites\/46\/2024\/09\/CALENDRIER-ELECTIONS-AU-CA-2024_2025.pdf\">CALENDRIER-ELECTIONS-AU-CA-2024_2025<\/a><a href=\"https:\/\/etab.ac-reunion.fr\/clg-jean-desme\/wp-content\/uploads\/sites\/46\/2024\/09\/CALENDRIER-ELECTIONS-AU-CA-2024_2025.pdf\" class=\"wp-block-file__button wp-element-button\" download aria-describedby=\"wp-block-file--media-b883ae13-fd8d-4716-8948-9c9b7f95b8d1\">T\u00e9l\u00e9charger<\/a><\/div>\n\n\n\n<p>&#8211; Le courrier de M. le recteur de l&rsquo;acad\u00e9mie<\/p>\n\n\n\n<div class=\"wp-block-file\"><a id=\"wp-block-file--media-e8f293bf-e7fd-4875-85a2-9af266b2b311\" href=\"https:\/\/etab.ac-reunion.fr\/clg-jean-desme\/wp-content\/uploads\/sites\/46\/2024\/09\/annexe5_lettre_du_recteur_aux_parents_d_eleves.pdf\">annexe5_lettre_du_recteur_aux_parents_d_eleves<\/a><a href=\"https:\/\/etab.ac-reunion.fr\/clg-jean-desme\/wp-content\/uploads\/sites\/46\/2024\/09\/annexe5_lettre_du_recteur_aux_parents_d_eleves.pdf\" class=\"wp-block-file__button wp-element-button\" download aria-describedby=\"wp-block-file--media-e8f293bf-e7fd-4875-85a2-9af266b2b311\">T\u00e9l\u00e9charger<\/a><\/div>\n\n\n\n<p>&#8211; Le courrier des m\u00e9diateurs acad\u00e9miques<\/p>\n\n\n\n<div class=\"wp-block-file\"><a id=\"wp-block-file--media-f3ce995a-c204-4b75-901f-9ca4454597b7\" href=\"https:\/\/etab.ac-reunion.fr\/clg-jean-desme\/wp-content\/uploads\/sites\/46\/2024\/09\/annexe6_mediateur_academique-2.pdf\">annexe6_mediateur_academique-2<\/a><a href=\"https:\/\/etab.ac-reunion.fr\/clg-jean-desme\/wp-content\/uploads\/sites\/46\/2024\/09\/annexe6_mediateur_academique-2.pdf\" class=\"wp-block-file__button wp-element-button\" download aria-describedby=\"wp-block-file--media-f3ce995a-c204-4b75-901f-9ca4454597b7\">T\u00e9l\u00e9charger<\/a><\/div>\n\n\n\n<p>Contact repr\u00e9sentation des parents pour tout renseignement : Mme Audrey VAN ESPEN <a>&lt;zoreols974@hotmail.fr&gt;<\/a><\/p>\n","protected":false},"excerpt":{"rendered":"<p>Les parents d\u2019\u00e9l\u00e8ve sont des membres \u00e0 part enti\u00e8re de la communaut\u00e9 \u00e9ducative. Leur participation \u00e0 la vie scolaire et le dialogue avec les enseignants et les autres personnels sont assur\u00e9s dans chaque \u00e9cole et dans chaque \u00e9tablissement scolaire du second degr\u00e9. Ainsi, dans les coll\u00e8ges et les lyc\u00e9es, les parents d&rsquo;\u00e9l\u00e8ves \u00e9lisent tous les [&hellip;]<\/p>\n","protected":false},"author":30305,"featured_media":5282,"comment_status":"closed","ping_status":"closed","sticky":false,"template":"","format":"standard","meta":{"_et_pb_use_builder":"off","_et_pb_old_content":"","_et_gb_content_width":"","footnotes":""},"categories":[10,40,1],"tags":[],"class_list":["post-5278","post","type-post","status-publish","format-standard","has-post-thumbnail","hentry","category-actualites-du-college","category-information-aux-parents-deleves","category-information-generale"],"_links":{"self":[{"href":"https:\/\/etab.ac-reunion.fr\/clg-jean-desme\/wp-json\/wp\/v2\/posts\/5278","targetHints":{"allow":["GET"]}}],"collection":[{"href":"https:\/\/etab.ac-reunion.fr\/clg-jean-desme\/wp-json\/wp\/v2\/posts"}],"about":[{"href":"https:\/\/etab.ac-reunion.fr\/clg-jean-desme\/wp-json\/wp\/v2\/types\/post"}],"author":[{"embeddable":true,"href":"https:\/\/etab.ac-reunion.fr\/clg-jean-desme\/wp-json\/wp\/v2\/users\/30305"}],"replies":[{"embeddable":true,"href":"https:\/\/etab.ac-reunion.fr\/clg-jean-desme\/wp-json\/wp\/v2\/comments?post=5278"}],"version-history":[{"count":1,"href":"https:\/\/etab.ac-reunion.fr\/clg-jean-desme\/wp-json\/wp\/v2\/posts\/5278\/revisions"}],"predecessor-version":[{"id":5283,"href":"https:\/\/etab.ac-reunion.fr\/clg-jean-desme\/wp-json\/wp\/v2\/posts\/5278\/revisions\/5283"}],"wp:featuredmedia":[{"embeddable":true,"href":"https:\/\/etab.ac-reunion.fr\/clg-jean-desme\/wp-json\/wp\/v2\/media\/5282"}],"wp:attachment":[{"href":"https:\/\/etab.ac-reunion.fr\/clg-jean-desme\/wp-json\/wp\/v2\/media?parent=5278"}],"wp:term":[{"taxonomy":"category","embeddable":true,"href":"https:\/\/etab.ac-reunion.fr\/clg-jean-desme\/wp-json\/wp\/v2\/categories?post=5278"},{"taxonomy":"post_tag","embeddable":true,"href":"https:\/\/etab.ac-reunion.fr\/clg-jean-desme\/wp-json\/wp\/v2\/tags?post=5278"}],"curies":[{"name":"wp","href":"https:\/\/api.w.org\/{rel}","templated":true}]}}