{"id":5284,"date":"2024-09-10T08:36:04","date_gmt":"2024-09-10T04:36:04","guid":{"rendered":"https:\/\/etab.ac-reunion.fr\/clg-jean-desme\/?p=5284"},"modified":"2024-09-10T08:36:05","modified_gmt":"2024-09-10T04:36:05","slug":"journee-academique-de-sensibilisation-aux-troubles-du-spectre-de-lalcoolisation-foetale-le-9-septembre","status":"publish","type":"post","link":"https:\/\/etab.ac-reunion.fr\/clg-jean-desme\/journee-academique-de-sensibilisation-aux-troubles-du-spectre-de-lalcoolisation-foetale-le-9-septembre\/","title":{"rendered":"Journ\u00e9e acad\u00e9mique de sensibilisation aux troubles du spectre de l&rsquo;alcoolisation f\u0153tale le 9 septembre"},"content":{"rendered":"\n<p>Vous trouverez ci-dessous la vid\u00e9o de pr\u00e9vention TSAF incluant le clip musical \u00ab\u00a0Pour toi pour moi\u00a0\u00bb<\/p>\n\n\n\n<figure class=\"wp-block-embed is-type-video is-provider-youtube wp-block-embed-youtube wp-embed-aspect-16-9 wp-has-aspect-ratio\"><div class=\"wp-block-embed__wrapper\">\n<iframe loading=\"lazy\" title=\"&quot;Pour toi, pour moi&quot; version longue avec clip\" width=\"1080\" height=\"608\" src=\"https:\/\/www.youtube.com\/embed\/D1Ru_4aoBT0?feature=oembed\"  allow=\"accelerometer; autoplay; clipboard-write; encrypted-media; gyroscope; picture-in-picture; web-share\" referrerpolicy=\"strict-origin-when-cross-origin\" allowfullscreen><\/iframe>\n<\/div><\/figure>\n","protected":false},"excerpt":{"rendered":"<p>Vous trouverez ci-dessous la vid\u00e9o de pr\u00e9vention TSAF incluant le clip musical \u00ab\u00a0Pour toi pour moi\u00a0\u00bb<\/p>\n","protected":false},"author":30305,"featured_media":0,"comment_status":"closed","ping_status":"closed","sticky":false,"template":"","format":"standard","meta":{"_et_pb_use_builder":"off","_et_pb_old_content":"","_et_gb_content_width":"","footnotes":""},"categories":[10],"tags":[],"class_list":["post-5284","post","type-post","status-publish","format-standard","hentry","category-actualites-du-college"],"_links":{"self":[{"href":"https:\/\/etab.ac-reunion.fr\/clg-jean-desme\/wp-json\/wp\/v2\/posts\/5284","targetHints":{"allow":["GET"]}}],"collection":[{"href":"https:\/\/etab.ac-reunion.fr\/clg-jean-desme\/wp-json\/wp\/v2\/posts"}],"about":[{"href":"https:\/\/etab.ac-reunion.fr\/clg-jean-desme\/wp-json\/wp\/v2\/types\/post"}],"author":[{"embeddable":true,"href":"https:\/\/etab.ac-reunion.fr\/clg-jean-desme\/wp-json\/wp\/v2\/users\/30305"}],"replies":[{"embeddable":true,"href":"https:\/\/etab.ac-reunion.fr\/clg-jean-desme\/wp-json\/wp\/v2\/comments?post=5284"}],"version-history":[{"count":1,"href":"https:\/\/etab.ac-reunion.fr\/clg-jean-desme\/wp-json\/wp\/v2\/posts\/5284\/revisions"}],"predecessor-version":[{"id":5285,"href":"https:\/\/etab.ac-reunion.fr\/clg-jean-desme\/wp-json\/wp\/v2\/posts\/5284\/revisions\/5285"}],"wp:attachment":[{"href":"https:\/\/etab.ac-reunion.fr\/clg-jean-desme\/wp-json\/wp\/v2\/media?parent=5284"}],"wp:term":[{"taxonomy":"category","embeddable":true,"href":"https:\/\/etab.ac-reunion.fr\/clg-jean-desme\/wp-json\/wp\/v2\/categories?post=5284"},{"taxonomy":"post_tag","embeddable":true,"href":"https:\/\/etab.ac-reunion.fr\/clg-jean-desme\/wp-json\/wp\/v2\/tags?post=5284"}],"curies":[{"name":"wp","href":"https:\/\/api.w.org\/{rel}","templated":true}]}}