{"id":5286,"date":"2024-09-18T12:59:02","date_gmt":"2024-09-18T08:59:02","guid":{"rendered":"https:\/\/etab.ac-reunion.fr\/clg-jean-desme\/?p=5286"},"modified":"2024-09-18T13:01:19","modified_gmt":"2024-09-18T09:01:19","slug":"world-cleanup-day-2024","status":"publish","type":"post","link":"https:\/\/etab.ac-reunion.fr\/clg-jean-desme\/world-cleanup-day-2024\/","title":{"rendered":"World Cleanup Day 2024"},"content":{"rendered":"\n<p>Un \u00e9v\u00e8nement du World Cleanup Day aura lieu le 22 Septembre 2024  de 08h30 \u00e0 12h00 sur le littoral de Sainte Marie.<\/p>\n\n\n\n<p>L&rsquo;objectif sera de sensibiliser les citoyens, les enfants, sur la probl\u00e9matique des d\u00e9chets dans l&rsquo;oc\u00e9an et de ramasser le max de d\u00e9chets avant qu&rsquo;ils rejoignent la mer&#8230;.<\/p>\n\n\n\n<p>Ci-dessous le lien pour plus d&rsquo;information sur l&rsquo;association <\/p>\n\n\n\n<p><a href=\"https:\/\/www.facebook.com\/projectrescueoceanreunion?locale=fr_FR\">https:\/\/www.facebook.com\/projectrescueoceanreunion?locale=fr_FR<\/a><\/p>\n","protected":false},"excerpt":{"rendered":"<p>Un \u00e9v\u00e8nement du World Cleanup Day aura lieu le 22 Septembre 2024 de 08h30 \u00e0 12h00 sur le littoral de Sainte Marie. L&rsquo;objectif sera de sensibiliser les citoyens, les enfants, sur la probl\u00e9matique des d\u00e9chets dans l&rsquo;oc\u00e9an et de ramasser le max de d\u00e9chets avant qu&rsquo;ils rejoignent la mer&#8230;. Ci-dessous le lien pour plus d&rsquo;information [&hellip;]<\/p>\n","protected":false},"author":30305,"featured_media":5287,"comment_status":"closed","ping_status":"closed","sticky":false,"template":"","format":"standard","meta":{"_et_pb_use_builder":"off","_et_pb_old_content":"","_et_gb_content_width":"","footnotes":""},"categories":[10],"tags":[],"class_list":["post-5286","post","type-post","status-publish","format-standard","has-post-thumbnail","hentry","category-actualites-du-college"],"_links":{"self":[{"href":"https:\/\/etab.ac-reunion.fr\/clg-jean-desme\/wp-json\/wp\/v2\/posts\/5286","targetHints":{"allow":["GET"]}}],"collection":[{"href":"https:\/\/etab.ac-reunion.fr\/clg-jean-desme\/wp-json\/wp\/v2\/posts"}],"about":[{"href":"https:\/\/etab.ac-reunion.fr\/clg-jean-desme\/wp-json\/wp\/v2\/types\/post"}],"author":[{"embeddable":true,"href":"https:\/\/etab.ac-reunion.fr\/clg-jean-desme\/wp-json\/wp\/v2\/users\/30305"}],"replies":[{"embeddable":true,"href":"https:\/\/etab.ac-reunion.fr\/clg-jean-desme\/wp-json\/wp\/v2\/comments?post=5286"}],"version-history":[{"count":4,"href":"https:\/\/etab.ac-reunion.fr\/clg-jean-desme\/wp-json\/wp\/v2\/posts\/5286\/revisions"}],"predecessor-version":[{"id":5291,"href":"https:\/\/etab.ac-reunion.fr\/clg-jean-desme\/wp-json\/wp\/v2\/posts\/5286\/revisions\/5291"}],"wp:featuredmedia":[{"embeddable":true,"href":"https:\/\/etab.ac-reunion.fr\/clg-jean-desme\/wp-json\/wp\/v2\/media\/5287"}],"wp:attachment":[{"href":"https:\/\/etab.ac-reunion.fr\/clg-jean-desme\/wp-json\/wp\/v2\/media?parent=5286"}],"wp:term":[{"taxonomy":"category","embeddable":true,"href":"https:\/\/etab.ac-reunion.fr\/clg-jean-desme\/wp-json\/wp\/v2\/categories?post=5286"},{"taxonomy":"post_tag","embeddable":true,"href":"https:\/\/etab.ac-reunion.fr\/clg-jean-desme\/wp-json\/wp\/v2\/tags?post=5286"}],"curies":[{"name":"wp","href":"https:\/\/api.w.org\/{rel}","templated":true}]}}