{"id":5292,"date":"2024-09-20T12:48:31","date_gmt":"2024-09-20T08:48:31","guid":{"rendered":"https:\/\/etab.ac-reunion.fr\/clg-jean-desme\/?p=5292"},"modified":"2024-09-20T12:49:24","modified_gmt":"2024-09-20T08:49:24","slug":"participation-a-levenement-forindustrie-lunivers-extraordinaire","status":"publish","type":"post","link":"https:\/\/etab.ac-reunion.fr\/clg-jean-desme\/participation-a-levenement-forindustrie-lunivers-extraordinaire\/","title":{"rendered":"Participation \u00e0 l&rsquo;\u00e9v\u00e9nement \u00ab\u00a0Forindustrie, l&rsquo;Univers Extraordinaire\u00a0\u00bb"},"content":{"rendered":"\n<p>Dans le cadre de l&rsquo;engagement \u00e0 rapprocher l\u2019\u00c9cole et le  Monde du travail, je vous invite \u00e0 d\u00e9couvrir l&rsquo;\u00e9v\u00e9nement \u00ab\u00a0Forindustrie, l&rsquo;Univers Extraordinaire\u00a0\u00bb,\u00a0labellis\u00e9 par le Minist\u00e8re de l&rsquo;\u00c9ducation Nationale et soutenu par EDF \u00e0 La R\u00e9union.\u00a0<\/p>\n\n\n\n<p>Cet \u00e9v\u00e9nement, qui se d\u00e9roulera du<strong> 18 novembre au 6 d\u00e9cembre 2024<\/strong> dans le cadre de la semaine de l\u2019industrie, est une <strong>plateforme digitale gratuite<\/strong> \u00e0 forte valeur p\u00e9dagogique.<\/p>\n\n\n\n<p>Cet outil interactif permet de montrer aux filles comme aux gar\u00e7ons, qu\u2019il existe des m\u00e9tiers passionnants dans l\u2019industrie, parfois m\u00e9connus jusqu\u2019alors.<\/p>\n\n\n\n<p>Il est accessible aux coll\u00e9giens et lyc\u00e9ens dans le cadre de la<strong> d\u00e9couverte des m\u00e9tiers, <\/strong>et&nbsp;permet de d\u00e9couvrir les m\u00e9tiers de l\u2019industrie de mani\u00e8re ludique tout en abordant les grandes transitions de notre soci\u00e9t\u00e9,&nbsp;<\/p>\n\n\n\n<p>telles que la d\u00e9carbonation de l\u2019industrie, la souverainet\u00e9 \u00e9nerg\u00e9tique et industrielle, ou encore la comp\u00e9titivit\u00e9 \u00e9conomique.<\/p>\n\n\n\n<p><strong>Ce qu\u2019offre \u00ab\u00a0Forindustrie, l\u2019Univers Extraordinaire\u00a0\u00bb :<\/strong><\/p>\n\n\n\n<ul class=\"wp-block-list\">\n<li>Une approche interactive et immersive via une <strong>plateforme con\u00e7ue comme un jeu vid\u00e9o p\u00e9dagogique,<\/strong><\/li>\n\n\n\n<li><strong>Des d\u00e9fis inter-classes<\/strong> qui auront lieu pendant la semaine de l\u2019industrie, avec des visites de sites industriels et des r\u00e9compenses pour les laur\u00e9ats \u00e0 La R\u00e9union,<\/li>\n\n\n\n<li>Des<strong> \u00e9changes en direct avec des professionnels du secteur industriel <\/strong>gr\u00e2ce \u00e0 un syst\u00e8me de visioconf\u00e9rence int\u00e9gr\u00e9 \u00e0 la plateforme.<\/li>\n<\/ul>\n\n\n\n<p><strong>Prochaines \u00e9tapes :<\/strong><\/p>\n\n\n\n<ul class=\"wp-block-list\">\n<li><strong>Depuis le 9 septembre 2024 : acc\u00e8s \u00e0 la carte interactive et inscriptions sur <a href=\"http:\/\/www.forindustrie.fr\" target=\"_blank\" rel=\"noreferrer noopener\">www.forindustrie.fr<\/a>,<\/strong><\/li>\n\n\n\n<li><strong>Du 10 septembre au 7 novembre 2024 : sessions de formation en visioconf\u00e9rence pour les enseignants int\u00e9ress\u00e9s, <\/strong>lien d&rsquo;inscription sur le flyer en pi\u00e8ce jointe<\/li>\n\n\n\n<li><strong>Du 18 novembre au 6 d\u00e9cembre 2024 : Grand D\u00e9fi inter-classes.<\/strong><\/li>\n<\/ul>\n\n\n\n<p>Vous trouverez en pi\u00e8ce jointe :<\/p>\n\n\n\n<ul class=\"wp-block-list\">\n<li><strong>Le teaser de l\u2019\u00e9v\u00e9nement : <a href=\"https:\/\/youtu.be\/jGPk7DlODLQ?si=N0x_4WSIb7dRmRU9\" target=\"_blank\" rel=\"noreferrer noopener\">https:\/\/youtu.be\/jGPk7DlODLQ?si=N0x_4WSIb7dRmRU9<\/a>,<\/strong><\/li>\n\n\n\n<li><strong>La plaquette descriptive<\/strong> : <\/li>\n<\/ul>\n\n\n\n<div class=\"wp-block-file\"><a id=\"wp-block-file--media-0a2b0faf-8f9f-4249-a348-acafa25a7f8f\" href=\"https:\/\/etab.ac-reunion.fr\/clg-jean-desme\/wp-content\/uploads\/sites\/46\/2024\/09\/Plaquette-informative.pdf\">Plaquette informative<\/a><a href=\"https:\/\/etab.ac-reunion.fr\/clg-jean-desme\/wp-content\/uploads\/sites\/46\/2024\/09\/Plaquette-informative.pdf\" class=\"wp-block-file__button wp-element-button\" download aria-describedby=\"wp-block-file--media-0a2b0faf-8f9f-4249-a348-acafa25a7f8f\">T\u00e9l\u00e9charger<\/a><\/div>\n","protected":false},"excerpt":{"rendered":"<p>Dans le cadre de l&rsquo;engagement \u00e0 rapprocher l\u2019\u00c9cole et le Monde du travail, je vous invite \u00e0 d\u00e9couvrir l&rsquo;\u00e9v\u00e9nement \u00ab\u00a0Forindustrie, l&rsquo;Univers Extraordinaire\u00a0\u00bb,\u00a0labellis\u00e9 par le Minist\u00e8re de l&rsquo;\u00c9ducation Nationale et soutenu par EDF \u00e0 La R\u00e9union.\u00a0 Cet \u00e9v\u00e9nement, qui se d\u00e9roulera du 18 novembre au 6 d\u00e9cembre 2024 dans le cadre de la semaine de l\u2019industrie, [&hellip;]<\/p>\n","protected":false},"author":30305,"featured_media":5295,"comment_status":"closed","ping_status":"closed","sticky":false,"template":"","format":"standard","meta":{"_et_pb_use_builder":"off","_et_pb_old_content":"","_et_gb_content_width":"","footnotes":""},"categories":[10],"tags":[],"class_list":["post-5292","post","type-post","status-publish","format-standard","has-post-thumbnail","hentry","category-actualites-du-college"],"_links":{"self":[{"href":"https:\/\/etab.ac-reunion.fr\/clg-jean-desme\/wp-json\/wp\/v2\/posts\/5292","targetHints":{"allow":["GET"]}}],"collection":[{"href":"https:\/\/etab.ac-reunion.fr\/clg-jean-desme\/wp-json\/wp\/v2\/posts"}],"about":[{"href":"https:\/\/etab.ac-reunion.fr\/clg-jean-desme\/wp-json\/wp\/v2\/types\/post"}],"author":[{"embeddable":true,"href":"https:\/\/etab.ac-reunion.fr\/clg-jean-desme\/wp-json\/wp\/v2\/users\/30305"}],"replies":[{"embeddable":true,"href":"https:\/\/etab.ac-reunion.fr\/clg-jean-desme\/wp-json\/wp\/v2\/comments?post=5292"}],"version-history":[{"count":1,"href":"https:\/\/etab.ac-reunion.fr\/clg-jean-desme\/wp-json\/wp\/v2\/posts\/5292\/revisions"}],"predecessor-version":[{"id":5294,"href":"https:\/\/etab.ac-reunion.fr\/clg-jean-desme\/wp-json\/wp\/v2\/posts\/5292\/revisions\/5294"}],"wp:featuredmedia":[{"embeddable":true,"href":"https:\/\/etab.ac-reunion.fr\/clg-jean-desme\/wp-json\/wp\/v2\/media\/5295"}],"wp:attachment":[{"href":"https:\/\/etab.ac-reunion.fr\/clg-jean-desme\/wp-json\/wp\/v2\/media?parent=5292"}],"wp:term":[{"taxonomy":"category","embeddable":true,"href":"https:\/\/etab.ac-reunion.fr\/clg-jean-desme\/wp-json\/wp\/v2\/categories?post=5292"},{"taxonomy":"post_tag","embeddable":true,"href":"https:\/\/etab.ac-reunion.fr\/clg-jean-desme\/wp-json\/wp\/v2\/tags?post=5292"}],"curies":[{"name":"wp","href":"https:\/\/api.w.org\/{rel}","templated":true}]}}