{"id":5335,"date":"2024-12-09T11:52:48","date_gmt":"2024-12-09T07:52:48","guid":{"rendered":"https:\/\/etab.ac-reunion.fr\/clg-jean-desme\/?p=5335"},"modified":"2024-12-09T11:52:48","modified_gmt":"2024-12-09T07:52:48","slug":"invitation-dons-de-sang-collectes-de-noel-a-st-denis-et-a-st-leu-en-decembre","status":"publish","type":"post","link":"https:\/\/etab.ac-reunion.fr\/clg-jean-desme\/invitation-dons-de-sang-collectes-de-noel-a-st-denis-et-a-st-leu-en-decembre\/","title":{"rendered":"INVITATION DONS DE SANG : COLLECTES DE NOEL A ST DENIS ET A ST LEU EN DECEMBRE !"},"content":{"rendered":"\n<p><strong>En d\u00e9cembre, l\u2019\u00c9tablissement Fran\u00e7ais du Sang&nbsp;et le Lions Club invitent toutes les personnes qui peuvent donner leur sang \u00e0 se mobiliser sur les traditionnelles collectes de No\u00ebl organis\u00e9e \u00e0 St Denis et \u00e0 St Leu<\/strong><em>.<\/em><\/p>\n\n\n\n<p><em><strong><u>L\u2019objectif de chaque collecte ?<\/u><\/strong>&nbsp;Mobiliser plus de 200 donneurs par collecte pour s\u00e9curiser nos r\u00e9serves en produits sanguins pour les malades de notre r\u00e9gion durant la p\u00e9riode des f\u00eates de fin d\u2019ann\u00e9e et la p\u00e9riode cyclonique en cours.&nbsp;<br><\/em><\/p>\n\n\n\n<p><strong>Nous vous invitons \u00e0 prendre RDV d\u00e8s \u00e0 pr\u00e9sent pour un don de sang et \u00e0 relayer l\u2019information&nbsp;:<\/strong><\/p>\n\n\n\n<p><strong><em>Par t\u00e9l\u00e9phone au 0262 90 53 92&nbsp;ou 0262 90 53 07OU<\/em><\/strong>&nbsp; &nbsp;<strong><em>&nbsp;en&nbsp;ligne en cliquant sur les liens du planning&nbsp;:<\/em><\/strong>&nbsp;&nbsp;<\/p>\n\n\n\n<p><strong>&#8211;&nbsp;MAIRIE DE ST DENIS :&nbsp;LE DIMANCHE 15 DECEMBRE 2024&nbsp;<\/strong>:&nbsp;<a href=\"https:\/\/amf-convergence.ac-reunion.fr\/iwc_static\/layout\/efs.link\/NwELr\" rel=\"noreferrer noopener\" target=\"_blank\">efs.link\/NwELr<\/a><\/p>\n\n\n\n<p><strong>Les dons de sang sont indispensables pour soigner chaque ann\u00e9e un million de patients. Ils sont plus de 10 000 \u00e0 la R\u00e9union.<\/strong><\/p>\n\n\n\n<p>Irrempla\u00e7ables et vitaux, les produits sanguins sont utilis\u00e9s dans deux grands cas de figure : les situations d\u2019urgence (h\u00e9morragies lors d\u2019un accouchement, d\u2019un accident, d\u2019une op\u00e9ration chirurgicale, etc.) et les besoins chroniques (maladies du sang et cancers), qui demeurent les pathologies les plus consommatrices de produits sanguins avec pr\u00e8s de la moiti\u00e9 (47 %) des patients transfus\u00e9s.<\/p>\n\n\n\n<p><strong>Pour savoir o\u00f9 et quand donner<\/strong><strong>, <\/strong><strong>rendez-vous sur <a href=\"https:\/\/dondesang.efs.sante.fr\/\" rel=\"noreferrer noopener\" target=\"_blank\">https:\/\/dondesang.efs.sante.fr\/<\/a><\/strong><\/p>\n\n\n\n<p><strong>Suis-je \u00e9ligible au don du sang ? <\/strong><a href=\"https:\/\/dondesang.efs.sante.fr\/test-aptitude-au-don\" rel=\"noreferrer noopener\" target=\"_blank\"><strong>Testez directement en ligne<\/strong><\/a><strong> &#8211; <\/strong><a href=\"https:\/\/dondesang.efs.sante.fr\/puis-je-donner\" rel=\"noreferrer noopener\" target=\"_blank\"><strong>https:\/\/dondesang.efs.sante.fr\/puis-je-donner<\/strong><\/a> <strong>?<\/strong><\/p>\n\n\n\n<p>Un grand merci \u00e0 vous pour cette contribution qui aide chaque jour de nombreux patients&nbsp;!<\/p>\n","protected":false},"excerpt":{"rendered":"<p>En d\u00e9cembre, l\u2019\u00c9tablissement Fran\u00e7ais du Sang&nbsp;et le Lions Club invitent toutes les personnes qui peuvent donner leur sang \u00e0 se mobiliser sur les traditionnelles collectes de No\u00ebl organis\u00e9e \u00e0 St Denis et \u00e0 St Leu. L\u2019objectif de chaque collecte ?&nbsp;Mobiliser plus de 200 donneurs par collecte pour s\u00e9curiser nos r\u00e9serves en produits sanguins pour les [&hellip;]<\/p>\n","protected":false},"author":30305,"featured_media":5336,"comment_status":"closed","ping_status":"closed","sticky":false,"template":"","format":"standard","meta":{"_et_pb_use_builder":"off","_et_pb_old_content":"","_et_gb_content_width":"","footnotes":""},"categories":[10,40,1],"tags":[],"class_list":["post-5335","post","type-post","status-publish","format-standard","has-post-thumbnail","hentry","category-actualites-du-college","category-information-aux-parents-deleves","category-information-generale"],"_links":{"self":[{"href":"https:\/\/etab.ac-reunion.fr\/clg-jean-desme\/wp-json\/wp\/v2\/posts\/5335","targetHints":{"allow":["GET"]}}],"collection":[{"href":"https:\/\/etab.ac-reunion.fr\/clg-jean-desme\/wp-json\/wp\/v2\/posts"}],"about":[{"href":"https:\/\/etab.ac-reunion.fr\/clg-jean-desme\/wp-json\/wp\/v2\/types\/post"}],"author":[{"embeddable":true,"href":"https:\/\/etab.ac-reunion.fr\/clg-jean-desme\/wp-json\/wp\/v2\/users\/30305"}],"replies":[{"embeddable":true,"href":"https:\/\/etab.ac-reunion.fr\/clg-jean-desme\/wp-json\/wp\/v2\/comments?post=5335"}],"version-history":[{"count":1,"href":"https:\/\/etab.ac-reunion.fr\/clg-jean-desme\/wp-json\/wp\/v2\/posts\/5335\/revisions"}],"predecessor-version":[{"id":5337,"href":"https:\/\/etab.ac-reunion.fr\/clg-jean-desme\/wp-json\/wp\/v2\/posts\/5335\/revisions\/5337"}],"wp:featuredmedia":[{"embeddable":true,"href":"https:\/\/etab.ac-reunion.fr\/clg-jean-desme\/wp-json\/wp\/v2\/media\/5336"}],"wp:attachment":[{"href":"https:\/\/etab.ac-reunion.fr\/clg-jean-desme\/wp-json\/wp\/v2\/media?parent=5335"}],"wp:term":[{"taxonomy":"category","embeddable":true,"href":"https:\/\/etab.ac-reunion.fr\/clg-jean-desme\/wp-json\/wp\/v2\/categories?post=5335"},{"taxonomy":"post_tag","embeddable":true,"href":"https:\/\/etab.ac-reunion.fr\/clg-jean-desme\/wp-json\/wp\/v2\/tags?post=5335"}],"curies":[{"name":"wp","href":"https:\/\/api.w.org\/{rel}","templated":true}]}}