{"id":5348,"date":"2025-02-12T08:46:10","date_gmt":"2025-02-12T04:46:10","guid":{"rendered":"https:\/\/etab.ac-reunion.fr\/clg-jean-desme\/?p=5348"},"modified":"2025-02-12T08:46:48","modified_gmt":"2025-02-12T04:46:48","slug":"accompagnement-a-lorientation-plateforme-avenirs","status":"publish","type":"post","link":"https:\/\/etab.ac-reunion.fr\/clg-jean-desme\/accompagnement-a-lorientation-plateforme-avenirs\/","title":{"rendered":"Accompagnement \u00e0 l&rsquo;orientation : Plateforme Avenir(s)"},"content":{"rendered":"\n<p><\/p>\n\n\n\n<p>La plateforme Avenir(s), v\u00e9ritable portfolio personnalis\u00e9 met \u00e0 la disposition des \u00e9l\u00e8ves des outils et des ressources pour leur permettre de d\u00e9velopper leurs comp\u00e9tences \u00e0 s&rsquo;orienter. Elle contribuera directement \u00e0 faire que chaque \u00e9l\u00e8ve puisse construire progressivement, tout au long de sa scolarit\u00e9, en autonomie et de fa\u00e7on guid\u00e9e, son corpus de connaissances et comp\u00e9tences personnelles et professionnelles pour r\u00e9aliser ses projets d&rsquo;orientation.<\/p>\n\n\n\n<p>Chaque \u00e9l\u00e8ve sera en mesure de se connecter \u00e0 la plateforme d\u00e8s lors qu&rsquo;il aura proc\u00e9d\u00e9 \u00e0 la cr\u00e9ation de son compte Educonnect. Il peut le faire d\u00e8s \u00e0 pr\u00e9sent directement sur le site de l&rsquo;Onisep mais la cr\u00e9ation d&rsquo;un compte personnel devra toujours \u00eatre privil\u00e9gi\u00e9e.<\/p>\n\n\n\n<figure class=\"wp-block-image size-full\"><img loading=\"lazy\" decoding=\"async\" width=\"901\" height=\"597\" src=\"https:\/\/etab.ac-reunion.fr\/clg-jean-desme\/wp-content\/uploads\/sites\/46\/2025\/02\/plateforme-avenir.png\" alt=\"\" class=\"wp-image-5349\" srcset=\"https:\/\/etab.ac-reunion.fr\/clg-jean-desme\/wp-content\/uploads\/sites\/46\/2025\/02\/plateforme-avenir.png 901w, https:\/\/etab.ac-reunion.fr\/clg-jean-desme\/wp-content\/uploads\/sites\/46\/2025\/02\/plateforme-avenir-480x318.png 480w\" sizes=\"(min-width: 0px) and (max-width: 480px) 480px, (min-width: 481px) 901px, 100vw\" \/><\/figure>\n","protected":false},"excerpt":{"rendered":"<p>La plateforme Avenir(s), v\u00e9ritable portfolio personnalis\u00e9 met \u00e0 la disposition des \u00e9l\u00e8ves des outils et des ressources pour leur permettre de d\u00e9velopper leurs comp\u00e9tences \u00e0 s&rsquo;orienter. Elle contribuera directement \u00e0 faire que chaque \u00e9l\u00e8ve puisse construire progressivement, tout au long de sa scolarit\u00e9, en autonomie et de fa\u00e7on guid\u00e9e, son corpus de connaissances et comp\u00e9tences [&hellip;]<\/p>\n","protected":false},"author":30305,"featured_media":5350,"comment_status":"closed","ping_status":"closed","sticky":false,"template":"","format":"standard","meta":{"_et_pb_use_builder":"off","_et_pb_old_content":"","_et_gb_content_width":"","footnotes":""},"categories":[40,1,49],"tags":[],"class_list":["post-5348","post","type-post","status-publish","format-standard","has-post-thumbnail","hentry","category-information-aux-parents-deleves","category-information-generale","category-representants-des-parents-deleves"],"_links":{"self":[{"href":"https:\/\/etab.ac-reunion.fr\/clg-jean-desme\/wp-json\/wp\/v2\/posts\/5348","targetHints":{"allow":["GET"]}}],"collection":[{"href":"https:\/\/etab.ac-reunion.fr\/clg-jean-desme\/wp-json\/wp\/v2\/posts"}],"about":[{"href":"https:\/\/etab.ac-reunion.fr\/clg-jean-desme\/wp-json\/wp\/v2\/types\/post"}],"author":[{"embeddable":true,"href":"https:\/\/etab.ac-reunion.fr\/clg-jean-desme\/wp-json\/wp\/v2\/users\/30305"}],"replies":[{"embeddable":true,"href":"https:\/\/etab.ac-reunion.fr\/clg-jean-desme\/wp-json\/wp\/v2\/comments?post=5348"}],"version-history":[{"count":2,"href":"https:\/\/etab.ac-reunion.fr\/clg-jean-desme\/wp-json\/wp\/v2\/posts\/5348\/revisions"}],"predecessor-version":[{"id":5352,"href":"https:\/\/etab.ac-reunion.fr\/clg-jean-desme\/wp-json\/wp\/v2\/posts\/5348\/revisions\/5352"}],"wp:featuredmedia":[{"embeddable":true,"href":"https:\/\/etab.ac-reunion.fr\/clg-jean-desme\/wp-json\/wp\/v2\/media\/5350"}],"wp:attachment":[{"href":"https:\/\/etab.ac-reunion.fr\/clg-jean-desme\/wp-json\/wp\/v2\/media?parent=5348"}],"wp:term":[{"taxonomy":"category","embeddable":true,"href":"https:\/\/etab.ac-reunion.fr\/clg-jean-desme\/wp-json\/wp\/v2\/categories?post=5348"},{"taxonomy":"post_tag","embeddable":true,"href":"https:\/\/etab.ac-reunion.fr\/clg-jean-desme\/wp-json\/wp\/v2\/tags?post=5348"}],"curies":[{"name":"wp","href":"https:\/\/api.w.org\/{rel}","templated":true}]}}