{"id":5353,"date":"2025-02-24T09:18:31","date_gmt":"2025-02-24T05:18:31","guid":{"rendered":"https:\/\/etab.ac-reunion.fr\/clg-jean-desme\/?p=5353"},"modified":"2025-02-24T09:18:31","modified_gmt":"2025-02-24T05:18:31","slug":"guide-pour-un-usage-raisonne-des-ecrans","status":"publish","type":"post","link":"https:\/\/etab.ac-reunion.fr\/clg-jean-desme\/guide-pour-un-usage-raisonne-des-ecrans\/","title":{"rendered":"Guide pour un usage raisonn\u00e9 des \u00e9crans"},"content":{"rendered":"\n<p>Retrouver dans le document ci-joint toutes les informations pour promouvoir l\u2019information, l\u2019\u00e9ducation et l\u2019accompagnement des enfants, des parents et des professionnels afin d\u2019apprendre \u00e0 utiliser les \u00e9crans en tant que support, dans des temps et lieux appropri\u00e9s.<\/p>\n\n\n\n<div class=\"wp-block-file\"><a id=\"wp-block-file--media-0d5304e8-2e3b-456e-b520-6d7e9af3a2d5\" href=\"https:\/\/etab.ac-reunion.fr\/clg-jean-desme\/wp-content\/uploads\/sites\/46\/2025\/02\/Guide-lesecranslesreseaux-etvosados_interactif.pdf\">Guide-lesecranslesreseaux-etvosados_interactif<\/a><a href=\"https:\/\/etab.ac-reunion.fr\/clg-jean-desme\/wp-content\/uploads\/sites\/46\/2025\/02\/Guide-lesecranslesreseaux-etvosados_interactif.pdf\" class=\"wp-block-file__button wp-element-button\" download aria-describedby=\"wp-block-file--media-0d5304e8-2e3b-456e-b520-6d7e9af3a2d5\">T\u00e9l\u00e9charger<\/a><\/div>\n","protected":false},"excerpt":{"rendered":"<p>Retrouver dans le document ci-joint toutes les informations pour promouvoir l\u2019information, l\u2019\u00e9ducation et l\u2019accompagnement des enfants, des parents et des professionnels afin d\u2019apprendre \u00e0 utiliser les \u00e9crans en tant que support, dans des temps et lieux appropri\u00e9s.<\/p>\n","protected":false},"author":30305,"featured_media":5355,"comment_status":"closed","ping_status":"closed","sticky":false,"template":"","format":"standard","meta":{"_et_pb_use_builder":"off","_et_pb_old_content":"","_et_gb_content_width":"","footnotes":""},"categories":[10,40,49],"tags":[],"class_list":["post-5353","post","type-post","status-publish","format-standard","has-post-thumbnail","hentry","category-actualites-du-college","category-information-aux-parents-deleves","category-representants-des-parents-deleves"],"_links":{"self":[{"href":"https:\/\/etab.ac-reunion.fr\/clg-jean-desme\/wp-json\/wp\/v2\/posts\/5353","targetHints":{"allow":["GET"]}}],"collection":[{"href":"https:\/\/etab.ac-reunion.fr\/clg-jean-desme\/wp-json\/wp\/v2\/posts"}],"about":[{"href":"https:\/\/etab.ac-reunion.fr\/clg-jean-desme\/wp-json\/wp\/v2\/types\/post"}],"author":[{"embeddable":true,"href":"https:\/\/etab.ac-reunion.fr\/clg-jean-desme\/wp-json\/wp\/v2\/users\/30305"}],"replies":[{"embeddable":true,"href":"https:\/\/etab.ac-reunion.fr\/clg-jean-desme\/wp-json\/wp\/v2\/comments?post=5353"}],"version-history":[{"count":1,"href":"https:\/\/etab.ac-reunion.fr\/clg-jean-desme\/wp-json\/wp\/v2\/posts\/5353\/revisions"}],"predecessor-version":[{"id":5356,"href":"https:\/\/etab.ac-reunion.fr\/clg-jean-desme\/wp-json\/wp\/v2\/posts\/5353\/revisions\/5356"}],"wp:featuredmedia":[{"embeddable":true,"href":"https:\/\/etab.ac-reunion.fr\/clg-jean-desme\/wp-json\/wp\/v2\/media\/5355"}],"wp:attachment":[{"href":"https:\/\/etab.ac-reunion.fr\/clg-jean-desme\/wp-json\/wp\/v2\/media?parent=5353"}],"wp:term":[{"taxonomy":"category","embeddable":true,"href":"https:\/\/etab.ac-reunion.fr\/clg-jean-desme\/wp-json\/wp\/v2\/categories?post=5353"},{"taxonomy":"post_tag","embeddable":true,"href":"https:\/\/etab.ac-reunion.fr\/clg-jean-desme\/wp-json\/wp\/v2\/tags?post=5353"}],"curies":[{"name":"wp","href":"https:\/\/api.w.org\/{rel}","templated":true}]}}