{"id":5372,"date":"2025-04-01T17:35:39","date_gmt":"2025-04-01T13:35:39","guid":{"rendered":"https:\/\/etab.ac-reunion.fr\/clg-jean-desme\/?p=5372"},"modified":"2025-04-01T17:35:39","modified_gmt":"2025-04-01T13:35:39","slug":"operation-cactus-sensibiliser-a-lhameconnage-sur-les-espaces-numeriques-de-travail","status":"publish","type":"post","link":"https:\/\/etab.ac-reunion.fr\/clg-jean-desme\/operation-cactus-sensibiliser-a-lhameconnage-sur-les-espaces-numeriques-de-travail\/","title":{"rendered":"Op\u00e9ration Cactus : sensibiliser \u00e0 l&rsquo;hame\u00e7onnage sur les espaces num\u00e9riques de travail"},"content":{"rendered":"\n<p>L\u2019op\u00e9ration Cactus vise \u00e0 sensibiliser les \u00e9l\u00e8ves aux risques num\u00e9riques par une action nationale d&rsquo;hame\u00e7onnage (phishing) p\u00e9dagogique. Cette campagne a \u00e9t\u00e9 mise en place en r\u00e9ponse \u00e0 une s\u00e9rie d&rsquo;attaques malveillantes ayant cibl\u00e9 les ENT des \u00e9tablissements scolaires qui ont perturb\u00e9 les enseignements. Cette ann\u00e9e, elle a eu lieu du 19 au 21 mars 2025.<\/p>\n\n\n\n<p>Plus d&rsquo;info ici : <a href=\"https:\/\/www.education.gouv.fr\/operation-cactus-sensibiliser-l-hameconnage-sur-les-espaces-numeriques-de-travail-416607\">https:\/\/www.education.gouv.fr\/operation-cactus-sensibiliser-l-hameconnage-sur-les-espaces-numeriques-de-travail-416607<\/a><\/p>\n","protected":false},"excerpt":{"rendered":"<p>L\u2019op\u00e9ration Cactus vise \u00e0 sensibiliser les \u00e9l\u00e8ves aux risques num\u00e9riques par une action nationale d&rsquo;hame\u00e7onnage (phishing) p\u00e9dagogique. Cette campagne a \u00e9t\u00e9 mise en place en r\u00e9ponse \u00e0 une s\u00e9rie d&rsquo;attaques malveillantes ayant cibl\u00e9 les ENT des \u00e9tablissements scolaires qui ont perturb\u00e9 les enseignements. Cette ann\u00e9e, elle a eu lieu du 19 au 21 mars 2025. [&hellip;]<\/p>\n","protected":false},"author":30305,"featured_media":5373,"comment_status":"closed","ping_status":"closed","sticky":false,"template":"","format":"standard","meta":{"_et_pb_use_builder":"off","_et_pb_old_content":"","_et_gb_content_width":"","footnotes":""},"categories":[10],"tags":[],"class_list":["post-5372","post","type-post","status-publish","format-standard","has-post-thumbnail","hentry","category-actualites-du-college"],"_links":{"self":[{"href":"https:\/\/etab.ac-reunion.fr\/clg-jean-desme\/wp-json\/wp\/v2\/posts\/5372","targetHints":{"allow":["GET"]}}],"collection":[{"href":"https:\/\/etab.ac-reunion.fr\/clg-jean-desme\/wp-json\/wp\/v2\/posts"}],"about":[{"href":"https:\/\/etab.ac-reunion.fr\/clg-jean-desme\/wp-json\/wp\/v2\/types\/post"}],"author":[{"embeddable":true,"href":"https:\/\/etab.ac-reunion.fr\/clg-jean-desme\/wp-json\/wp\/v2\/users\/30305"}],"replies":[{"embeddable":true,"href":"https:\/\/etab.ac-reunion.fr\/clg-jean-desme\/wp-json\/wp\/v2\/comments?post=5372"}],"version-history":[{"count":2,"href":"https:\/\/etab.ac-reunion.fr\/clg-jean-desme\/wp-json\/wp\/v2\/posts\/5372\/revisions"}],"predecessor-version":[{"id":5375,"href":"https:\/\/etab.ac-reunion.fr\/clg-jean-desme\/wp-json\/wp\/v2\/posts\/5372\/revisions\/5375"}],"wp:featuredmedia":[{"embeddable":true,"href":"https:\/\/etab.ac-reunion.fr\/clg-jean-desme\/wp-json\/wp\/v2\/media\/5373"}],"wp:attachment":[{"href":"https:\/\/etab.ac-reunion.fr\/clg-jean-desme\/wp-json\/wp\/v2\/media?parent=5372"}],"wp:term":[{"taxonomy":"category","embeddable":true,"href":"https:\/\/etab.ac-reunion.fr\/clg-jean-desme\/wp-json\/wp\/v2\/categories?post=5372"},{"taxonomy":"post_tag","embeddable":true,"href":"https:\/\/etab.ac-reunion.fr\/clg-jean-desme\/wp-json\/wp\/v2\/tags?post=5372"}],"curies":[{"name":"wp","href":"https:\/\/api.w.org\/{rel}","templated":true}]}}