{"id":5383,"date":"2025-04-25T08:18:29","date_gmt":"2025-04-25T04:18:29","guid":{"rendered":"https:\/\/etab.ac-reunion.fr\/clg-jean-desme\/?p=5383"},"modified":"2025-06-23T14:26:08","modified_gmt":"2025-06-23T10:26:08","slug":"orientation-affection-lycee","status":"publish","type":"post","link":"https:\/\/etab.ac-reunion.fr\/clg-jean-desme\/orientation-affection-lycee\/","title":{"rendered":"Orientation affection lyc\u00e9e"},"content":{"rendered":"\n<p>Retrouver ci-dessous une pr\u00e9sentation pour r\u00e9aliser l&rsquo;orientation et l&rsquo;affection en lyc\u00e9e des \u00e9l\u00e8ves de 3\u00e8me sur la plateforme Educonnect.<\/p>\n\n\n\n<div class=\"wp-block-file\"><a id=\"wp-block-file--media-dc54134f-b450-4fc9-8600-b6f15a9ab5d0\" href=\"https:\/\/etab.ac-reunion.fr\/clg-jean-desme\/wp-content\/uploads\/sites\/46\/2025\/04\/Orientation-affectation-lycee-3e.pdf\">Orientation affectation lyc\u00e9e 3e<\/a><a href=\"https:\/\/etab.ac-reunion.fr\/clg-jean-desme\/wp-content\/uploads\/sites\/46\/2025\/04\/Orientation-affectation-lycee-3e.pdf\" class=\"wp-block-file__button wp-element-button\" download aria-describedby=\"wp-block-file--media-dc54134f-b450-4fc9-8600-b6f15a9ab5d0\">T\u00e9l\u00e9charger<\/a><\/div>\n\n\n\n<p>En cas d&rsquo;oubli de vos codes de connexion \u00e0 Educonnect merci de prendre contact avec le coll\u00e8ge par mail ou par t\u00e9l\u00e9phone<\/p>\n","protected":false},"excerpt":{"rendered":"<p>Retrouver ci-dessous une pr\u00e9sentation pour r\u00e9aliser l&rsquo;orientation et l&rsquo;affection en lyc\u00e9e des \u00e9l\u00e8ves de 3\u00e8me sur la plateforme Educonnect. En cas d&rsquo;oubli de vos codes de connexion \u00e0 Educonnect merci de prendre contact avec le coll\u00e8ge par mail ou par t\u00e9l\u00e9phone<\/p>\n","protected":false},"author":30305,"featured_media":5332,"comment_status":"closed","ping_status":"closed","sticky":false,"template":"","format":"standard","meta":{"_et_pb_use_builder":"off","_et_pb_old_content":"","_et_gb_content_width":"","footnotes":""},"categories":[10],"tags":[],"class_list":["post-5383","post","type-post","status-publish","format-standard","has-post-thumbnail","hentry","category-actualites-du-college"],"_links":{"self":[{"href":"https:\/\/etab.ac-reunion.fr\/clg-jean-desme\/wp-json\/wp\/v2\/posts\/5383","targetHints":{"allow":["GET"]}}],"collection":[{"href":"https:\/\/etab.ac-reunion.fr\/clg-jean-desme\/wp-json\/wp\/v2\/posts"}],"about":[{"href":"https:\/\/etab.ac-reunion.fr\/clg-jean-desme\/wp-json\/wp\/v2\/types\/post"}],"author":[{"embeddable":true,"href":"https:\/\/etab.ac-reunion.fr\/clg-jean-desme\/wp-json\/wp\/v2\/users\/30305"}],"replies":[{"embeddable":true,"href":"https:\/\/etab.ac-reunion.fr\/clg-jean-desme\/wp-json\/wp\/v2\/comments?post=5383"}],"version-history":[{"count":1,"href":"https:\/\/etab.ac-reunion.fr\/clg-jean-desme\/wp-json\/wp\/v2\/posts\/5383\/revisions"}],"predecessor-version":[{"id":5385,"href":"https:\/\/etab.ac-reunion.fr\/clg-jean-desme\/wp-json\/wp\/v2\/posts\/5383\/revisions\/5385"}],"wp:featuredmedia":[{"embeddable":true,"href":"https:\/\/etab.ac-reunion.fr\/clg-jean-desme\/wp-json\/wp\/v2\/media\/5332"}],"wp:attachment":[{"href":"https:\/\/etab.ac-reunion.fr\/clg-jean-desme\/wp-json\/wp\/v2\/media?parent=5383"}],"wp:term":[{"taxonomy":"category","embeddable":true,"href":"https:\/\/etab.ac-reunion.fr\/clg-jean-desme\/wp-json\/wp\/v2\/categories?post=5383"},{"taxonomy":"post_tag","embeddable":true,"href":"https:\/\/etab.ac-reunion.fr\/clg-jean-desme\/wp-json\/wp\/v2\/tags?post=5383"}],"curies":[{"name":"wp","href":"https:\/\/api.w.org\/{rel}","templated":true}]}}