{"id":5390,"date":"2025-05-08T07:15:11","date_gmt":"2025-05-08T03:15:11","guid":{"rendered":"https:\/\/etab.ac-reunion.fr\/clg-jean-desme\/?p=5390"},"modified":"2025-05-19T07:19:26","modified_gmt":"2025-05-19T03:19:26","slug":"activation-de-la-plate-forme-telephonique-liee-a-lorientation","status":"publish","type":"post","link":"https:\/\/etab.ac-reunion.fr\/clg-jean-desme\/activation-de-la-plate-forme-telephonique-liee-a-lorientation\/","title":{"rendered":"Activation de la plate-forme t\u00e9l\u00e9phonique li\u00e9e \u00e0 l&rsquo;orientation"},"content":{"rendered":"\n<p>Mesdames et messieurs les parents des \u00e9l\u00e8ves,<\/p>\n\n\n\n<p>Vous trouverez ci-joint une note relative \u00e0 l&rsquo;activation de la plate-forme t\u00e9l\u00e9phonique de la DRAIO avec le num\u00e9ro associ\u00e9 &#8211;&nbsp;<strong>02 62 48 10 80<\/strong>.<\/p>\n\n\n\n<p>Celle-ci permettra de mieux r\u00e9pondre \u00e0 vos interrogations sur l&rsquo;affectation de vos enfants pour tous les niveaux de classes.<\/p>\n\n\n\n<p><strong>Cette plate-forme sera op\u00e9rationnelle du mercredi 21 mai au vendredi 11 juillet 2025 inclus et du lundi 11 ao\u00fbt au vendredi 5 septembre 2025 inclus.<\/strong><\/p>\n\n\n\n<p>La Direction<\/p>\n\n\n\n<div class=\"wp-block-file\"><a id=\"wp-block-file--media-99d43983-3c03-4eda-a8ca-090c1a26fe56\" href=\"https:\/\/etab.ac-reunion.fr\/clg-jean-desme\/wp-content\/uploads\/sites\/46\/2025\/05\/Activation-de-la-plateforme-telephonique-a-la-DRAIO.pdf\">Activation de la plateforme t\u00e9l\u00e9phonique \u00e0 la DRAIO<\/a><a href=\"https:\/\/etab.ac-reunion.fr\/clg-jean-desme\/wp-content\/uploads\/sites\/46\/2025\/05\/Activation-de-la-plateforme-telephonique-a-la-DRAIO.pdf\" class=\"wp-block-file__button wp-element-button\" download aria-describedby=\"wp-block-file--media-99d43983-3c03-4eda-a8ca-090c1a26fe56\">T\u00e9l\u00e9charger<\/a><\/div>\n","protected":false},"excerpt":{"rendered":"<p>Mesdames et messieurs les parents des \u00e9l\u00e8ves, Vous trouverez ci-joint une note relative \u00e0 l&rsquo;activation de la plate-forme t\u00e9l\u00e9phonique de la DRAIO avec le num\u00e9ro associ\u00e9 &#8211;&nbsp;02 62 48 10 80. Celle-ci permettra de mieux r\u00e9pondre \u00e0 vos interrogations sur l&rsquo;affectation de vos enfants pour tous les niveaux de classes. Cette plate-forme sera op\u00e9rationnelle du [&hellip;]<\/p>\n","protected":false},"author":30305,"featured_media":5392,"comment_status":"closed","ping_status":"closed","sticky":false,"template":"","format":"standard","meta":{"_et_pb_use_builder":"off","_et_pb_old_content":"","_et_gb_content_width":"","footnotes":""},"categories":[10],"tags":[],"class_list":["post-5390","post","type-post","status-publish","format-standard","has-post-thumbnail","hentry","category-actualites-du-college"],"_links":{"self":[{"href":"https:\/\/etab.ac-reunion.fr\/clg-jean-desme\/wp-json\/wp\/v2\/posts\/5390","targetHints":{"allow":["GET"]}}],"collection":[{"href":"https:\/\/etab.ac-reunion.fr\/clg-jean-desme\/wp-json\/wp\/v2\/posts"}],"about":[{"href":"https:\/\/etab.ac-reunion.fr\/clg-jean-desme\/wp-json\/wp\/v2\/types\/post"}],"author":[{"embeddable":true,"href":"https:\/\/etab.ac-reunion.fr\/clg-jean-desme\/wp-json\/wp\/v2\/users\/30305"}],"replies":[{"embeddable":true,"href":"https:\/\/etab.ac-reunion.fr\/clg-jean-desme\/wp-json\/wp\/v2\/comments?post=5390"}],"version-history":[{"count":1,"href":"https:\/\/etab.ac-reunion.fr\/clg-jean-desme\/wp-json\/wp\/v2\/posts\/5390\/revisions"}],"predecessor-version":[{"id":5393,"href":"https:\/\/etab.ac-reunion.fr\/clg-jean-desme\/wp-json\/wp\/v2\/posts\/5390\/revisions\/5393"}],"wp:featuredmedia":[{"embeddable":true,"href":"https:\/\/etab.ac-reunion.fr\/clg-jean-desme\/wp-json\/wp\/v2\/media\/5392"}],"wp:attachment":[{"href":"https:\/\/etab.ac-reunion.fr\/clg-jean-desme\/wp-json\/wp\/v2\/media?parent=5390"}],"wp:term":[{"taxonomy":"category","embeddable":true,"href":"https:\/\/etab.ac-reunion.fr\/clg-jean-desme\/wp-json\/wp\/v2\/categories?post=5390"},{"taxonomy":"post_tag","embeddable":true,"href":"https:\/\/etab.ac-reunion.fr\/clg-jean-desme\/wp-json\/wp\/v2\/tags?post=5390"}],"curies":[{"name":"wp","href":"https:\/\/api.w.org\/{rel}","templated":true}]}}