{"id":5394,"date":"2025-05-20T18:36:00","date_gmt":"2025-05-20T14:36:00","guid":{"rendered":"https:\/\/etab.ac-reunion.fr\/clg-jean-desme\/?p=5394"},"modified":"2025-05-21T07:40:58","modified_gmt":"2025-05-21T03:40:58","slug":"reforme-des-lycees-professionnels-informer-les-eleves-de-3e-et-leur-famille","status":"publish","type":"post","link":"https:\/\/etab.ac-reunion.fr\/clg-jean-desme\/reforme-des-lycees-professionnels-informer-les-eleves-de-3e-et-leur-famille\/","title":{"rendered":"R\u00e9forme des lyc\u00e9es professionnels : informer les \u00e9l\u00e8ves de 3e et leur famille"},"content":{"rendered":"\n<p>Mesdames, Messieurs les parents d&rsquo;\u00e9l\u00e8ves,<\/p>\n\n\n\n<p>La mise en \u0153uvre de la r\u00e9forme des lyc\u00e9es professionnels, initi\u00e9e \u00e0 la rentr\u00e9e 2023, s\u2019est poursuivie et l\u2019ensemble des mesures a \u00e9t\u00e9 appliqu\u00e9 \u00e0 partir de l\u2019ann\u00e9e scolaire 2024-2025, notamment l\u2019introduction du parcours diff\u00e9renci\u00e9 en classe de terminale.<\/p>\n\n\n\n<p>Il est important qu&rsquo;en soient inform\u00e9s les \u00e9l\u00e8ves de 3<sup>e<\/sup>&nbsp;qui se destinent \u00e0 poursuivre leurs \u00e9tudes en lyc\u00e9e professionnel l\u2019an prochain. Pour ce faire, nous vous communiquons&nbsp;:<\/p>\n\n\n\n<ul class=\"wp-block-list\">\n<li><a href=\"https:\/\/eduscol.education.fr\/document\/58296\/download\" target=\"_blank\" rel=\"noreferrer noopener\">La plaquette destin\u00e9e aux \u00e9l\u00e8ves de 3<sup>e<\/sup><\/a>\u00a0<\/li>\n\n\n\n<li>Le\u00a0<a href=\"https:\/\/eduscol.education.fr\/document\/58290\/download\" target=\"_blank\" rel=\"noreferrer noopener\">diaporama<\/a>\u00a0de pr\u00e9sentation de la r\u00e9forme des LP<\/li>\n<\/ul>\n\n\n\n<p>Les informations concernant la r\u00e9forme des lyc\u00e9es professionnels continueront \u00e9galement d\u2018\u00eatre relay\u00e9es par le minist\u00e8re et les rectorats sur les r\u00e9seaux sociaux (Instagram, Facebook, TikTok et You tube) d\u00e8s ce mois de mai puis \u00e0 nouveau en septembre.<\/p>\n\n\n\n<p>Retrouvez \u00e9galement l\u2019ensemble des \u00e9l\u00e9ments concernant la r\u00e9forme des lyc\u00e9es professionnels sur Eduscol&nbsp;:&nbsp;<a href=\"https:\/\/eduscol.education.fr\/2224\/reforme-des-lycees-professionnels\" rel=\"noreferrer noopener\" target=\"_blank\">https:\/\/eduscol.education.fr\/2224\/reforme-des-lycees-professionnels<\/a><\/p>\n\n\n\n<p>Tr\u00e8s cordialement,<\/p>\n","protected":false},"excerpt":{"rendered":"<p>Mesdames, Messieurs les parents d&rsquo;\u00e9l\u00e8ves, La mise en \u0153uvre de la r\u00e9forme des lyc\u00e9es professionnels, initi\u00e9e \u00e0 la rentr\u00e9e 2023, s\u2019est poursuivie et l\u2019ensemble des mesures a \u00e9t\u00e9 appliqu\u00e9 \u00e0 partir de l\u2019ann\u00e9e scolaire 2024-2025, notamment l\u2019introduction du parcours diff\u00e9renci\u00e9 en classe de terminale. Il est important qu&rsquo;en soient inform\u00e9s les \u00e9l\u00e8ves de 3e&nbsp;qui se [&hellip;]<\/p>\n","protected":false},"author":30305,"featured_media":5396,"comment_status":"closed","ping_status":"closed","sticky":false,"template":"","format":"standard","meta":{"_et_pb_use_builder":"off","_et_pb_old_content":"","_et_gb_content_width":"","footnotes":""},"categories":[10],"tags":[],"class_list":["post-5394","post","type-post","status-publish","format-standard","has-post-thumbnail","hentry","category-actualites-du-college"],"_links":{"self":[{"href":"https:\/\/etab.ac-reunion.fr\/clg-jean-desme\/wp-json\/wp\/v2\/posts\/5394","targetHints":{"allow":["GET"]}}],"collection":[{"href":"https:\/\/etab.ac-reunion.fr\/clg-jean-desme\/wp-json\/wp\/v2\/posts"}],"about":[{"href":"https:\/\/etab.ac-reunion.fr\/clg-jean-desme\/wp-json\/wp\/v2\/types\/post"}],"author":[{"embeddable":true,"href":"https:\/\/etab.ac-reunion.fr\/clg-jean-desme\/wp-json\/wp\/v2\/users\/30305"}],"replies":[{"embeddable":true,"href":"https:\/\/etab.ac-reunion.fr\/clg-jean-desme\/wp-json\/wp\/v2\/comments?post=5394"}],"version-history":[{"count":1,"href":"https:\/\/etab.ac-reunion.fr\/clg-jean-desme\/wp-json\/wp\/v2\/posts\/5394\/revisions"}],"predecessor-version":[{"id":5395,"href":"https:\/\/etab.ac-reunion.fr\/clg-jean-desme\/wp-json\/wp\/v2\/posts\/5394\/revisions\/5395"}],"wp:featuredmedia":[{"embeddable":true,"href":"https:\/\/etab.ac-reunion.fr\/clg-jean-desme\/wp-json\/wp\/v2\/media\/5396"}],"wp:attachment":[{"href":"https:\/\/etab.ac-reunion.fr\/clg-jean-desme\/wp-json\/wp\/v2\/media?parent=5394"}],"wp:term":[{"taxonomy":"category","embeddable":true,"href":"https:\/\/etab.ac-reunion.fr\/clg-jean-desme\/wp-json\/wp\/v2\/categories?post=5394"},{"taxonomy":"post_tag","embeddable":true,"href":"https:\/\/etab.ac-reunion.fr\/clg-jean-desme\/wp-json\/wp\/v2\/tags?post=5394"}],"curies":[{"name":"wp","href":"https:\/\/api.w.org\/{rel}","templated":true}]}}