{"id":5397,"date":"2025-05-21T08:53:41","date_gmt":"2025-05-21T04:53:41","guid":{"rendered":"https:\/\/etab.ac-reunion.fr\/clg-jean-desme\/?p=5397"},"modified":"2025-05-22T07:26:16","modified_gmt":"2025-05-22T03:26:16","slug":"6eme-edition-de-la-semaine-des-arts","status":"publish","type":"post","link":"https:\/\/etab.ac-reunion.fr\/clg-jean-desme\/6eme-edition-de-la-semaine-des-arts\/","title":{"rendered":"6\u00e8me\u00a0\u00e9dition de la\u00a0Semaine des arts"},"content":{"rendered":"\n<p><strong>\u00ab&nbsp;La Belle et la B\u00eate&nbsp;\u00bb \u00ab&nbsp;De la dictature \u00e0 la libert\u00e9&nbsp;\u00bb \u00ab&nbsp;Harry Potter&nbsp;\u00bb \u00ab&nbsp;West Side Story&nbsp;\u00bb et \u00ab&nbsp;Chacun son talent&nbsp;\u00bb, le programme de la&nbsp;6<sup>\u00e8me<\/sup>&nbsp;\u00e9dition de la semaine des arts&nbsp;est une nouvelle fois all\u00e9chant.&nbsp;<\/strong><\/p>\n\n\n\n<p class=\"has-vivid-red-color has-text-color has-link-color wp-elements-e9e93070576cd8427a38a7061072eaa7\"><strong>N\u2019h\u00e9sitez donc pas \u00e0 nous rejoindre&nbsp;lundi 2 juin et mardi 3 juin 2025&nbsp;au r\u00e9fectoire du coll\u00e8ge Jean d\u2019ESME pour f\u00eater avec nous les arts&nbsp;!&nbsp;<\/strong><\/p>\n\n\n\n<p class=\"has-vivid-cyan-blue-color has-text-color has-link-color wp-elements-f3c89e2d05f3a7c85ba1f0f4b50c89f4\">Cette ann\u00e9e encore, avec&nbsp;<strong>7 repr\u00e9sentations<\/strong> ce seront plus de&nbsp;<strong>100 \u00e9l\u00e8ves qui se produiront sur sc\u00e8ne<\/strong>.&nbsp;<\/p>\n\n\n\n<p>En effet, tous les \u00e9l\u00e8ves de 4\u00e8mes ont con\u00e7u et mis en \u0153uvre dans diff\u00e9rentes mati\u00e8res des activit\u00e9s autour du spectacle vivant\u00a0: Th\u00e9\u00e2tre, Danse, Chant, Percussion, Confection de masque \u2026. Chaque classe pr\u00e9sentera sa com\u00e9die musicale\u00a0: lundi 2 juin et mardi 3 juin. Par solidarit\u00e9 pour leurs camarades et respect pour l\u2019ensemble des personnes impliqu\u00e9es dans ce projet, leur pr\u00e9sence est indispensable au bon d\u00e9roulement de cette\u00a0repr\u00e9sentation collective.\u00a0<\/p>\n\n\n\n<p class=\"has-vivid-purple-color has-text-color has-link-color wp-elements-07443e22cbfcc1c511a4e5fcc3afc87a\"><strong>Les familles des \u00e9l\u00e8ves concern\u00e9s sont invit\u00e9es \u00e0 assister \u00e0 certaines repr\u00e9sentations de leur enfant (dans la limite de 3 personnes par repr\u00e9sentation) selon le planning suivant<\/strong>:\u00a0<\/p>\n\n\n\n<p>&#8211;&nbsp;&nbsp;&nbsp;&nbsp;&nbsp;&nbsp;&nbsp;<em>Classe de 401&nbsp;: \u00ab&nbsp;La Belle et la B\u00eate&nbsp;\u00bb mardi 3 juin \u00e0 9h et\/ou \u00e0 11h10<\/em><\/p>\n\n\n\n<p>&#8211;&nbsp;&nbsp;&nbsp;&nbsp;&nbsp;&nbsp;&nbsp;<em>Classe de 403&nbsp;: \u00ab&nbsp;De la dictature \u00e0 la libert\u00e9&nbsp;\u00bb lundi 2 juin \u00e0 9h et\/ou \u00e0 11h10<\/em><em><\/em><\/p>\n\n\n\n<p>&#8211;&nbsp;&nbsp;&nbsp;&nbsp;&nbsp;&nbsp;&nbsp;<em>Classe de 404 \u00ab&nbsp;Harry Potter&nbsp;\u00bb lundi 2 juin \u00e0 14h30 et\/ ou mardi 3 juin \u00e0 11h10<\/em><em><\/em><\/p>\n\n\n\n<p>&#8211;&nbsp;&nbsp;&nbsp;&nbsp;&nbsp;&nbsp;&nbsp;<em>Classe de 405 \u00ab&nbsp;West Side Story&nbsp;\u00bb lundi 2 juin \u00e0 11h10 et\/ ou mardi 3 juin \u00e0 9h<\/em><em><\/em><\/p>\n\n\n\n<p>&#8211;&nbsp;&nbsp;&nbsp;&nbsp;&nbsp;&nbsp;&nbsp;<em>Classe de 406 \u00ab&nbsp;Chacun son talent&nbsp;\u00bb lundi 2 juin \u00e0 9h et\/ ou \u00e0 14h30<\/em><em><\/em><\/p>\n\n\n\n<p>Apporter une pi\u00e8ce d\u2019identit\u00e9 pour entrer dans le coll\u00e8ge. ATTENTION&nbsp;: les films et les photos sont interdits. Par ailleurs, dans l\u2019optique de faciliter le travail des \u00e9l\u00e8ves, nous vous incitons \u00e0 ne pas venir avec de tr\u00e8s jeunes enfants qui au regard de leur jeune \u00e2ge seraient incapables de rester immobiles et silencieux pendant 1 heure.&nbsp;<\/p>\n","protected":false},"excerpt":{"rendered":"<p>\u00ab&nbsp;La Belle et la B\u00eate&nbsp;\u00bb \u00ab&nbsp;De la dictature \u00e0 la libert\u00e9&nbsp;\u00bb \u00ab&nbsp;Harry Potter&nbsp;\u00bb \u00ab&nbsp;West Side Story&nbsp;\u00bb et \u00ab&nbsp;Chacun son talent&nbsp;\u00bb, le programme de la&nbsp;6\u00e8me&nbsp;\u00e9dition de la semaine des arts&nbsp;est une nouvelle fois all\u00e9chant.&nbsp; N\u2019h\u00e9sitez donc pas \u00e0 nous rejoindre&nbsp;lundi 2 juin et mardi 3 juin 2025&nbsp;au r\u00e9fectoire du coll\u00e8ge Jean d\u2019ESME pour f\u00eater avec nous [&hellip;]<\/p>\n","protected":false},"author":30305,"featured_media":5398,"comment_status":"closed","ping_status":"closed","sticky":false,"template":"","format":"standard","meta":{"_et_pb_use_builder":"off","_et_pb_old_content":"","_et_gb_content_width":"","footnotes":""},"categories":[10],"tags":[],"class_list":["post-5397","post","type-post","status-publish","format-standard","has-post-thumbnail","hentry","category-actualites-du-college"],"_links":{"self":[{"href":"https:\/\/etab.ac-reunion.fr\/clg-jean-desme\/wp-json\/wp\/v2\/posts\/5397","targetHints":{"allow":["GET"]}}],"collection":[{"href":"https:\/\/etab.ac-reunion.fr\/clg-jean-desme\/wp-json\/wp\/v2\/posts"}],"about":[{"href":"https:\/\/etab.ac-reunion.fr\/clg-jean-desme\/wp-json\/wp\/v2\/types\/post"}],"author":[{"embeddable":true,"href":"https:\/\/etab.ac-reunion.fr\/clg-jean-desme\/wp-json\/wp\/v2\/users\/30305"}],"replies":[{"embeddable":true,"href":"https:\/\/etab.ac-reunion.fr\/clg-jean-desme\/wp-json\/wp\/v2\/comments?post=5397"}],"version-history":[{"count":2,"href":"https:\/\/etab.ac-reunion.fr\/clg-jean-desme\/wp-json\/wp\/v2\/posts\/5397\/revisions"}],"predecessor-version":[{"id":5401,"href":"https:\/\/etab.ac-reunion.fr\/clg-jean-desme\/wp-json\/wp\/v2\/posts\/5397\/revisions\/5401"}],"wp:featuredmedia":[{"embeddable":true,"href":"https:\/\/etab.ac-reunion.fr\/clg-jean-desme\/wp-json\/wp\/v2\/media\/5398"}],"wp:attachment":[{"href":"https:\/\/etab.ac-reunion.fr\/clg-jean-desme\/wp-json\/wp\/v2\/media?parent=5397"}],"wp:term":[{"taxonomy":"category","embeddable":true,"href":"https:\/\/etab.ac-reunion.fr\/clg-jean-desme\/wp-json\/wp\/v2\/categories?post=5397"},{"taxonomy":"post_tag","embeddable":true,"href":"https:\/\/etab.ac-reunion.fr\/clg-jean-desme\/wp-json\/wp\/v2\/tags?post=5397"}],"curies":[{"name":"wp","href":"https:\/\/api.w.org\/{rel}","templated":true}]}}