{"id":5402,"date":"2025-05-22T14:25:00","date_gmt":"2025-05-22T10:25:00","guid":{"rendered":"https:\/\/etab.ac-reunion.fr\/clg-jean-desme\/?p=5402"},"modified":"2025-05-22T14:25:00","modified_gmt":"2025-05-22T10:25:00","slug":"rappel-activation-de-la-plate-forme-telephonique-a-la-draio-a-compter-du-mercredi-21-mai-2025","status":"publish","type":"post","link":"https:\/\/etab.ac-reunion.fr\/clg-jean-desme\/rappel-activation-de-la-plate-forme-telephonique-a-la-draio-a-compter-du-mercredi-21-mai-2025\/","title":{"rendered":"Rappel : Activation de la plate-forme t\u00e9l\u00e9phonique \u00e0 la DRAIO \u00e0 compter du mercredi 21 mai 2025"},"content":{"rendered":"\n<p>Mesdames et messieurs les parents d&rsquo;\u00e9l\u00e8ves,<\/p>\n\n\n\n<p>Vous trouverez ci-dessous une note relative \u00e0 l&rsquo;activation de la plate-forme t\u00e9l\u00e9phonique de la DRAIO avec le num\u00e9ro associ\u00e9 &#8211;\u00a0<strong>02 62 48 10 80<\/strong>.<\/p>\n\n\n\n<p>Celle-ci permettra de mieux r\u00e9pondre \u00e0 vos questions traitant de l&rsquo;affectation de vos enfants pour tous les niveaux de classes,&nbsp;<strong>except\u00e9es les questions relatives \u00e0 Parcoursup.<\/strong><\/p>\n\n\n\n<p><strong>Cette plate-forme sera op\u00e9rationnelle du mercredi 21 mai au vendredi 11 juillet 2025 inclus et du lundi 11 ao\u00fbt au vendredi 5 septembre 2025 inclus.<\/strong><\/p>\n\n\n\n<div class=\"wp-block-file\"><a id=\"wp-block-file--media-4e472f47-d0d9-472b-bfaa-31343415dc46\" href=\"https:\/\/etab.ac-reunion.fr\/clg-jean-desme\/wp-content\/uploads\/sites\/46\/2025\/05\/Activation-de-la-plateforme-telephonique-a-la-DRAIO-1.pdf\">Activation de la plateforme t\u00e9l\u00e9phonique \u00e0 la DRAIO-1<\/a><a href=\"https:\/\/etab.ac-reunion.fr\/clg-jean-desme\/wp-content\/uploads\/sites\/46\/2025\/05\/Activation-de-la-plateforme-telephonique-a-la-DRAIO-1.pdf\" class=\"wp-block-file__button wp-element-button\" download aria-describedby=\"wp-block-file--media-4e472f47-d0d9-472b-bfaa-31343415dc46\">T\u00e9l\u00e9charger<\/a><\/div>\n","protected":false},"excerpt":{"rendered":"<p>Mesdames et messieurs les parents d&rsquo;\u00e9l\u00e8ves, Vous trouverez ci-dessous une note relative \u00e0 l&rsquo;activation de la plate-forme t\u00e9l\u00e9phonique de la DRAIO avec le num\u00e9ro associ\u00e9 &#8211;\u00a002 62 48 10 80. Celle-ci permettra de mieux r\u00e9pondre \u00e0 vos questions traitant de l&rsquo;affectation de vos enfants pour tous les niveaux de classes,&nbsp;except\u00e9es les questions relatives \u00e0 Parcoursup. [&hellip;]<\/p>\n","protected":false},"author":30305,"featured_media":5392,"comment_status":"closed","ping_status":"closed","sticky":false,"template":"","format":"standard","meta":{"_et_pb_use_builder":"off","_et_pb_old_content":"","_et_gb_content_width":"","footnotes":""},"categories":[10],"tags":[],"class_list":["post-5402","post","type-post","status-publish","format-standard","has-post-thumbnail","hentry","category-actualites-du-college"],"_links":{"self":[{"href":"https:\/\/etab.ac-reunion.fr\/clg-jean-desme\/wp-json\/wp\/v2\/posts\/5402","targetHints":{"allow":["GET"]}}],"collection":[{"href":"https:\/\/etab.ac-reunion.fr\/clg-jean-desme\/wp-json\/wp\/v2\/posts"}],"about":[{"href":"https:\/\/etab.ac-reunion.fr\/clg-jean-desme\/wp-json\/wp\/v2\/types\/post"}],"author":[{"embeddable":true,"href":"https:\/\/etab.ac-reunion.fr\/clg-jean-desme\/wp-json\/wp\/v2\/users\/30305"}],"replies":[{"embeddable":true,"href":"https:\/\/etab.ac-reunion.fr\/clg-jean-desme\/wp-json\/wp\/v2\/comments?post=5402"}],"version-history":[{"count":1,"href":"https:\/\/etab.ac-reunion.fr\/clg-jean-desme\/wp-json\/wp\/v2\/posts\/5402\/revisions"}],"predecessor-version":[{"id":5404,"href":"https:\/\/etab.ac-reunion.fr\/clg-jean-desme\/wp-json\/wp\/v2\/posts\/5402\/revisions\/5404"}],"wp:featuredmedia":[{"embeddable":true,"href":"https:\/\/etab.ac-reunion.fr\/clg-jean-desme\/wp-json\/wp\/v2\/media\/5392"}],"wp:attachment":[{"href":"https:\/\/etab.ac-reunion.fr\/clg-jean-desme\/wp-json\/wp\/v2\/media?parent=5402"}],"wp:term":[{"taxonomy":"category","embeddable":true,"href":"https:\/\/etab.ac-reunion.fr\/clg-jean-desme\/wp-json\/wp\/v2\/categories?post=5402"},{"taxonomy":"post_tag","embeddable":true,"href":"https:\/\/etab.ac-reunion.fr\/clg-jean-desme\/wp-json\/wp\/v2\/tags?post=5402"}],"curies":[{"name":"wp","href":"https:\/\/api.w.org\/{rel}","templated":true}]}}