{"id":5405,"date":"2025-06-05T16:24:33","date_gmt":"2025-06-05T12:24:33","guid":{"rendered":"https:\/\/etab.ac-reunion.fr\/clg-jean-desme\/?p=5405"},"modified":"2025-06-05T16:36:07","modified_gmt":"2025-06-05T12:36:07","slug":"interdiction-des-puffs","status":"publish","type":"post","link":"https:\/\/etab.ac-reunion.fr\/clg-jean-desme\/interdiction-des-puffs\/","title":{"rendered":"Interdiction des Puffs"},"content":{"rendered":"\n<p>Nous vous prions de trouver ci-dessous un courrier de M. le Pr\u00e9fet \u00e0 l&rsquo;attention des associations familiales et parents d&rsquo;\u00e9l\u00e8ves relatif \u00e0 l&rsquo;interdiction des \u00ab\u00a0<em>Puffs<\/em>\u00ab\u00a0.<\/p>\n\n\n\n<figure class=\"wp-block-image size-large\"><img loading=\"lazy\" decoding=\"async\" width=\"725\" height=\"1024\" src=\"https:\/\/etab.ac-reunion.fr\/clg-jean-desme\/wp-content\/uploads\/sites\/46\/2025\/06\/Macaron-interdiction-vapotage-mineur_page-0001-1-725x1024.jpg\" alt=\"\" class=\"wp-image-5409\" \/><\/figure>\n\n\n\n<div class=\"wp-block-file\"><a id=\"wp-block-file--media-f27bc4c1-2da5-4fe0-9141-6009669bb44e\" href=\"https:\/\/etab.ac-reunion.fr\/clg-jean-desme\/wp-content\/uploads\/sites\/46\/2025\/06\/Courrier-du-Prefet-aux-associations-familiales-et-parents-deleves-interdiction-des-Puffs.pdf\">Courrier du Pr\u00e9fet aux associations familiales et parents d&rsquo;\u00e9l\u00e8ves &#8211; interdiction des Puffs<\/a><a href=\"https:\/\/etab.ac-reunion.fr\/clg-jean-desme\/wp-content\/uploads\/sites\/46\/2025\/06\/Courrier-du-Prefet-aux-associations-familiales-et-parents-deleves-interdiction-des-Puffs.pdf\" class=\"wp-block-file__button wp-element-button\" download aria-describedby=\"wp-block-file--media-f27bc4c1-2da5-4fe0-9141-6009669bb44e\">T\u00e9l\u00e9charger<\/a><\/div>\n","protected":false},"excerpt":{"rendered":"<p>Nous vous prions de trouver ci-dessous un courrier de M. le Pr\u00e9fet \u00e0 l&rsquo;attention des associations familiales et parents d&rsquo;\u00e9l\u00e8ves relatif \u00e0 l&rsquo;interdiction des \u00ab\u00a0Puffs\u00ab\u00a0.<\/p>\n","protected":false},"author":30305,"featured_media":5411,"comment_status":"closed","ping_status":"closed","sticky":false,"template":"","format":"standard","meta":{"_et_pb_use_builder":"off","_et_pb_old_content":"","_et_gb_content_width":"","footnotes":""},"categories":[10],"tags":[],"class_list":["post-5405","post","type-post","status-publish","format-standard","has-post-thumbnail","hentry","category-actualites-du-college"],"_links":{"self":[{"href":"https:\/\/etab.ac-reunion.fr\/clg-jean-desme\/wp-json\/wp\/v2\/posts\/5405","targetHints":{"allow":["GET"]}}],"collection":[{"href":"https:\/\/etab.ac-reunion.fr\/clg-jean-desme\/wp-json\/wp\/v2\/posts"}],"about":[{"href":"https:\/\/etab.ac-reunion.fr\/clg-jean-desme\/wp-json\/wp\/v2\/types\/post"}],"author":[{"embeddable":true,"href":"https:\/\/etab.ac-reunion.fr\/clg-jean-desme\/wp-json\/wp\/v2\/users\/30305"}],"replies":[{"embeddable":true,"href":"https:\/\/etab.ac-reunion.fr\/clg-jean-desme\/wp-json\/wp\/v2\/comments?post=5405"}],"version-history":[{"count":2,"href":"https:\/\/etab.ac-reunion.fr\/clg-jean-desme\/wp-json\/wp\/v2\/posts\/5405\/revisions"}],"predecessor-version":[{"id":5412,"href":"https:\/\/etab.ac-reunion.fr\/clg-jean-desme\/wp-json\/wp\/v2\/posts\/5405\/revisions\/5412"}],"wp:featuredmedia":[{"embeddable":true,"href":"https:\/\/etab.ac-reunion.fr\/clg-jean-desme\/wp-json\/wp\/v2\/media\/5411"}],"wp:attachment":[{"href":"https:\/\/etab.ac-reunion.fr\/clg-jean-desme\/wp-json\/wp\/v2\/media?parent=5405"}],"wp:term":[{"taxonomy":"category","embeddable":true,"href":"https:\/\/etab.ac-reunion.fr\/clg-jean-desme\/wp-json\/wp\/v2\/categories?post=5405"},{"taxonomy":"post_tag","embeddable":true,"href":"https:\/\/etab.ac-reunion.fr\/clg-jean-desme\/wp-json\/wp\/v2\/tags?post=5405"}],"curies":[{"name":"wp","href":"https:\/\/api.w.org\/{rel}","templated":true}]}}