{"id":5413,"date":"2025-06-06T07:19:55","date_gmt":"2025-06-06T03:19:55","guid":{"rendered":"https:\/\/etab.ac-reunion.fr\/clg-jean-desme\/?p=5413"},"modified":"2025-06-06T07:20:30","modified_gmt":"2025-06-06T03:20:30","slug":"tournoi-dechec-des-colleges","status":"publish","type":"post","link":"https:\/\/etab.ac-reunion.fr\/clg-jean-desme\/tournoi-dechec-des-colleges\/","title":{"rendered":"Tournoi d&rsquo;echec des coll\u00e8ges"},"content":{"rendered":"\n<p class=\"has-vivid-cyan-blue-color has-text-color has-link-color wp-elements-cbdd8bfc86eb0c191469dd4df0354bb1\">Le mercredi 29 janvier a eu lieu le tournoi d&rsquo;\u00e9checs des coll\u00e8ges au vent (zone nord-est), anciennement Tournoi de la CINOR. 117 participants venant de 8 coll\u00e8ges \u00e9taient pr\u00e9sents. Pour le coll\u00e8ge Jean D&rsquo;Esme, 18 \u00e9l\u00e8ves de la 6e \u00e0 la 3e ont donn\u00e9 le meilleur d&rsquo;eux-m\u00eame au cours des sept rondes. Pour plusieurs, c&rsquo;\u00e9tait le bapt\u00eame du feu en tournoi. Malgr\u00e9 ce manque d&rsquo;exp\u00e9rience, les r\u00e9sultats ont \u00e9t\u00e9 plus que satisfaisants!!<br>Au classement final, les r\u00e9sultats des 8 meilleurs \u00e9l\u00e8ves du coll\u00e8ge ont permis \u00e0 Jean D&rsquo;Esme de d\u00e9crocher une tr\u00e8s belle 3e place, comme en 2024!! Un grand bravo \u00e0 eux pour leurs performances et leur bel \u00e9tat d&rsquo;esprit.<br>Le cap est maintenant mis sur la finale acad\u00e9mique, o\u00f9 les \u00e9l\u00e8ves tenteront de r\u00e9it\u00e9rer la 3e place \u00e9galement de 2024, et pourquoi pas mieux! \ud83d\ude09<br>M. FONTAINE<\/p>\n\n\n\n<p class=\"has-luminous-vivid-amber-color has-text-color has-link-color wp-elements-c4fa07d9a3ddee87f1c7845aa8a72f04\">\u00ab\u00a0J&rsquo;ai fait le tournoi au coll\u00e8ge Deux Canons. On a pris le bus pour y aller, et en arrivant, on s&rsquo;est pr\u00e9par\u00e9, puis on a commenc\u00e9 \u00e0 jouer. C&rsquo;\u00e9tait bien, il y avait une bonne ambiance. On s&rsquo;est bien amus\u00e9. Quand on perd, on est un peu d\u00e9\u00e7u, mais il faut s&rsquo;y habituer. Et quand on gagne, on est content, \u00e7a fait toujours plaisir. Mais l&rsquo;important s&rsquo;est de s&rsquo;amuser.<br>Pour les r\u00e9sultats, on s&rsquo;est bien d\u00e9brouill\u00e9 en terminant \u00e0 la 3e place, et on rapporte la coupe de bronze. <\/p>\n\n\n\n<p class=\"has-luminous-vivid-amber-color has-text-color has-link-color wp-elements-85092634271e22871f9c6b0e8cc07f32\">On \u00e9tait fiers d&rsquo;\u00eatre le 3e coll\u00e8ge sur 8! J&rsquo;ai bien aim\u00e9 cette sortie et j&rsquo;ai h\u00e2te de faire les prochains tournois.\u00a0\u00bb<br>LAHCEN Myl\u00e9na 404<\/p>\n\n\n\n<figure class=\"wp-block-gallery has-nested-images columns-default is-cropped wp-block-gallery-1 is-layout-flex wp-block-gallery-is-layout-flex\">\n<figure class=\"wp-block-image size-large\"><img loading=\"lazy\" decoding=\"async\" width=\"640\" height=\"360\" data-id=\"5418\" src=\"https:\/\/etab.ac-reunion.fr\/clg-jean-desme\/wp-content\/uploads\/sites\/46\/2025\/06\/TOURNOI-COLL-AU-VENT-2025-6.jpeg\" alt=\"\" class=\"wp-image-5418\" srcset=\"https:\/\/etab.ac-reunion.fr\/clg-jean-desme\/wp-content\/uploads\/sites\/46\/2025\/06\/TOURNOI-COLL-AU-VENT-2025-6.jpeg 640w, https:\/\/etab.ac-reunion.fr\/clg-jean-desme\/wp-content\/uploads\/sites\/46\/2025\/06\/TOURNOI-COLL-AU-VENT-2025-6-480x270.jpeg 480w\" sizes=\"(min-width: 0px) and (max-width: 480px) 480px, (min-width: 481px) 640px, 100vw\" \/><\/figure>\n\n\n\n<figure class=\"wp-block-image size-large\"><img loading=\"lazy\" decoding=\"async\" width=\"640\" height=\"360\" data-id=\"5415\" src=\"https:\/\/etab.ac-reunion.fr\/clg-jean-desme\/wp-content\/uploads\/sites\/46\/2025\/06\/TOURNOI-COLL-AU-VENT-2025-7.jpeg\" alt=\"\" class=\"wp-image-5415\" srcset=\"https:\/\/etab.ac-reunion.fr\/clg-jean-desme\/wp-content\/uploads\/sites\/46\/2025\/06\/TOURNOI-COLL-AU-VENT-2025-7.jpeg 640w, https:\/\/etab.ac-reunion.fr\/clg-jean-desme\/wp-content\/uploads\/sites\/46\/2025\/06\/TOURNOI-COLL-AU-VENT-2025-7-480x270.jpeg 480w\" sizes=\"(min-width: 0px) and (max-width: 480px) 480px, (min-width: 481px) 640px, 100vw\" \/><\/figure>\n\n\n\n<figure class=\"wp-block-image size-large\"><img loading=\"lazy\" decoding=\"async\" width=\"640\" height=\"360\" data-id=\"5416\" src=\"https:\/\/etab.ac-reunion.fr\/clg-jean-desme\/wp-content\/uploads\/sites\/46\/2025\/06\/TOURNOI-COLL-AU-VENT-2025-8.jpeg\" alt=\"\" class=\"wp-image-5416\" srcset=\"https:\/\/etab.ac-reunion.fr\/clg-jean-desme\/wp-content\/uploads\/sites\/46\/2025\/06\/TOURNOI-COLL-AU-VENT-2025-8.jpeg 640w, https:\/\/etab.ac-reunion.fr\/clg-jean-desme\/wp-content\/uploads\/sites\/46\/2025\/06\/TOURNOI-COLL-AU-VENT-2025-8-480x270.jpeg 480w\" sizes=\"(min-width: 0px) and (max-width: 480px) 480px, (min-width: 481px) 640px, 100vw\" \/><\/figure>\n\n\n\n<figure class=\"wp-block-image size-large\"><img loading=\"lazy\" decoding=\"async\" width=\"640\" height=\"360\" data-id=\"5417\" src=\"https:\/\/etab.ac-reunion.fr\/clg-jean-desme\/wp-content\/uploads\/sites\/46\/2025\/06\/TOURNOI-COLL-AU-VENT-2025-1.jpeg\" alt=\"\" class=\"wp-image-5417\" srcset=\"https:\/\/etab.ac-reunion.fr\/clg-jean-desme\/wp-content\/uploads\/sites\/46\/2025\/06\/TOURNOI-COLL-AU-VENT-2025-1.jpeg 640w, https:\/\/etab.ac-reunion.fr\/clg-jean-desme\/wp-content\/uploads\/sites\/46\/2025\/06\/TOURNOI-COLL-AU-VENT-2025-1-480x270.jpeg 480w\" sizes=\"(min-width: 0px) and (max-width: 480px) 480px, (min-width: 481px) 640px, 100vw\" \/><\/figure>\n\n\n\n<figure class=\"wp-block-image size-large\"><img loading=\"lazy\" decoding=\"async\" width=\"640\" height=\"360\" data-id=\"5419\" src=\"https:\/\/etab.ac-reunion.fr\/clg-jean-desme\/wp-content\/uploads\/sites\/46\/2025\/06\/TOURNOI-COLL-AU-VENT-2025-2.jpeg\" alt=\"\" class=\"wp-image-5419\" srcset=\"https:\/\/etab.ac-reunion.fr\/clg-jean-desme\/wp-content\/uploads\/sites\/46\/2025\/06\/TOURNOI-COLL-AU-VENT-2025-2.jpeg 640w, https:\/\/etab.ac-reunion.fr\/clg-jean-desme\/wp-content\/uploads\/sites\/46\/2025\/06\/TOURNOI-COLL-AU-VENT-2025-2-480x270.jpeg 480w\" sizes=\"(min-width: 0px) and (max-width: 480px) 480px, (min-width: 481px) 640px, 100vw\" \/><\/figure>\n\n\n\n<figure class=\"wp-block-image size-large\"><img loading=\"lazy\" decoding=\"async\" width=\"640\" height=\"360\" data-id=\"5421\" src=\"https:\/\/etab.ac-reunion.fr\/clg-jean-desme\/wp-content\/uploads\/sites\/46\/2025\/06\/TOURNOI-COLL-AU-VENT-2025-4.jpeg\" alt=\"\" class=\"wp-image-5421\" srcset=\"https:\/\/etab.ac-reunion.fr\/clg-jean-desme\/wp-content\/uploads\/sites\/46\/2025\/06\/TOURNOI-COLL-AU-VENT-2025-4.jpeg 640w, https:\/\/etab.ac-reunion.fr\/clg-jean-desme\/wp-content\/uploads\/sites\/46\/2025\/06\/TOURNOI-COLL-AU-VENT-2025-4-480x270.jpeg 480w\" sizes=\"(min-width: 0px) and (max-width: 480px) 480px, (min-width: 481px) 640px, 100vw\" \/><\/figure>\n\n\n\n<figure class=\"wp-block-image size-large\"><img loading=\"lazy\" decoding=\"async\" width=\"640\" height=\"360\" data-id=\"5422\" src=\"https:\/\/etab.ac-reunion.fr\/clg-jean-desme\/wp-content\/uploads\/sites\/46\/2025\/06\/TOURNOI-COLL-AU-VENT-2025-5.jpeg\" alt=\"\" class=\"wp-image-5422\" srcset=\"https:\/\/etab.ac-reunion.fr\/clg-jean-desme\/wp-content\/uploads\/sites\/46\/2025\/06\/TOURNOI-COLL-AU-VENT-2025-5.jpeg 640w, https:\/\/etab.ac-reunion.fr\/clg-jean-desme\/wp-content\/uploads\/sites\/46\/2025\/06\/TOURNOI-COLL-AU-VENT-2025-5-480x270.jpeg 480w\" sizes=\"(min-width: 0px) and (max-width: 480px) 480px, (min-width: 481px) 640px, 100vw\" \/><\/figure>\n<\/figure>\n","protected":false},"excerpt":{"rendered":"<p>Le mercredi 29 janvier a eu lieu le tournoi d&rsquo;\u00e9checs des coll\u00e8ges au vent (zone nord-est), anciennement Tournoi de la CINOR. 117 participants venant de 8 coll\u00e8ges \u00e9taient pr\u00e9sents. Pour le coll\u00e8ge Jean D&rsquo;Esme, 18 \u00e9l\u00e8ves de la 6e \u00e0 la 3e ont donn\u00e9 le meilleur d&rsquo;eux-m\u00eame au cours des sept rondes. Pour plusieurs, c&rsquo;\u00e9tait [&hellip;]<\/p>\n","protected":false},"author":30305,"featured_media":5420,"comment_status":"closed","ping_status":"closed","sticky":false,"template":"","format":"standard","meta":{"_et_pb_use_builder":"off","_et_pb_old_content":"","_et_gb_content_width":"","footnotes":""},"categories":[10,53],"tags":[],"class_list":["post-5413","post","type-post","status-publish","format-standard","has-post-thumbnail","hentry","category-actualites-du-college","category-projets-et-evenements"],"_links":{"self":[{"href":"https:\/\/etab.ac-reunion.fr\/clg-jean-desme\/wp-json\/wp\/v2\/posts\/5413","targetHints":{"allow":["GET"]}}],"collection":[{"href":"https:\/\/etab.ac-reunion.fr\/clg-jean-desme\/wp-json\/wp\/v2\/posts"}],"about":[{"href":"https:\/\/etab.ac-reunion.fr\/clg-jean-desme\/wp-json\/wp\/v2\/types\/post"}],"author":[{"embeddable":true,"href":"https:\/\/etab.ac-reunion.fr\/clg-jean-desme\/wp-json\/wp\/v2\/users\/30305"}],"replies":[{"embeddable":true,"href":"https:\/\/etab.ac-reunion.fr\/clg-jean-desme\/wp-json\/wp\/v2\/comments?post=5413"}],"version-history":[{"count":1,"href":"https:\/\/etab.ac-reunion.fr\/clg-jean-desme\/wp-json\/wp\/v2\/posts\/5413\/revisions"}],"predecessor-version":[{"id":5423,"href":"https:\/\/etab.ac-reunion.fr\/clg-jean-desme\/wp-json\/wp\/v2\/posts\/5413\/revisions\/5423"}],"wp:featuredmedia":[{"embeddable":true,"href":"https:\/\/etab.ac-reunion.fr\/clg-jean-desme\/wp-json\/wp\/v2\/media\/5420"}],"wp:attachment":[{"href":"https:\/\/etab.ac-reunion.fr\/clg-jean-desme\/wp-json\/wp\/v2\/media?parent=5413"}],"wp:term":[{"taxonomy":"category","embeddable":true,"href":"https:\/\/etab.ac-reunion.fr\/clg-jean-desme\/wp-json\/wp\/v2\/categories?post=5413"},{"taxonomy":"post_tag","embeddable":true,"href":"https:\/\/etab.ac-reunion.fr\/clg-jean-desme\/wp-json\/wp\/v2\/tags?post=5413"}],"curies":[{"name":"wp","href":"https:\/\/api.w.org\/{rel}","templated":true}]}}