{"id":5424,"date":"2025-06-06T08:03:41","date_gmt":"2025-06-06T04:03:41","guid":{"rendered":"https:\/\/etab.ac-reunion.fr\/clg-jean-desme\/?p=5424"},"modified":"2025-06-06T08:03:51","modified_gmt":"2025-06-06T04:03:51","slug":"un-aquarium-dans-la-salle-de-science-au-college-jean-desme","status":"publish","type":"post","link":"https:\/\/etab.ac-reunion.fr\/clg-jean-desme\/un-aquarium-dans-la-salle-de-science-au-college-jean-desme\/","title":{"rendered":"Un aquarium dans la salle de science au coll\u00e8ge Jean d\u2019Esme\u00a0"},"content":{"rendered":"\n<p>Cette ann\u00e9e pour poursuivre les apprentissages en \u00e9ducation \u00e0 l\u2019environnement, les \u00e9l\u00e8ves int\u00e9ress\u00e9s et motiv\u00e9s par le projet propos\u00e9 par MME PONAMA, professeur de SVT, ont install\u00e9 un aquarium dans la salle de science, en salle C2.<\/p>\n\n\n\n<p>Ainsi, \u00ab&nbsp;le club aquariophilie&nbsp;\u00bb a \u00e9t\u00e9&nbsp; cr\u00e9er et cette atelier s\u2019est d\u00e9roul\u00e9 pendant la pause m\u00e9ridienne de septembre \u00e0 avril. Les \u00e9l\u00e8ves ont eu la chance de mettre en pratique et de d\u00e9velopper diverses comp\u00e9tences dans le domaine, que ce soit en math\u00e9matiques, en fran\u00e7ais ou en sciences. Ils ont alors appris \u00e0 demander un devis, faire des recherches pour cr\u00e9er leur aquarium, installer l\u2019aquarium, communiquer les r\u00e9sultats de recherches dans un album et r\u00e9aliser un panneau mural pour leur exposition orale \u00e0 destination des \u00e9l\u00e8ves du coll\u00e8ge<\/p>\n\n\n\n<p>Ainsi, le mardi 15 avril 2025, les \u00e9l\u00e8ves du \u00ab&nbsp;club aquariophilie&nbsp;\u00bb ont eu l\u2019occasion de pr\u00e9senter leurs projets \u00e0 tous les \u00e9l\u00e8ves&nbsp; du coll\u00e8ge. Ils vous expliquent le d\u00e9rouler de cet \u00e9v\u00e8nement et leur retour sur cette exp\u00e9rience.<\/p>\n\n\n\n<p class=\"has-light-green-cyan-color has-text-color has-link-color wp-elements-e56daeb7f9836b10c0c71d4f1e20904e\">\u00ab&nbsp;Nous nous sommes tous r\u00e9unis en salle C2, l\u00e0 o\u00f9 l\u2019aquarium a \u00e9t\u00e9 mis en place. Le moment tant attendu par tant \u00e9l\u00e8ves est enfin arriv\u00e9, puisque nous avions camoufl\u00e9 notre installation tout au long du projet. Nous avons pr\u00e9sent\u00e9 notre aquarium de la classe, en utilisant l\u2019album que nous avons cr\u00e9\u00e9 qui racontait toute l\u2019histoire de son installation. Nous avons pu aussi jouer et nous amuser avec des jeux de carte que nous avons r\u00e9alis\u00e9 afin de faire reconnaitre quelques \u00eatres vivants de l\u2019aquarium aux participants\u00bb. Les \u00e9l\u00e8ves de 6\u00e8me<\/p>\n\n\n\n<p class=\"has-vivid-red-color has-text-color has-link-color wp-elements-7bb9bea38e92a45c6496b082ceba5b5d\">\u00ab&nbsp;Nous avons appr\u00e9ci\u00e9 la pr\u00e9sence nombreuse de nos camarades, de la principale adjointe, des CPE et de l\u2019assistante sociale pour la curiosit\u00e9 et l\u2019int\u00e9r\u00eat qu\u2019ils ont manifest\u00e9 par leur pr\u00e9sence et leur questionnement lors de notre pr\u00e9sentation&nbsp;\u00bb. Samuel et Maxence 306.<\/p>\n\n\n\n<p class=\"has-luminous-vivid-amber-color has-text-color has-link-color wp-elements-b0b125023626276764b7ad5540331ac4\">\u00ab&nbsp;Nous avons aim\u00e9 la gentillesse des \u00e9l\u00e8ves, voir que tout cela les int\u00e9ressait beaucoup et qu\u2019ils \u00e9taient s\u00e9rieux et impliqu\u00e9s. Nous remercions les professeurs qui nous ont aid\u00e9s dans la r\u00e9alisation de ce projet. Nous avons aim\u00e9 partager notre travail avec eux.&nbsp;\u00bb Eva, Arthur 405<\/p>\n\n\n\n<p>MME PONAMA et les \u00e9l\u00e8ves du club aquariophilie.<\/p>\n\n\n\n<figure class=\"wp-block-gallery has-nested-images columns-default is-cropped wp-block-gallery-1 is-layout-flex wp-block-gallery-is-layout-flex\">\n<figure class=\"wp-block-image size-large\"><img loading=\"lazy\" decoding=\"async\" width=\"461\" height=\"605\" data-id=\"5426\" src=\"https:\/\/etab.ac-reunion.fr\/clg-jean-desme\/wp-content\/uploads\/sites\/46\/2025\/06\/2.jpg\" alt=\"\" class=\"wp-image-5426\" srcset=\"https:\/\/etab.ac-reunion.fr\/clg-jean-desme\/wp-content\/uploads\/sites\/46\/2025\/06\/2.jpg 461w, https:\/\/etab.ac-reunion.fr\/clg-jean-desme\/wp-content\/uploads\/sites\/46\/2025\/06\/2-229x300.jpg 229w\" sizes=\"(max-width: 461px) 100vw, 461px\" \/><\/figure>\n\n\n\n<figure class=\"wp-block-image size-large\"><img loading=\"lazy\" decoding=\"async\" width=\"814\" height=\"516\" data-id=\"5427\" src=\"https:\/\/etab.ac-reunion.fr\/clg-jean-desme\/wp-content\/uploads\/sites\/46\/2025\/06\/3.jpg\" alt=\"\" class=\"wp-image-5427\" srcset=\"https:\/\/etab.ac-reunion.fr\/clg-jean-desme\/wp-content\/uploads\/sites\/46\/2025\/06\/3.jpg 814w, https:\/\/etab.ac-reunion.fr\/clg-jean-desme\/wp-content\/uploads\/sites\/46\/2025\/06\/3-480x304.jpg 480w\" sizes=\"(min-width: 0px) and (max-width: 480px) 480px, (min-width: 481px) 814px, 100vw\" \/><\/figure>\n\n\n\n<figure class=\"wp-block-image size-large\"><img loading=\"lazy\" decoding=\"async\" width=\"820\" height=\"601\" data-id=\"5428\" src=\"https:\/\/etab.ac-reunion.fr\/clg-jean-desme\/wp-content\/uploads\/sites\/46\/2025\/06\/4.jpg\" alt=\"\" class=\"wp-image-5428\" srcset=\"https:\/\/etab.ac-reunion.fr\/clg-jean-desme\/wp-content\/uploads\/sites\/46\/2025\/06\/4.jpg 820w, https:\/\/etab.ac-reunion.fr\/clg-jean-desme\/wp-content\/uploads\/sites\/46\/2025\/06\/4-480x352.jpg 480w\" sizes=\"(min-width: 0px) and (max-width: 480px) 480px, (min-width: 481px) 820px, 100vw\" \/><\/figure>\n\n\n\n<figure class=\"wp-block-image size-large\"><img loading=\"lazy\" decoding=\"async\" width=\"812\" height=\"601\" data-id=\"5430\" src=\"https:\/\/etab.ac-reunion.fr\/clg-jean-desme\/wp-content\/uploads\/sites\/46\/2025\/06\/5.jpg\" alt=\"\" class=\"wp-image-5430\" srcset=\"https:\/\/etab.ac-reunion.fr\/clg-jean-desme\/wp-content\/uploads\/sites\/46\/2025\/06\/5.jpg 812w, https:\/\/etab.ac-reunion.fr\/clg-jean-desme\/wp-content\/uploads\/sites\/46\/2025\/06\/5-480x355.jpg 480w\" sizes=\"(min-width: 0px) and (max-width: 480px) 480px, (min-width: 481px) 812px, 100vw\" \/><\/figure>\n\n\n\n<figure class=\"wp-block-image size-large\"><img loading=\"lazy\" decoding=\"async\" width=\"827\" height=\"614\" data-id=\"5429\" src=\"https:\/\/etab.ac-reunion.fr\/clg-jean-desme\/wp-content\/uploads\/sites\/46\/2025\/06\/6.jpg\" alt=\"\" class=\"wp-image-5429\" srcset=\"https:\/\/etab.ac-reunion.fr\/clg-jean-desme\/wp-content\/uploads\/sites\/46\/2025\/06\/6.jpg 827w, https:\/\/etab.ac-reunion.fr\/clg-jean-desme\/wp-content\/uploads\/sites\/46\/2025\/06\/6-480x356.jpg 480w\" sizes=\"(min-width: 0px) and (max-width: 480px) 480px, (min-width: 481px) 827px, 100vw\" \/><\/figure>\n<\/figure>\n","protected":false},"excerpt":{"rendered":"<p>Cette ann\u00e9e pour poursuivre les apprentissages en \u00e9ducation \u00e0 l\u2019environnement, les \u00e9l\u00e8ves int\u00e9ress\u00e9s et motiv\u00e9s par le projet propos\u00e9 par MME PONAMA, professeur de SVT, ont install\u00e9 un aquarium dans la salle de science, en salle C2. Ainsi, \u00ab&nbsp;le club aquariophilie&nbsp;\u00bb a \u00e9t\u00e9&nbsp; cr\u00e9er et cette atelier s\u2019est d\u00e9roul\u00e9 pendant la pause m\u00e9ridienne de septembre [&hellip;]<\/p>\n","protected":false},"author":30305,"featured_media":5431,"comment_status":"closed","ping_status":"closed","sticky":false,"template":"","format":"standard","meta":{"_et_pb_use_builder":"off","_et_pb_old_content":"","_et_gb_content_width":"","footnotes":""},"categories":[10,53],"tags":[],"class_list":["post-5424","post","type-post","status-publish","format-standard","has-post-thumbnail","hentry","category-actualites-du-college","category-projets-et-evenements"],"_links":{"self":[{"href":"https:\/\/etab.ac-reunion.fr\/clg-jean-desme\/wp-json\/wp\/v2\/posts\/5424","targetHints":{"allow":["GET"]}}],"collection":[{"href":"https:\/\/etab.ac-reunion.fr\/clg-jean-desme\/wp-json\/wp\/v2\/posts"}],"about":[{"href":"https:\/\/etab.ac-reunion.fr\/clg-jean-desme\/wp-json\/wp\/v2\/types\/post"}],"author":[{"embeddable":true,"href":"https:\/\/etab.ac-reunion.fr\/clg-jean-desme\/wp-json\/wp\/v2\/users\/30305"}],"replies":[{"embeddable":true,"href":"https:\/\/etab.ac-reunion.fr\/clg-jean-desme\/wp-json\/wp\/v2\/comments?post=5424"}],"version-history":[{"count":1,"href":"https:\/\/etab.ac-reunion.fr\/clg-jean-desme\/wp-json\/wp\/v2\/posts\/5424\/revisions"}],"predecessor-version":[{"id":5432,"href":"https:\/\/etab.ac-reunion.fr\/clg-jean-desme\/wp-json\/wp\/v2\/posts\/5424\/revisions\/5432"}],"wp:featuredmedia":[{"embeddable":true,"href":"https:\/\/etab.ac-reunion.fr\/clg-jean-desme\/wp-json\/wp\/v2\/media\/5431"}],"wp:attachment":[{"href":"https:\/\/etab.ac-reunion.fr\/clg-jean-desme\/wp-json\/wp\/v2\/media?parent=5424"}],"wp:term":[{"taxonomy":"category","embeddable":true,"href":"https:\/\/etab.ac-reunion.fr\/clg-jean-desme\/wp-json\/wp\/v2\/categories?post=5424"},{"taxonomy":"post_tag","embeddable":true,"href":"https:\/\/etab.ac-reunion.fr\/clg-jean-desme\/wp-json\/wp\/v2\/tags?post=5424"}],"curies":[{"name":"wp","href":"https:\/\/api.w.org\/{rel}","templated":true}]}}