{"id":5452,"date":"2025-08-26T08:33:38","date_gmt":"2025-08-26T04:33:38","guid":{"rendered":"https:\/\/etab.ac-reunion.fr\/clg-jean-desme\/?p=5452"},"modified":"2025-08-26T08:33:39","modified_gmt":"2025-08-26T04:33:39","slug":"campagne-de-bourse-annee-scolaire-2025-2026-supports-daccompagnement","status":"publish","type":"post","link":"https:\/\/etab.ac-reunion.fr\/clg-jean-desme\/campagne-de-bourse-annee-scolaire-2025-2026-supports-daccompagnement\/","title":{"rendered":"Campagne de bourse \u2013 Ann\u00e9e scolaire 2025-2026 : supports d\u2019accompagnement"},"content":{"rendered":"\n<p>Chers parents,<\/p>\n\n\n\n<p>Pour l\u2019ann\u00e9e scolaire 2025-2026, la campagne de bourse nationale d\u2019\u00e9tudes du second degr\u00e9 est ouverte <strong>du 1er septembre 2025 au 16 octobre 2025 inclus<\/strong>.<\/p>\n\n\n\n<p>Durant cette p\u00e9riode, la demande de bourse s\u2019effectuera via <strong>le service en ligne de demande de bourse<\/strong> ou via <strong>le formulaire Cerfa<\/strong> (t\u00e9l\u00e9chargeable en ligne sur le site du minist\u00e8re <strong><a href=\"https:\/\/www.education.gouv.fr\/les-bourses-de-college-et-de-lycee-326728#demande_rentree\">https:\/\/www.education.gouv.fr\/les-bourses-de-college-et-de-lycee-326728<\/a><\/strong>&nbsp;ou \u00e0 retirer et d\u00e9poser aupr\u00e8s du secr\u00e9tariat de l\u2019\u00e9tablissement).<\/p>\n\n\n\n<p><br>Pour rappel, <strong>cette d\u00e9marche concerne uniquement les responsables d\u2019\u00e9l\u00e8ve qui n\u2019ont pas consenti \u00e0 l\u2019\u00e9tude automatique de leur droit \u00e0 bourse lors de l\u2019inscription ou de la r\u00e9inscription de leur enfant.<\/strong><\/p>\n\n\n\n<p>Dans ce cadre, <strong>diff\u00e9rentes ressources sont mises \u00e0 votre disposition<\/strong> :<\/p>\n\n\n\n<p><strong>A &#8211; des supports pour accompagner les familles<\/strong> :<\/p>\n\n\n\n<ul class=\"wp-block-list\">\n<li><strong><a href=\"https:\/\/eduscol.education.fr\/document\/66808\/download\">un flyer<\/a><\/strong>\u00a0: ce document d\u2019information d\u00e9crit les \u00e9l\u00e9ments indispensables pour faire la demande de bourse en ligne et les principales \u00e9tapes de la d\u00e9marche. Il rappelle l\u2019adresse internet du portail Scolarit\u00e9 services auquel il faut se connecter et met en avant la connexion via FranceConnect qui simplifie la d\u00e9marche des parents.<br><strong>Nouveaut\u00e9\u00a0<\/strong>: le flyer pr\u00e9cise \u00e9galement la possibilit\u00e9 offerte aux familles de <strong>suivre l\u2019\u00e9volution de leur dossier sur le portail Scolarit\u00e9 services.<\/strong><\/li>\n\n\n\n<li><strong>un tutoriel vid\u00e9o qui simule une demande de bourse en ligne<\/strong> apr\u00e8s connexion avec un compte Educonnect ou via FranceConnect\u00a0: cette vid\u00e9o est consultable sur le site minist\u00e9riel\u00a0<strong><a href=\"https:\/\/www.education.gouv.fr\/les-bourses-de-college-et-de-lycee-326728#demande_rentree\">https:\/\/www.education.gouv.fr\/les-bourses-de-college-et-de-lycee-326728<\/a>.<\/strong><\/li>\n\n\n\n<li><strong>un tutoriel vid\u00e9o de connexion au portail Scolarit\u00e9 Services<\/strong> avec un compte Educonnect ou FranceConnect\u00a0: consultable via le lien <strong><a href=\"https:\/\/www.education.gouv.fr\/le-portail-scolarite-services-326158\">https:\/\/www.education.gouv.fr\/le-portail-scolarite-services-326158<\/a>.<\/strong><\/li>\n\n\n\n<li><a href=\"https:\/\/eduscol.education.fr\/document\/66805\/download\"><strong>le guide \u00e0 destination des chefs d\u2019\u00e9tablissement et de leur \u00e9quipe pour l\u2019accompagnement des familles<\/strong><\/a> lors de leur demande de bourse en ligne.<\/li>\n<\/ul>\n\n\n\n<p><strong>Point d\u2019attention concernant les coll\u00e8ges publics&nbsp;<\/strong>: pour les familles qui ont donn\u00e9 ou confirm\u00e9 leur accord \u00e0 l\u2019examen automatique de leur droit \u00e0 bourse au moment de l\u2019inscription ou de la r\u00e9inscription de leur enfant, le lancement du traitement d\u2019\u00e9tude automatique sera possible \u00e0 compter du 1er septembre 2025, mais il est pr\u00e9conis\u00e9 d\u2019attendre la mi-septembre, le temps de s\u2019assurer de la stabilisation des dossiers des \u00e9l\u00e8ves.<\/p>\n","protected":false},"excerpt":{"rendered":"<p>Chers parents, Pour l\u2019ann\u00e9e scolaire 2025-2026, la campagne de bourse nationale d\u2019\u00e9tudes du second degr\u00e9 est ouverte du 1er septembre 2025 au 16 octobre 2025 inclus. Durant cette p\u00e9riode, la demande de bourse s\u2019effectuera via le service en ligne de demande de bourse ou via le formulaire Cerfa (t\u00e9l\u00e9chargeable en ligne sur le site du [&hellip;]<\/p>\n","protected":false},"author":30305,"featured_media":5303,"comment_status":"closed","ping_status":"closed","sticky":false,"template":"","format":"standard","meta":{"_et_pb_use_builder":"off","_et_pb_old_content":"","_et_gb_content_width":"","footnotes":""},"categories":[10],"tags":[],"class_list":["post-5452","post","type-post","status-publish","format-standard","has-post-thumbnail","hentry","category-actualites-du-college"],"_links":{"self":[{"href":"https:\/\/etab.ac-reunion.fr\/clg-jean-desme\/wp-json\/wp\/v2\/posts\/5452","targetHints":{"allow":["GET"]}}],"collection":[{"href":"https:\/\/etab.ac-reunion.fr\/clg-jean-desme\/wp-json\/wp\/v2\/posts"}],"about":[{"href":"https:\/\/etab.ac-reunion.fr\/clg-jean-desme\/wp-json\/wp\/v2\/types\/post"}],"author":[{"embeddable":true,"href":"https:\/\/etab.ac-reunion.fr\/clg-jean-desme\/wp-json\/wp\/v2\/users\/30305"}],"replies":[{"embeddable":true,"href":"https:\/\/etab.ac-reunion.fr\/clg-jean-desme\/wp-json\/wp\/v2\/comments?post=5452"}],"version-history":[{"count":1,"href":"https:\/\/etab.ac-reunion.fr\/clg-jean-desme\/wp-json\/wp\/v2\/posts\/5452\/revisions"}],"predecessor-version":[{"id":5453,"href":"https:\/\/etab.ac-reunion.fr\/clg-jean-desme\/wp-json\/wp\/v2\/posts\/5452\/revisions\/5453"}],"wp:featuredmedia":[{"embeddable":true,"href":"https:\/\/etab.ac-reunion.fr\/clg-jean-desme\/wp-json\/wp\/v2\/media\/5303"}],"wp:attachment":[{"href":"https:\/\/etab.ac-reunion.fr\/clg-jean-desme\/wp-json\/wp\/v2\/media?parent=5452"}],"wp:term":[{"taxonomy":"category","embeddable":true,"href":"https:\/\/etab.ac-reunion.fr\/clg-jean-desme\/wp-json\/wp\/v2\/categories?post=5452"},{"taxonomy":"post_tag","embeddable":true,"href":"https:\/\/etab.ac-reunion.fr\/clg-jean-desme\/wp-json\/wp\/v2\/tags?post=5452"}],"curies":[{"name":"wp","href":"https:\/\/api.w.org\/{rel}","templated":true}]}}